{"id":126703,"date":"2025-05-25T10:14:11","date_gmt":"2025-05-25T10:14:11","guid":{"rendered":"https:\/\/www.europesays.com\/fr\/126703\/"},"modified":"2025-05-25T10:14:11","modified_gmt":"2025-05-25T10:14:11","slug":"la-rue-saint-ferreol-a-marseille-artere-commercante-incontournable-du-centre-historique","status":"publish","type":"post","link":"https:\/\/www.europesays.com\/fr\/126703\/","title":{"rendered":"La rue Saint-Ferr\u00e9ol \u00e0 Marseille : art\u00e8re commer\u00e7ante incontournable du centre historique"},"content":{"rendered":"<p>Je viens encore de m\u2019aventurer dans cette art\u00e8re mythique du centre-ville, l\u00e0 o\u00f9 les Marseillais se pressent chaque week-end pour fl\u00e2ner et faire les boutiques. La rue Saint-Ferr\u00e9ol, que tous les locaux appellent affectueusement \u00ab\u00a0Rue St F\u00e9\u00a0\u00bb, repr\u00e9sente bien plus qu\u2019une simple zone commer\u00e7ante. C\u2019est un v\u00e9ritable lieu de vie, un poumon commercial qui bat au rythme des saisons et des tendances. Difficile de r\u00e9sister \u00e0 l\u2019appel des vitrines quand le mistral s\u2019est calm\u00e9 et que le soleil illumine les fa\u00e7ades!<\/p>\n<p>L\u2019emplacement strat\u00e9gique de la rue Saint-Ferr\u00e9ol<\/p>\n<p>La rue Saint-Ferr\u00e9ol s\u2019impose comme <strong>l\u2019\u00e9pine dorsale commerciale de Marseille<\/strong>. Situ\u00e9e \u00e0 moins de 500 m\u00e8tres du centre-ville, cette art\u00e8re pi\u00e9tonne b\u00e9n\u00e9ficie d\u2019une position en or qui la rend incontournable. Je m\u2019y rends souvent en m\u00e9tro, d\u00e9barquant soit \u00e0 la station Vieux Port, soit \u00e0 Noailles, toutes deux \u00e0 quelques minutes \u00e0 pied.<\/p>\n<p>L\u2019acc\u00e8s est un jeu d\u2019enfant gr\u00e2ce aux nombreuses options de transport:<\/p>\n<ul>\n<li>M\u00e9tro ligne 1 (stations Vieux Port ou Noailles)<\/li>\n<li>Tramway T2<\/li>\n<li>Bus ligne 55<\/li>\n<li>Stations de v\u00e9los en libre-service \u00e0 proximit\u00e9<\/li>\n<\/ul>\n<p>Cette position centrale te permet de combiner facilement <strong>shopping intensif et visite culturelle<\/strong>. D\u2019ailleurs, apr\u00e8s une session d\u2019achats, tu peux facilement rejoindre le Vieux Port pour prendre un verre face aux bateaux ou te diriger vers le <a href=\"https:\/\/www.newsofmarseille.com\/cinema-cesar-marseille-decouvrez-salle-mythique-centre-ville-experience-unique-0087462024.html\" target=\"_blank\" rel=\"noopener\">cin\u00e9ma C\u00e9sar<\/a>, cette salle mythique nich\u00e9e \u00e0 deux pas, pour te d\u00e9tendre devant un bon film d\u2019auteur.<\/p>\n<p>La rue Saint-Ferr\u00e9ol forme avec la rue de Rome et le Centre Bourse ce que les Marseillais appellent le Triangle d\u2019Or commercial. Cette configuration unique concentre l\u2019essentiel de l\u2019offre shopping du centre-ville sur une zone compacte et accessible.<\/p>\n<p>L\u2019exp\u00e9rience shopping \u00e0 la rue Saint-Ferr\u00e9ol<\/p>\n<p>Si tu cherches \u00e0 renouveler ta garde-robe, tu es au bon endroit! Je parcours r\u00e9guli\u00e8rement cette art\u00e8re anim\u00e9e et ses <strong>enseignes populaires attirent toujours les foules<\/strong>. Galeries Lafayette, ZARA, C\u00e9lio, H&amp;M\u2026 Tous les grands noms de la mode sont pr\u00e9sents, align\u00e9s sur cette voie pi\u00e9tonne o\u00f9 les Marseillais aiment se montrer.<\/p>\n<p>Le samedi apr\u00e8s-midi, l\u2019ambiance est \u00e9lectrique! La jeunesse marseillaise en fait son lieu de d\u00e9fil\u00e9 pr\u00e9f\u00e9r\u00e9. On s\u2019y croise, on s\u2019y montre, on y parade avec ses derniers achats \u2013 c\u2019est un peu notre version locale des Champs-\u00c9lys\u00e9es, avec l\u2019accent en plus!<\/p>\n<p>Ce qui fait aussi le charme de la rue, c\u2019est ce m\u00e9lange entre modernit\u00e9 des enseignes et patrimoine architectural pr\u00e9serv\u00e9. Dans certaines boutiques, tu pourras admirer:<\/p>\n<tr>\n\u00c9l\u00e9ments architecturaux<br \/>\nBoutiques notables<br \/>\n<\/tr>\n<tr>\n<td>Murs en pierres proven\u00e7ales<\/td>\n<td>Plusieurs enseignes de mode<\/td>\n<\/tr>\n<tr>\n<td>Plafonds en bois d\u2019origine<\/td>\n<td>Certaines bijouteries<\/td>\n<\/tr>\n<tr>\n<td>Style industriel revisit\u00e9<\/td>\n<td>Boutique Avril<\/td>\n<\/tr>\n<p>La boutique Avril m\u00e9rite une mention sp\u00e9ciale avec son design int\u00e9rieur soign\u00e9: table centrale en marbre, consoles avec miroirs\u2026 Un vrai plaisir pour les yeux apr\u00e8s avoir d\u00e9val\u00e9 la rue sous le soleil marseillais!<\/p>\n<p>Informations utiles pour ta visite<\/p>\n<p>Avant de te lancer \u00e0 l\u2019assaut de la rue Saint-Ferr\u00e9ol, quelques conseils pratiques que j\u2019ai appris \u00e0 mes d\u00e9pens. D\u2019abord, <strong>oublie les visites dominicales<\/strong> \u2013 la plupart des commerces sont ferm\u00e9s. Le meilleur moment reste la semaine ou le samedi, mais pr\u00e9pare-toi \u00e0 jouer des coudes pendant les soldes!<\/p>\n<p>Quand la faim te gagne apr\u00e8s des heures de shopping, tu trouveras ton bonheur au Columbus Caf\u00e9, situ\u00e9 au 73 de la rue. J\u2019y fais souvent une pause pour savourer un caf\u00e9 et un muffin bien m\u00e9rit\u00e9s. Pour les plus entreprenants qui cherchent \u00e0 s\u00e9journer au c\u0153ur de l\u2019action, la R\u00e9sidence Rivages Saint-Ferr\u00e9ol propose des appartements tout \u00e9quip\u00e9s.<\/p>\n<p>N\u2019oublie pas de faire un d\u00e9tour par les ruelles perpendiculaires o\u00f9 se cachent quelques p\u00e9pites comme Le P\u00e8re Blaize, une herboristerie qui existe depuis 1815! Ces petites \u00e9chapp\u00e9es te permettront de d\u00e9couvrir un Marseille plus authentique et traditionnel, loin de l\u2019effervescence des grandes enseignes.<\/p>\n<p>La rue Saint-Ferr\u00e9ol incarne parfaitement l\u2019\u00e2me commer\u00e7ante de Marseille, entre modernit\u00e9 et tradition. Alors la prochaine fois que tu passes par la cit\u00e9 phoc\u00e9enne, fais comme moi et laisse-toi porter par cette art\u00e8re vivante qui ne cesse de se r\u00e9inventer!<\/p>\n<p><img loading=\"lazy\" decoding=\"async\" width=\"150\" height=\"150\" src=\"data:image\/svg+xml,%3Csvg%20xmlns=\" http:=\"\" class=\"attachment-150x150 size-150x150\" alt=\"\" itemprop=\"image\" data-lazy- data-lazy- data-lazy-src=\"https:\/\/www.europesays.com\/fr\/wp-content\/uploads\/2025\/04\/img2-150x150.png\"\/><\/p>\n<p>Je suis Adrien, r\u00e9dacteur virtuel depuis quelques ann\u00e9es. J&rsquo;aime pouvoir partager avec vous les tendances Lifestyle sur le blog News Of Marseille. J&rsquo;esp\u00e8re que vous prendrez plaisir \u00e0 lire mes articles !<\/p>\n<p>Partagez l&rsquo;article ou suivez nous !<\/p>\n<p>\n\tNos images sont \u00e0 but illustratif et peuvent ne pas repr\u00e9senter la r\u00e9alit\u00e9<\/p>\n","protected":false},"excerpt":{"rendered":"Je viens encore de m\u2019aventurer dans cette art\u00e8re mythique du centre-ville, l\u00e0 o\u00f9 les Marseillais se pressent chaque&hellip;\n","protected":false},"author":2,"featured_media":126704,"comment_status":"","ping_status":"","sticky":false,"template":"","format":"standard","meta":{"footnotes":""},"categories":[2814],"tags":[25024,25025,1111,11,1777,674,1011,27,884,12,882,25,25026,25027],"class_list":{"0":"post-126703","1":"post","2":"type-post","3":"status-publish","4":"format-standard","5":"has-post-thumbnail","7":"category-marseille","8":"tag-acces-en-transport-en-commun","9":"tag-accueil-chaleureux","10":"tag-actu","11":"tag-actualites","12":"tag-eu","13":"tag-europe","14":"tag-fr","15":"tag-france","16":"tag-marseille","17":"tag-news","18":"tag-provence-alpes-cote-dazur","19":"tag-republique-francaise","20":"tag-shopping-urbain","21":"tag-vie-commercante"},"share_on_mastodon":{"url":"https:\/\/pubeurope.com\/@fr\/114567948870191067","error":""},"_links":{"self":[{"href":"https:\/\/www.europesays.com\/fr\/wp-json\/wp\/v2\/posts\/126703","targetHints":{"allow":["GET"]}}],"collection":[{"href":"https:\/\/www.europesays.com\/fr\/wp-json\/wp\/v2\/posts"}],"about":[{"href":"https:\/\/www.europesays.com\/fr\/wp-json\/wp\/v2\/types\/post"}],"author":[{"embeddable":true,"href":"https:\/\/www.europesays.com\/fr\/wp-json\/wp\/v2\/users\/2"}],"replies":[{"embeddable":true,"href":"https:\/\/www.europesays.com\/fr\/wp-json\/wp\/v2\/comments?post=126703"}],"version-history":[{"count":0,"href":"https:\/\/www.europesays.com\/fr\/wp-json\/wp\/v2\/posts\/126703\/revisions"}],"wp:featuredmedia":[{"embeddable":true,"href":"https:\/\/www.europesays.com\/fr\/wp-json\/wp\/v2\/media\/126704"}],"wp:attachment":[{"href":"https:\/\/www.europesays.com\/fr\/wp-json\/wp\/v2\/media?parent=126703"}],"wp:term":[{"taxonomy":"category","embeddable":true,"href":"https:\/\/www.europesays.com\/fr\/wp-json\/wp\/v2\/categories?post=126703"},{"taxonomy":"post_tag","embeddable":true,"href":"https:\/\/www.europesays.com\/fr\/wp-json\/wp\/v2\/tags?post=126703"}],"curies":[{"name":"wp","href":"https:\/\/api.w.org\/{rel}","templated":true}]}}