{"id":126707,"date":"2025-05-25T10:16:10","date_gmt":"2025-05-25T10:16:10","guid":{"rendered":"https:\/\/www.europesays.com\/fr\/126707\/"},"modified":"2025-05-25T10:16:10","modified_gmt":"2025-05-25T10:16:10","slug":"lyon-assignation-a-demeure-pour-kele-une-pression-injustifiee","status":"publish","type":"post","link":"https:\/\/www.europesays.com\/fr\/126707\/","title":{"rendered":"Lyon. Assignation \u00e0 demeure pour K\u00e9l\u00e9\u00a0: une \u00ab\u00a0pression injustifi\u00e9e\u00a0\u00bb"},"content":{"rendered":"<p>Keletigui Sylla, menac\u00e9 d\u2019expulsion alors qu\u2019il est en France depuis onze ans, risquait une assignation \u00e0 r\u00e9sidence.\u00a0Le couperet est tomb\u00e9 vendredi. Le <a href=\"https:\/\/www.soutenezkele.fr\/\" target=\"_blank\" rel=\"nofollow noopener\">Collectif de soutien \u00e0 K\u00e9l\u00e9<\/a> explique l\u2019\u00e9v\u00e8nement\u00a0: \u00ab\u00a0Ce matin, K\u00e9l\u00e9 s\u2019est pr\u00e9sent\u00e9 \u00e0 la pr\u00e9fecture, rue Pierre-Corneille, comme le lui demandait une convocation remise \u00e0 son domicile. Renvoy\u00e9 rue Moli\u00e8re o\u00f9 personne ne l\u2019attendait, il a attendu qu\u2019on vienne le chercher jusqu\u2019\u00e0 ce qu\u2019arrivent de la PAF (Police aux fronti\u00e8res) deux policiers charg\u00e9s de lui faire signer une assignation \u00e0 r\u00e9sidence.\u00a0\u00bb<\/p>\n<p>Malgr\u00e9 l\u2019avis favorable \u00e0 sa r\u00e9gularisation prononc\u00e9 par la commission de titre de s\u00e9jour en f\u00e9vrier\u00a02025, K\u00e9l\u00e9 s\u2019est vu, mi-avril dernier, pour la troisi\u00e8me fois, faire l\u2019objet d\u2019une <a href=\"https:\/\/www.leprogres.fr\/societe\/2023\/03\/06\/expulsion-des-etrangers-comment-la-justice-l-applique\" target=\"_blank\" rel=\"nofollow noopener\">Obligation de quitter le territoire fran\u00e7ais<\/a> (OQTF).<\/p>\n<p>Pour le collectif, \u00ab\u00a0la pression injustifi\u00e9e exerc\u00e9e contre K\u00e9l\u00e9 s\u2019accentue, alors m\u00eame qu\u2019il s\u2019est pli\u00e9 \u00e0 ses obligations de pointer une fois par semaine pendant un mois \u00e0 la PAF, il est maintenant assign\u00e9 \u00e0 r\u00e9sidence et doit pointer deux fois par semaine pendant 45 jours renouvelables, comme pour nombre d\u2019autres personnes sous OQTF.\u00a0\u00bb<\/p>\n<p>L\u2019avocat avait d\u00e9j\u00e0 d\u00e9pos\u00e9 un recours. \u00ab\u00a0L\u2019incertitude demeure quant \u00e0 la position que va adopter la pr\u00e9fecture en attendant l\u2019audience. Nous resterons vigilants\u00a0\u00bb, conclut le collectif.<\/p>\n","protected":false},"excerpt":{"rendered":"Keletigui Sylla, menac\u00e9 d\u2019expulsion alors qu\u2019il est en France depuis onze ans, risquait une assignation \u00e0 r\u00e9sidence.\u00a0Le couperet&hellip;\n","protected":false},"author":2,"featured_media":126708,"comment_status":"","ping_status":"","sticky":false,"template":"","format":"standard","meta":{"footnotes":""},"categories":[1889],"tags":[1111,11,2430,2757,1777,674,1011,27,2428,2756,12,316,25],"class_list":{"0":"post-126707","1":"post","2":"type-post","3":"status-publish","4":"format-standard","5":"has-post-thumbnail","7":"category-lyon","8":"tag-actu","9":"tag-actualites","10":"tag-auvergne-rhone-alpes","11":"tag-edition-lyon-villeurbanne","12":"tag-eu","13":"tag-europe","14":"tag-fr","15":"tag-france","16":"tag-lyon","17":"tag-lyon-bassin","18":"tag-news","19":"tag-politique","20":"tag-republique-francaise"},"share_on_mastodon":{"url":"https:\/\/pubeurope.com\/@fr\/114567956564992888","error":""},"_links":{"self":[{"href":"https:\/\/www.europesays.com\/fr\/wp-json\/wp\/v2\/posts\/126707","targetHints":{"allow":["GET"]}}],"collection":[{"href":"https:\/\/www.europesays.com\/fr\/wp-json\/wp\/v2\/posts"}],"about":[{"href":"https:\/\/www.europesays.com\/fr\/wp-json\/wp\/v2\/types\/post"}],"author":[{"embeddable":true,"href":"https:\/\/www.europesays.com\/fr\/wp-json\/wp\/v2\/users\/2"}],"replies":[{"embeddable":true,"href":"https:\/\/www.europesays.com\/fr\/wp-json\/wp\/v2\/comments?post=126707"}],"version-history":[{"count":0,"href":"https:\/\/www.europesays.com\/fr\/wp-json\/wp\/v2\/posts\/126707\/revisions"}],"wp:featuredmedia":[{"embeddable":true,"href":"https:\/\/www.europesays.com\/fr\/wp-json\/wp\/v2\/media\/126708"}],"wp:attachment":[{"href":"https:\/\/www.europesays.com\/fr\/wp-json\/wp\/v2\/media?parent=126707"}],"wp:term":[{"taxonomy":"category","embeddable":true,"href":"https:\/\/www.europesays.com\/fr\/wp-json\/wp\/v2\/categories?post=126707"},{"taxonomy":"post_tag","embeddable":true,"href":"https:\/\/www.europesays.com\/fr\/wp-json\/wp\/v2\/tags?post=126707"}],"curies":[{"name":"wp","href":"https:\/\/api.w.org\/{rel}","templated":true}]}}