{"id":126709,"date":"2025-05-25T10:18:07","date_gmt":"2025-05-25T10:18:07","guid":{"rendered":"https:\/\/www.europesays.com\/fr\/126709\/"},"modified":"2025-05-25T10:18:07","modified_gmt":"2025-05-25T10:18:07","slug":"ile-de-france-neuf-lignes-de-metro-sur-quatorze-perturbees-par-des-fermetures-cet-ete","status":"publish","type":"post","link":"https:\/\/www.europesays.com\/fr\/126709\/","title":{"rendered":"\u00cele-de-France\u00a0: neuf lignes de m\u00e9tro sur quatorze perturb\u00e9es par des fermetures cet \u00e9t\u00e9"},"content":{"rendered":"<p class=\"paragraph text_align_left\">Fini <a href=\"https:\/\/www.leparisien.fr\/jo-paris-2024\/jo-2024-a-paris-les-transports-en-commun-passent-en-mode-jeux-21-07-2024-PJTB2NOVDNA6ZF2VSDOCVUHIFE.php\" target=\"_self\" rel=\"nofollow noopener\">la tr\u00eave enchant\u00e9e des Jeux olympiques<\/a> ! Cet \u00e9t\u00e9, les usagers des transports en commun en \u00cele-de-France vont renouer avec les traditionnels chantiers men\u00e9s pendant les mois de juillet et ao\u00fbt. \u00ab Nous choisissons l\u2019\u00e9t\u00e9 car, \u00e0 cette p\u00e9riode, le trafic est moiti\u00e9 moindre \u00bb, rappelle Jean-Louis Houpert, le directeur de RATP Infrastructures.<\/p>\n<p class=\"paragraph text_align_left\">C\u2019est donc, si vous ne l\u2019avez pas d\u00e9j\u00e0 fait, le moment d\u2019ajuster vos cong\u00e9s estivaux pour \u00e9viter les p\u00e9riodes de fermetures qui risquent de compliquer vos trajets en r\u00e9gion parisienne.<\/p>\n","protected":false},"excerpt":{"rendered":"Fini la tr\u00eave enchant\u00e9e des Jeux olympiques ! Cet \u00e9t\u00e9, les usagers des transports en commun en \u00cele-de-France&hellip;\n","protected":false},"author":2,"featured_media":65786,"comment_status":"","ping_status":"","sticky":false,"template":"","format":"standard","meta":{"footnotes":""},"categories":[1592],"tags":[1111,11,1777,674,1011,27,662,1944,12,626,25,2382],"class_list":{"0":"post-126709","1":"post","2":"type-post","3":"status-publish","4":"format-standard","5":"has-post-thumbnail","7":"category-ile-de-france","8":"tag-actu","9":"tag-actualites","10":"tag-eu","11":"tag-europe","12":"tag-fr","13":"tag-france","14":"tag-ile-de-france","15":"tag-ma-ville","16":"tag-news","17":"tag-paris","18":"tag-republique-francaise","19":"tag-transport-idf-oise"},"share_on_mastodon":{"url":"https:\/\/pubeurope.com\/@fr\/114567964523214920","error":""},"_links":{"self":[{"href":"https:\/\/www.europesays.com\/fr\/wp-json\/wp\/v2\/posts\/126709","targetHints":{"allow":["GET"]}}],"collection":[{"href":"https:\/\/www.europesays.com\/fr\/wp-json\/wp\/v2\/posts"}],"about":[{"href":"https:\/\/www.europesays.com\/fr\/wp-json\/wp\/v2\/types\/post"}],"author":[{"embeddable":true,"href":"https:\/\/www.europesays.com\/fr\/wp-json\/wp\/v2\/users\/2"}],"replies":[{"embeddable":true,"href":"https:\/\/www.europesays.com\/fr\/wp-json\/wp\/v2\/comments?post=126709"}],"version-history":[{"count":0,"href":"https:\/\/www.europesays.com\/fr\/wp-json\/wp\/v2\/posts\/126709\/revisions"}],"wp:featuredmedia":[{"embeddable":true,"href":"https:\/\/www.europesays.com\/fr\/wp-json\/wp\/v2\/media\/65786"}],"wp:attachment":[{"href":"https:\/\/www.europesays.com\/fr\/wp-json\/wp\/v2\/media?parent=126709"}],"wp:term":[{"taxonomy":"category","embeddable":true,"href":"https:\/\/www.europesays.com\/fr\/wp-json\/wp\/v2\/categories?post=126709"},{"taxonomy":"post_tag","embeddable":true,"href":"https:\/\/www.europesays.com\/fr\/wp-json\/wp\/v2\/tags?post=126709"}],"curies":[{"name":"wp","href":"https:\/\/api.w.org\/{rel}","templated":true}]}}