{"id":126720,"date":"2025-05-25T10:24:10","date_gmt":"2025-05-25T10:24:10","guid":{"rendered":"https:\/\/www.europesays.com\/fr\/126720\/"},"modified":"2025-05-25T10:24:10","modified_gmt":"2025-05-25T10:24:10","slug":"guerre-en-ukraine-la-troisieme-partie-de-lechange-de-prisonniers-1-000-contre-1-000-a-eu-lieu","status":"publish","type":"post","link":"https:\/\/www.europesays.com\/fr\/126720\/","title":{"rendered":"Guerre en Ukraine : la troisi\u00e8me partie de l\u2019\u00e9change de prisonniers \u00ab\u00a01 000 contre 1 000\u00a0\u00bb a eu lieu"},"content":{"rendered":"<p><img decoding=\"async\" class=\"c-ad__placeholder__logo\" src=\"https:\/\/www.europesays.com\/fr\/wp-content\/uploads\/2025\/03\/logo-euronews-grey-6-180x22.svg.svg+xml\" width=\"180\" height=\"22\" alt=\"\" loading=\"lazy\"\/>PUBLICIT\u00c9<\/p>\n<p>L&rsquo;Ukraine et la Russie ont \u00e9chang\u00e9 303 prisonniers de guerre dimanche, lors de la troisi\u00e8me phase du plus grand \u00e9change entre les deux pays, depuis le d\u00e9but de l&rsquo;invasion russe \u00e0 grande \u00e9chelle en f\u00e9vrier 2022. L&rsquo;accord \u00ab\u00a01 000 pour 1 000\u00a0\u00bb avait \u00e9t\u00e9 conclu lors de pourparlers directs entre Kyiv et Moscou \u00e0 Istanbul, le 16 mai.<\/p>\n<p>Les deux parties avaient d\u00e9j\u00e0 lib\u00e9r\u00e9 307 prisonniers de guerre samedi, un jour apr\u00e8s la lib\u00e9ration de 390 combattants et civils lors de la premi\u00e8re phase, vendredi.<\/p>\n<p>L&rsquo;annonce de ce dernier \u00e9change a \u00e9t\u00e9 faite par le minist\u00e8re russe de la D\u00e9fense, dimanche matin. Une information confirm\u00e9e par le pr\u00e9sident ukrainien Volodymyr Zelensky un peu plus tard.<\/p>\n<p>Cet \u00e9change n&#8217;emp\u00eache toutefois pas la guerre de se poursuivre. L&rsquo;Ukraine a subi une nouvelle attaque a\u00e9rienne massive dimanche matin, qui a fait au moins 12 morts.<\/p>\n","protected":false},"excerpt":{"rendered":"PUBLICIT\u00c9 L&rsquo;Ukraine et la Russie ont \u00e9chang\u00e9 303 prisonniers de guerre dimanche, lors de la troisi\u00e8me phase du&hellip;\n","protected":false},"author":2,"featured_media":126721,"comment_status":"","ping_status":"","sticky":false,"template":"","format":"standard","meta":{"footnotes":""},"categories":[1590],"tags":[11,1777,674,3482,12,132,220],"class_list":{"0":"post-126720","1":"post","2":"type-post","3":"status-publish","4":"format-standard","5":"has-post-thumbnail","7":"category-ukraine","8":"tag-actualites","9":"tag-eu","10":"tag-europe","11":"tag-guerre-russie-ukraine","12":"tag-news","13":"tag-russie","14":"tag-ukraine"},"share_on_mastodon":{"url":"https:\/\/pubeurope.com\/@fr\/114567988095897527","error":""},"_links":{"self":[{"href":"https:\/\/www.europesays.com\/fr\/wp-json\/wp\/v2\/posts\/126720","targetHints":{"allow":["GET"]}}],"collection":[{"href":"https:\/\/www.europesays.com\/fr\/wp-json\/wp\/v2\/posts"}],"about":[{"href":"https:\/\/www.europesays.com\/fr\/wp-json\/wp\/v2\/types\/post"}],"author":[{"embeddable":true,"href":"https:\/\/www.europesays.com\/fr\/wp-json\/wp\/v2\/users\/2"}],"replies":[{"embeddable":true,"href":"https:\/\/www.europesays.com\/fr\/wp-json\/wp\/v2\/comments?post=126720"}],"version-history":[{"count":0,"href":"https:\/\/www.europesays.com\/fr\/wp-json\/wp\/v2\/posts\/126720\/revisions"}],"wp:featuredmedia":[{"embeddable":true,"href":"https:\/\/www.europesays.com\/fr\/wp-json\/wp\/v2\/media\/126721"}],"wp:attachment":[{"href":"https:\/\/www.europesays.com\/fr\/wp-json\/wp\/v2\/media?parent=126720"}],"wp:term":[{"taxonomy":"category","embeddable":true,"href":"https:\/\/www.europesays.com\/fr\/wp-json\/wp\/v2\/categories?post=126720"},{"taxonomy":"post_tag","embeddable":true,"href":"https:\/\/www.europesays.com\/fr\/wp-json\/wp\/v2\/tags?post=126720"}],"curies":[{"name":"wp","href":"https:\/\/api.w.org\/{rel}","templated":true}]}}