{"id":126722,"date":"2025-05-25T10:25:09","date_gmt":"2025-05-25T10:25:09","guid":{"rendered":"https:\/\/www.europesays.com\/fr\/126722\/"},"modified":"2025-05-25T10:25:09","modified_gmt":"2025-05-25T10:25:09","slug":"droits-de-douane-berlin-reclame-des-negociations-serieuses-avec-les-etats-unis","status":"publish","type":"post","link":"https:\/\/www.europesays.com\/fr\/126722\/","title":{"rendered":"Droits de douane: Berlin r\u00e9clame des \u00ab\u00a0n\u00e9gociations s\u00e9rieuses\u00a0\u00bb avec les \u00c9tats-Unis"},"content":{"rendered":"<p class=\"ap-StoryElement ap-StoryElement--mb ap-StoryText\">Consid\u00e9rant que les n\u00e9gociations commerciales en cours avec l&rsquo;Union europ\u00e9enne n&rsquo;allaient \u00ab\u00a0nulle part\u00a0\u00bb, le pr\u00e9sident am\u00e9ricain a annonc\u00e9 vendredi qu&rsquo;il ne \u00ab\u00a0cherchait pas d&rsquo;accord\u00a0\u00bb commercial, et menac\u00e9 de droits de <a href=\"https:\/\/www.lalibre.be\/economie\/2025\/05\/23\/trump-menace-dimposer-des-droits-de-douane-a-tous-les-fabricants-de-smartphones-XKHZO5JIPFCK3E5IILKMW76Z4E\/\" target=\"_blank\" rel=\"noopener\">douane<\/a> de 50% sur les importations en provenance des Vingt-Sept d\u00e8s le 1er juin, contre 10% aujourd&rsquo;hui.<\/p>\n<p class=\"ap-StoryElement ap-StoryElement--mb ap-StoryText\">Dans un entretien \u00e0 l&rsquo;\u00e9dition dominicale du quotidien populaire Bild, <a href=\"https:\/\/www.lalibre.be\/international\/europe\/2025\/05\/06\/qui-est-lars-klingbeil-vice-chancelier-ministre-des-finances-et-homme-fort-du-gouvernement-de-friedrich-merz-PDBVTUPUOFGPXEGAI6UEEV3QMU\/\" target=\"_blank\" rel=\"noopener\">M. Klingbeil<\/a> a affirm\u00e9: \u00ab\u00a0Nous n&rsquo;avons pas besoin d&rsquo;autres provocations, mais de n\u00e9gociations s\u00e9rieuses\u00a0\u00bb.<\/p>\n<p>Pour acc\u00e9der \u00e0 cet article, veuillez vous connecter au r\u00e9seau internet.<\/p>\n","protected":false},"excerpt":{"rendered":"Consid\u00e9rant que les n\u00e9gociations commerciales en cours avec l&rsquo;Union europ\u00e9enne n&rsquo;allaient \u00ab\u00a0nulle part\u00a0\u00bb, le pr\u00e9sident am\u00e9ricain a annonc\u00e9&hellip;\n","protected":false},"author":2,"featured_media":126723,"comment_status":"","ping_status":"","sticky":false,"template":"","format":"standard","meta":{"footnotes":""},"categories":[1589],"tags":[11,672,215,312,75,2822,33,73,1866,25028,10359,12,20018,1778,1864,1865,1863,308],"class_list":{"0":"post-126722","1":"post","2":"type-post","3":"status-publish","4":"format-standard","5":"has-post-thumbnail","7":"category-etats-unis","8":"tag-actualites","9":"tag-allemagne","10":"tag-commerce","11":"tag-diplomatie","12":"tag-donald-trump","13":"tag-douanes","14":"tag-economie","15":"tag-etats-unis","16":"tag-etats-unis-damerique","17":"tag-lars-klingbeil","18":"tag-maros-sefcovic","19":"tag-news","20":"tag-scott-bessent","21":"tag-ue","22":"tag-united-states","23":"tag-united-states-of-america","24":"tag-us","25":"tag-usa"},"share_on_mastodon":{"url":"https:\/\/pubeurope.com\/@fr\/114567991998062125","error":""},"_links":{"self":[{"href":"https:\/\/www.europesays.com\/fr\/wp-json\/wp\/v2\/posts\/126722","targetHints":{"allow":["GET"]}}],"collection":[{"href":"https:\/\/www.europesays.com\/fr\/wp-json\/wp\/v2\/posts"}],"about":[{"href":"https:\/\/www.europesays.com\/fr\/wp-json\/wp\/v2\/types\/post"}],"author":[{"embeddable":true,"href":"https:\/\/www.europesays.com\/fr\/wp-json\/wp\/v2\/users\/2"}],"replies":[{"embeddable":true,"href":"https:\/\/www.europesays.com\/fr\/wp-json\/wp\/v2\/comments?post=126722"}],"version-history":[{"count":0,"href":"https:\/\/www.europesays.com\/fr\/wp-json\/wp\/v2\/posts\/126722\/revisions"}],"wp:featuredmedia":[{"embeddable":true,"href":"https:\/\/www.europesays.com\/fr\/wp-json\/wp\/v2\/media\/126723"}],"wp:attachment":[{"href":"https:\/\/www.europesays.com\/fr\/wp-json\/wp\/v2\/media?parent=126722"}],"wp:term":[{"taxonomy":"category","embeddable":true,"href":"https:\/\/www.europesays.com\/fr\/wp-json\/wp\/v2\/categories?post=126722"},{"taxonomy":"post_tag","embeddable":true,"href":"https:\/\/www.europesays.com\/fr\/wp-json\/wp\/v2\/tags?post=126722"}],"curies":[{"name":"wp","href":"https:\/\/api.w.org\/{rel}","templated":true}]}}