{"id":126726,"date":"2025-05-25T10:27:09","date_gmt":"2025-05-25T10:27:09","guid":{"rendered":"https:\/\/www.europesays.com\/fr\/126726\/"},"modified":"2025-05-25T10:27:09","modified_gmt":"2025-05-25T10:27:09","slug":"lallemagne-reclame-des-negociations-serieuses","status":"publish","type":"post","link":"https:\/\/www.europesays.com\/fr\/126726\/","title":{"rendered":"l&rsquo;Allemagne r\u00e9clame des \u00ab\u00a0n\u00e9gociations s\u00e9rieuses\u00a0\u00bb"},"content":{"rendered":"<p>Face aux menace de Donald Trump d&rsquo;imposer des droits de douane de 50% sur les importations en provenance de l&rsquo;Union europ\u00e9enne, l&rsquo;Allemagne hausse le ton. \u00ab\u00a0Nous n&rsquo;avons pas besoin d&rsquo;autres provocations, mais de n\u00e9gociations s\u00e9rieuses\u00a0\u00bb a d\u00e9clar\u00e9 Lars Klingbeil, ministre allemand des Finances, dans un entretien \u00e0 l&rsquo;\u00e9dition dominicale du quotidien populaire Bild.<\/p>\n<p>\u00ab\u00a0Les droits de douane am\u00e9ricains mettent en danger l&rsquo;\u00e9conomie am\u00e9ricaine tout autant que l&rsquo;\u00e9conomie allemande et europ\u00e9enne\u00a0\u00bb,a affirm\u00e9 le ministre, pr\u00e9cisant qu&rsquo;il avait \u00e9voqu\u00e9 cette question avec son homologue am\u00e9ricain Scott Bessent.<\/p>\n<p>L&rsquo;Union europ\u00e9enne travaille de \u00ab\u00a0bonne foi\u00a0\u00bb pour obtenir un accord commercial avec les Etats-Unis fond\u00e9 sur le \u00ab\u00a0respect\u00a0\u00bb et non sur les \u00ab\u00a0menaces\u00a0\u00bb, avait r\u00e9torqu\u00e9 vendredi le commissaire europ\u00e9en au Commerce Maros Sefcovic. L&rsquo;UE est \u00ab\u00a0pleinement engag\u00e9e et d\u00e9termin\u00e9e \u00e0 obtenir un accord qui fonctionne pour les deux parties\u00a0\u00bb, avait-il \u00e9galement assur\u00e9.\u00a0\u00ab\u00a0Nous, en tant qu&rsquo;Europ\u00e9ens, sommes unis et d\u00e9termin\u00e9s \u00e0 repr\u00e9senter nos int\u00e9r\u00eats\u00a0\u00bb, a aussi d\u00e9clar\u00e9 \u00e0 Bild le ministre allemand, r\u00e9it\u00e9rant le soutien de l&rsquo;Allemagne \u00e0 l&rsquo;UE pour mener les discussions avec les \u00c9tats-Unis.<\/p>\n<p>La France craint une\u00a0situation\u00a0\u00abintenable\u00bb<\/p>\n<p>De son c\u00f4t\u00e9, la France craint une situation \u00ab intenable \u00bb sur les principales fili\u00e8res d&rsquo;exportation vers les Etats-Unis \u00e0 l&rsquo;instar du vin ou des cosm\u00e9tiques. \u00ab Pour certaines de nos fili\u00e8res, comme les vins et spiritueux, les cosm\u00e9tiques, l&rsquo;a\u00e9ronautique et toutes celles de r\u00e9ussite \u00e0 l&rsquo;export, cela d\u00e9boucherait sur une situation absolument intenable sur le long terme \u00bb a dit le ministre d\u00e9l\u00e9gu\u00e9 au Commerce ext\u00e9rieur Laurent Saint-Martin dans une <a href=\"https:\/\/www.latribune.fr\/la-tribune-dimanche\/dans-le-monde\/laurent-saint-martin-ministre-delegue-au-commerce-exterieur-l-europe-ce-n-est-pas-le-far-west-1025820.html\" target=\"_blank\" rel=\"noopener\">interview au journal La Tribune dimanche<\/a>, en ligne samedi.<\/p>\n<p>\u00ab Tout est sur la table \u00bb en mati\u00e8re de potentielle r\u00e9ponse europ\u00e9enne \u00e0 Trump, a \u00e9galement dit\u00a0le ministre\u00a0Nous ne partageons pas tous le m\u00eame avis sur les niveaux de r\u00e9ponse \u00e0 apporter. \u00ab Il y a des nuances qui d\u00e9pendent des vuln\u00e9rabilit\u00e9s, des sensibilit\u00e9s, du rapport aux fili\u00e8res de chaque Etat-membre, \u00bba-t-il aussi dit.<\/p>\n<p>Les exportations fran\u00e7aises vers les \u00c9tats-Unis ont \u00e9t\u00e9 port\u00e9es en 2024 par l&rsquo;a\u00e9ronautique (9,1 milliards d&rsquo;euros, soit 18,8% du total), les boissons (4,1\u00a0milliards d&rsquo;euros, 8,4%) et les produits pharmaceutiques (3,8 milliards d&rsquo;euros, 7,9%), d&rsquo;apr\u00e8s les chiffres du minist\u00e8re fran\u00e7ais de l&rsquo;Economie. Plus largement, les Etats-Unis exportent notamment vers l&rsquo;UE\u00a0des logiciels et des services de communication, l\u00e0 o\u00f9 l&rsquo;Europe leur vend surtout des automobiles, des machines-outils et des \u00e9quipements de transport.<\/p>\n","protected":false},"excerpt":{"rendered":"Face aux menace de Donald Trump d&rsquo;imposer des droits de douane de 50% sur les importations en provenance&hellip;\n","protected":false},"author":2,"featured_media":126727,"comment_status":"","ping_status":"","sticky":false,"template":"","format":"standard","meta":{"footnotes":""},"categories":[1587],"tags":[17,11,672,1804,1805,154,1803,981,2483,33,1777,674,1801,3442,6644,12,25029,1802,25030],"class_list":{"0":"post-126726","1":"post","2":"type-post","3":"status-publish","4":"format-standard","5":"has-post-thumbnail","7":"category-allemagne","8":"tag-17","9":"tag-actualites","10":"tag-allemagne","11":"tag-bundesrepublik-deutschland","12":"tag-de","13":"tag-des","14":"tag-deutschland","15":"tag-douane","16":"tag-droits","17":"tag-economie","18":"tag-eu","19":"tag-europe","20":"tag-germany","21":"tag-lallemagne","22":"tag-negociations","23":"tag-news","24":"tag-reclame","25":"tag-republique-federale-dallemagne","26":"tag-serieuses"},"share_on_mastodon":{"url":"https:\/\/pubeurope.com\/@fr\/114567999870301185","error":""},"_links":{"self":[{"href":"https:\/\/www.europesays.com\/fr\/wp-json\/wp\/v2\/posts\/126726","targetHints":{"allow":["GET"]}}],"collection":[{"href":"https:\/\/www.europesays.com\/fr\/wp-json\/wp\/v2\/posts"}],"about":[{"href":"https:\/\/www.europesays.com\/fr\/wp-json\/wp\/v2\/types\/post"}],"author":[{"embeddable":true,"href":"https:\/\/www.europesays.com\/fr\/wp-json\/wp\/v2\/users\/2"}],"replies":[{"embeddable":true,"href":"https:\/\/www.europesays.com\/fr\/wp-json\/wp\/v2\/comments?post=126726"}],"version-history":[{"count":0,"href":"https:\/\/www.europesays.com\/fr\/wp-json\/wp\/v2\/posts\/126726\/revisions"}],"wp:featuredmedia":[{"embeddable":true,"href":"https:\/\/www.europesays.com\/fr\/wp-json\/wp\/v2\/media\/126727"}],"wp:attachment":[{"href":"https:\/\/www.europesays.com\/fr\/wp-json\/wp\/v2\/media?parent=126726"}],"wp:term":[{"taxonomy":"category","embeddable":true,"href":"https:\/\/www.europesays.com\/fr\/wp-json\/wp\/v2\/categories?post=126726"},{"taxonomy":"post_tag","embeddable":true,"href":"https:\/\/www.europesays.com\/fr\/wp-json\/wp\/v2\/tags?post=126726"}],"curies":[{"name":"wp","href":"https:\/\/api.w.org\/{rel}","templated":true}]}}