{"id":126737,"date":"2025-05-25T10:35:11","date_gmt":"2025-05-25T10:35:11","guid":{"rendered":"https:\/\/www.europesays.com\/fr\/126737\/"},"modified":"2025-05-25T10:35:11","modified_gmt":"2025-05-25T10:35:11","slug":"top-14-en-video-le-vibrant-hommage-a-josaia-raisuqe-lors-de-castres-clermont-le-figaro","status":"publish","type":"post","link":"https:\/\/www.europesays.com\/fr\/126737\/","title":{"rendered":"Top 14 : en vid\u00e9o, le vibrant hommage \u00e0 Josaia Raisuqe lors de Castres-Clermont &#8211; Le Figaro"},"content":{"rendered":"<ol>\n<li><a href=\"https:\/\/news.google.com\/rss\/articles\/CBMizwFBVV95cUxPblc3TjhDMWpVV19hVElFVU5TMDlESVlDZTllYUR5TmZ2UklLWWZYczhIaFFhaEpIcTRlQzkzN0lwNzVEQm4tdUc4QU9aV0xIcHl4NVlDZ3JVWXhmOGdSb3UtSV9tc2VFR3VqZm5wT0h6RDdJeHUyQnRwTjhaejg2Q191NWJlQlpEdWk4YjlDOXI4MHdwYUdHSmRBV1RlYWRVSlNEQWtsUm9mWHQxVWl5SjlsY2xWc2dCRnBWYXBFS1ZyTTgxRGZUQ24wdzBaYVk?oc=5\" target=\"_blank\" rel=\"noopener\">Top 14 : en vid\u00e9o, le vibrant hommage \u00e0 Josaia Raisuqe lors de Castres-Clermont<\/a>&nbsp;&nbsp;Le Figaro<\/li>\n<li><a href=\"https:\/\/news.google.com\/rss\/articles\/CBMixAFBVV95cUxPRTlHS1FNYUJaa3Rwb3o2aHk4QmVzdEx2WklDTkgwRGg1ZXpKR0FoZ1lxTzA4dXluVW9uYUZab3dzZjF4TFpCUjd0WWowX3Y2U1Z4dUtPTVNDR3FTQjlhNFhTVndpSkd6eFJ2WXBpUEctQ25QazlmVDRNMW1oSV9IV213bjd0dHlzdUpFODJmNlJVaFVtRnJTUWdYcV9QRzVNU3Z4dFlud3JZOEpqM09IUUVKdkFFRXJCSGJKRDlOUTlWNWlr0gHDAUFVX3lxTE4yeE5ORkhCRTNpdllCSzVzekNEa3hqWTllMGFpZ0NfRmhkTzZrSUxwQ05OWmx4RzJTVjVIZEsxUzNqSUxwLXBKSldKRDl1dDV2NWRBZ1U0ZkMxYVVZcXRRb1RXQmpENG04V3FXaEF4RkdrWkF1bktPVmdzR3ZfSlQwVkxFa2dwakxudEJYLXhWdlVmMWdmb3I4Ml8wV1ZmWTlWSTVHUElMcmVGVFhncF9qRjZJSFlpNWwtdTY5X0kyNV9LTQ?oc=5\" target=\"_blank\" rel=\"noopener\">Top 14 (J23) : Castres signe une courte victoire contre Clermont<\/a>&nbsp;&nbsp;Orange Actualit\u00e9s | Sports<\/li>\n<li><a href=\"https:\/\/news.google.com\/rss\/articles\/CBMixAFBVV95cUxONU95XzNkSGFNRjlfYTMwWTdHNnRULTA3WVd5WElYNGwyNGprSVphWGJ2Q0tnM3I5eFNRaU51X3RCZWVQX1dmUGNTVmw1N2RQeFYtUzhDaDExYVZ1VkEzVVlURXFDN0M3QVVRVEg5WVJKUklFeWUtakpOMk1fMmo1NUVmVnlReGhROHVDT002LTRXUy1lRW94WV9ld3I0OHNMSnBCeEk0ZUhhNW1pU2xESlJPN2ZGMXV1N2dXNEJDODVyZmxo?oc=5\" target=\"_blank\" rel=\"noopener\">Top 14 \u2013 Santiago Arata (Castres) : \u00ab\u00a0Je n\u2019ai jamais eu peur que le match nous \u00e9chappe\u00a0\u00bb<\/a>&nbsp;&nbsp;Rugbyrama<\/li>\n<li><a href=\"https:\/\/news.google.com\/rss\/articles\/CBMikgJBVV95cUxPMTlxWmlvOVZrckF1ZHk0QVZyQzNfdXZrUWIwTnJOOUtKVmNiSFh2UU8zVHB2V0FMaUEyZXhNQ1RaRldmWVhjUHc0R0Vrb3o2ckVtWDE0cmlxbmRzWFk5WTRiTVdIaTg1NUhyNEZJMzZvVllab0lsNHF0S3R5TWVXZ0lGSFcwRjhRdU5WeVNyZ0VwcF9BbDI5SGxLX2NMbVgtcXdLblhaU0RoWXpNUWNyU2xqRGlDbzRpaDhjQ3NDdXhVS0sxSWpKSTJ5SGFDRWV5eUJ4VzcyQldsRmJFb0NCM3EzcEExZ3oxQVNYem85NUp6T000aG9BSUJpWmpVT0F1dEMtYWhLeC1CN0Y0SWtyOGp3?oc=5\" target=\"_blank\" rel=\"noopener\">\u00ab\u00a0La premi\u00e8re mi-temps n&rsquo;est pas acceptable\u00a0\u00bb : la r\u00e9action de Christophe Urios apr\u00e8s la d\u00e9faite de l&rsquo;ASM Clermont \u00e0 Castres<\/a>&nbsp;&nbsp;La Montagne<\/li>\n<li><a href=\"https:\/\/news.google.com\/rss\/articles\/CBMi0wFBVV95cUxNaGpfSjR1LWc5cjQzTHdPUk1kRkwtZE1sWUVGTThiNmxTQkJZWU85dTlzSFZEUW9la1lPbXJaYzFPZURCS3VtdFFfY0VjUnR6bktZelVnaHJYRzFwSm5KZkwtVGtSaDlQZVVqRG5aMUN1NVdPRUI0M3hRQWpwbXFKWjhVQXZoQ2tXOXdVSm1INUZFNU1xMVdiX3FRZzhDdUlkcEg1X0pSMk11WVg0RE5VY0F6MTlYVXlMbmNxaF9oOWhPNEszQ0VrTnBRT3Q1eVYzTnI4?oc=5\" target=\"_blank\" rel=\"noopener\">Le vibrant hommage \u00e0 Josaia Raisuqe apr\u00e8s la rencontre entre Castres et Clermont en vid\u00e9o<\/a>&nbsp;&nbsp;L&rsquo;\u00c9quipe<\/li>\n<\/ol>\n","protected":false},"excerpt":{"rendered":"Top 14 : en vid\u00e9o, le vibrant hommage \u00e0 Josaia Raisuqe lors de Castres-Clermont&nbsp;&nbsp;Le Figaro Top 14 (J23)&hellip;\n","protected":false},"author":2,"featured_media":126738,"comment_status":"","ping_status":"","sticky":false,"template":"","format":"standard","meta":{"footnotes":""},"categories":[1416],"tags":[525,7336,4590,1981,2313,814,1011,27,955,4589,2311,1980,479,1468,2259,60,478,2310,2312],"class_list":{"0":"post-126737","1":"post","2":"type-post","3":"status-publish","4":"format-standard","5":"has-post-thumbnail","7":"category-rugby","8":"tag-calendrier","9":"tag-castres-olympique","10":"tag-championnat-france","11":"tag-classement","12":"tag-clermont","13":"tag-direct","14":"tag-fr","15":"tag-france","16":"tag-match","17":"tag-phase-finale","18":"tag-racing","19":"tag-resultats","20":"tag-rugby","21":"tag-rugby-football","22":"tag-score","23":"tag-sports","24":"tag-top-14","25":"tag-toulon","26":"tag-toulouse"},"share_on_mastodon":{"url":"https:\/\/pubeurope.com\/@fr\/114568031322162623","error":""},"_links":{"self":[{"href":"https:\/\/www.europesays.com\/fr\/wp-json\/wp\/v2\/posts\/126737","targetHints":{"allow":["GET"]}}],"collection":[{"href":"https:\/\/www.europesays.com\/fr\/wp-json\/wp\/v2\/posts"}],"about":[{"href":"https:\/\/www.europesays.com\/fr\/wp-json\/wp\/v2\/types\/post"}],"author":[{"embeddable":true,"href":"https:\/\/www.europesays.com\/fr\/wp-json\/wp\/v2\/users\/2"}],"replies":[{"embeddable":true,"href":"https:\/\/www.europesays.com\/fr\/wp-json\/wp\/v2\/comments?post=126737"}],"version-history":[{"count":0,"href":"https:\/\/www.europesays.com\/fr\/wp-json\/wp\/v2\/posts\/126737\/revisions"}],"wp:featuredmedia":[{"embeddable":true,"href":"https:\/\/www.europesays.com\/fr\/wp-json\/wp\/v2\/media\/126738"}],"wp:attachment":[{"href":"https:\/\/www.europesays.com\/fr\/wp-json\/wp\/v2\/media?parent=126737"}],"wp:term":[{"taxonomy":"category","embeddable":true,"href":"https:\/\/www.europesays.com\/fr\/wp-json\/wp\/v2\/categories?post=126737"},{"taxonomy":"post_tag","embeddable":true,"href":"https:\/\/www.europesays.com\/fr\/wp-json\/wp\/v2\/tags?post=126737"}],"curies":[{"name":"wp","href":"https:\/\/api.w.org\/{rel}","templated":true}]}}