{"id":126745,"date":"2025-05-25T10:40:08","date_gmt":"2025-05-25T10:40:08","guid":{"rendered":"https:\/\/www.europesays.com\/fr\/126745\/"},"modified":"2025-05-25T10:40:08","modified_gmt":"2025-05-25T10:40:08","slug":"pourquoi-en-passant-par-la-rue-lepic-le-tour-de-france-aura-une-dette-envers-napoleon","status":"publish","type":"post","link":"https:\/\/www.europesays.com\/fr\/126745\/","title":{"rendered":"Pourquoi en passant par la rue Lepic, le Tour de France aura une dette envers Napol\u00e9on"},"content":{"rendered":"<p>Elle a connu une r\u00e9surrection aussi spectaculaire qu&rsquo;inattendue. Pour cela, il a suffi d&rsquo;une \u00e9preuve cycliste. Mise au programme des JO de Paris, favoris\u00e9e par une attaque d\u00e9cisive de Remco Evenepoel, la rue Lepic est devenue le dernier col \u00e0 la mode, transformant Montmartre en montagne des Alpes.<\/p>\n<p>Paris s&rsquo;est trouv\u00e9 ainsi un nouvel embl\u00e8me populaire et sportif qui a voyag\u00e9 urbi et orbi. Car aucune op\u00e9ration publicitaire n&rsquo;aurait fait mieux que les images de ses pentes envahies par une foule en d\u00e9lire.<\/p>\n<p>Napol\u00e9on contrari\u00e9 dans son trajet<\/p>\n<p>Pendant quelques heures, le sport aidant, on a ressuscit\u00e9, au pied de Montmartre, la ferveur d&rsquo;un pass\u00e9 o\u00f9 peintres (Van Gogh), chansonniers (Jean-Baptiste Cl\u00e9ment, Jehan Rictus) et \u00e9crivains (C\u00e9line) habitaient la rue domin\u00e9e par le c\u00e9l\u00e8bre moulin de la Galette. Et ce n&rsquo;est pas fini, puisque le prochain Tour de France a d\u00e9cid\u00e9 d&rsquo;y repasser pour sa derni\u00e8re \u00e9tape \u00e0 qui elle redonnera du suspense. La promesse de nouvelles images m\u00e9morables, qui vont d\u00e9finitivement ancrer Paris dans la l\u00e9gende du Tour, au-del\u00e0 des simples Champs-\u00c9lys\u00e9es. La rue Lepic, c&rsquo;est d\u00e9sormais la montagne qui s&rsquo;invite \u00e0 Paris, l&rsquo;Alpe d&rsquo;Huez \u2013 ou la Planche des Belles-Filles \u2013 \u00e0 Montmartre, le dernier plat de r\u00e9sistance avant le sprint final.<\/p>\n<p>\u00c0 LIRE AUSSI <strong class=\"strong\"><a href=\"https:\/\/www.lepoint.fr\/histoire\/qui-etait-jules-joffrin-qui-donna-son-nom-a-une-celebre-place-parisienne-18-05-2025-2589815_1615.php\" rel=\"nofollow noopener\" target=\"_blank\" data-ylk=\"slk:Qui \u00e9tait Jules\u00a0Joffrin qui donna son nom \u00e0 une c\u00e9l\u00e8bre place parisienne\u00a0?;elm:context_link;itc:0;sec:content-canvas\" class=\"link \">Qui \u00e9tait Jules\u00a0Joffrin qui donna son nom \u00e0 une c\u00e9l\u00e8bre place parisienne\u00a0?<\/a><\/strong> Les admirateurs de Napol\u00e9on seront sans doute ravis d&rsquo;apprendre que l&rsquo;on doit cette rue \u00e0 leur h\u00e9ros. L&rsquo;histoire est belle, un peu [&#8230;] <a href=\"https:\/\/www.lepoint.fr\/histoire\/pourquoi-en-passant-par-la-rue-lepic-le-tour-de-france-aura-une-dette-envers-napoleon-25-05-2025-2590458_1615.php\" rel=\"nofollow noopener\" target=\"_blank\" data-ylk=\"slk:Lire la suite;elm:context_link;itc:0;sec:content-canvas\" class=\"link \">Lire la suite<\/a><\/p>\n","protected":false},"excerpt":{"rendered":"Elle a connu une r\u00e9surrection aussi spectaculaire qu&rsquo;inattendue. Pour cela, il a suffi d&rsquo;une \u00e9preuve cycliste. Mise au&hellip;\n","protected":false},"author":2,"featured_media":126746,"comment_status":"","ping_status":"","sticky":false,"template":"","format":"standard","meta":{"footnotes":""},"categories":[1411],"tags":[1154,207,1011,27,25032,25033,11697,25031,60],"class_list":{"0":"post-126745","1":"post","2":"type-post","3":"status-publish","4":"format-standard","5":"has-post-thumbnail","7":"category-cyclisme","8":"tag-cycling","9":"tag-cyclisme","10":"tag-fr","11":"tag-france","12":"tag-jean-baptiste-clement","13":"tag-operation-publicitaire","14":"tag-remco-evenepoel","15":"tag-rue-lepic","16":"tag-sports"},"share_on_mastodon":{"url":"https:\/\/pubeurope.com\/@fr\/114568050977293828","error":""},"_links":{"self":[{"href":"https:\/\/www.europesays.com\/fr\/wp-json\/wp\/v2\/posts\/126745","targetHints":{"allow":["GET"]}}],"collection":[{"href":"https:\/\/www.europesays.com\/fr\/wp-json\/wp\/v2\/posts"}],"about":[{"href":"https:\/\/www.europesays.com\/fr\/wp-json\/wp\/v2\/types\/post"}],"author":[{"embeddable":true,"href":"https:\/\/www.europesays.com\/fr\/wp-json\/wp\/v2\/users\/2"}],"replies":[{"embeddable":true,"href":"https:\/\/www.europesays.com\/fr\/wp-json\/wp\/v2\/comments?post=126745"}],"version-history":[{"count":0,"href":"https:\/\/www.europesays.com\/fr\/wp-json\/wp\/v2\/posts\/126745\/revisions"}],"wp:featuredmedia":[{"embeddable":true,"href":"https:\/\/www.europesays.com\/fr\/wp-json\/wp\/v2\/media\/126746"}],"wp:attachment":[{"href":"https:\/\/www.europesays.com\/fr\/wp-json\/wp\/v2\/media?parent=126745"}],"wp:term":[{"taxonomy":"category","embeddable":true,"href":"https:\/\/www.europesays.com\/fr\/wp-json\/wp\/v2\/categories?post=126745"},{"taxonomy":"post_tag","embeddable":true,"href":"https:\/\/www.europesays.com\/fr\/wp-json\/wp\/v2\/tags?post=126745"}],"curies":[{"name":"wp","href":"https:\/\/api.w.org\/{rel}","templated":true}]}}