{"id":126749,"date":"2025-05-25T10:42:09","date_gmt":"2025-05-25T10:42:09","guid":{"rendered":"https:\/\/www.europesays.com\/fr\/126749\/"},"modified":"2025-05-25T10:42:09","modified_gmt":"2025-05-25T10:42:09","slug":"liberez-du-temps-pour-les-gwers-un-spectateur-de-mustapha-el-atrassi-quitte-son-spectacle-se-sentant-insulte","status":"publish","type":"post","link":"https:\/\/www.europesays.com\/fr\/126749\/","title":{"rendered":"\u00ab\u00a0Lib\u00e9rez du temps pour les gwers\u00a0\u00bb : un spectateur de Mustapha El Atrassi quitte son spectacle se sentant insult\u00e9"},"content":{"rendered":"<p>      R\u00e9sum\u00e9<\/p>\n<p>Mustapha El Atrassi a provoqu\u00e9 la controverse lors de son spectacle en utilisant un terme p\u00e9joratif visant les blancs, ce qui a conduit un spectateur \u00e0 quitter la salle.<\/p>\n<p>        Sommaire<\/p>\n<p>Depuis quelques ann\u00e9es, <strong>Mustapha El Atrassi<\/strong> est moins pr\u00e9sent dans les m\u00e9dias. <a href=\"https:\/\/vsd.fr\/15893-tokio-hotel-chez-mustapha-el-atrassi\/\" rel=\"nofollow noopener\" target=\"_blank\">Rep\u00e9r\u00e9 au milieu des ann\u00e9es 2000<\/a> par Laurent Ruquier, il a connu le succ\u00e8s dans nombreuses des \u00e9missions de l&rsquo;animateur : On va s&rsquo;g\u00eaner, On a tout essay\u00e9, On n&rsquo;a pas tout dit et On n&rsquo;est pas couch\u00e9. En plein succ\u00e8s, il quitte Laurent Ruquier pour Thierry Ardisson, et rejoint Salut les terriens sur Canal+. <strong>Il est ensuite choisi par NRJ pour co-piloter la matinale<\/strong> aux c\u00f4t\u00e9s de Florian Gazan et Nikos Aliagas entre 2006 et 2009.<\/p>\n<p>Mais depuis quelques ann\u00e9es, <a href=\"https:\/\/www.public.fr\/mustapha-el-atrassi-lex-danne-elisabeth-lemoine-et-ancien-collaborateur-de-laurent-ruquier-revient-transforme-physiquement\" rel=\"nofollow noopener\" target=\"_blank\">Mustapha El Atrassi se fait plus discret<\/a>. <a href=\"https:\/\/www.public.fr\/anne-elisabeth-lemoine-son-ex-mustafa-el-atrassi-bousille-de-l-interieur-il-fait-une-tres-triste-annonce\" rel=\"nofollow noopener\" target=\"_blank\">Attaqu\u00e9 en justice<\/a><strong> par son ex-compagne Anne-\u00c9lisabeth Lemoine<\/strong> <strong>pour \u00ab\u00a0coups et blessures\u00a0\u00bb<\/strong>, l&rsquo;humoriste adepte du stand-up continue n\u00e9anmoins \u00e0 remplir des salles. Il y a quelques jours, le quadrag\u00e9naire donnait un nouveau seul en sc\u00e8ne, face \u00e0 des centaines de spectateurs. Probl\u00e8me : <strong>une insulte envers les blancs<\/strong> prof\u00e9r\u00e9e par Mustapha El Atrassi a provoqu\u00e9 un toll\u00e9, tant sur place que sur les r\u00e9seaux sociaux&#8230;<\/p>\n<p>Melha Bedia avait elle aussi fait pol\u00e9mique<\/p>\n<p>En effet, <a href=\"https:\/\/www.public.fr\/melha-bedia-accusee-de-racisme-apres-une-declaration-dans-liars-club\" rel=\"nofollow noopener\" target=\"_blank\">comme Melha Bedia il y a quelques mois<\/a>, Mustapha El Atrassi a attaqu\u00e9 les \u00ab\u00a0gwers\u00a0\u00bb. Ce terme p\u00e9joratif est utilis\u00e9 par les musulmans pour <strong>d\u00e9signer les blancs occidentaux, principalement europ\u00e9ens et chr\u00e9tiens.<\/strong> \u00ab\u00a0Tout le temps qu\u2019on perd \u00e0 s\u2019insulter entre Marocains et Alg\u00e9riens, c\u2019est du temps perdu \u00e0 insulter les gwers. <strong>Lib\u00e9rez du temps pour les gwers<\/strong> !\u00a0\u00bb s&rsquo;est ainsi amus\u00e9 l&rsquo;humoriste.<\/p>\n<p>Si de nombreux spectateurs ont ri aux \u00e9clats, un autre s&rsquo;est subitement lev\u00e9, provoquant la surprise de l&rsquo;humoriste. \u00ab\u00a0Mais qu&rsquo;est-ce que tu fais ?\u00a0\u00bb s&rsquo;est interrog\u00e9 Mustapha El Atrassi. L&rsquo;homme, visiblement remont\u00e9, a tenu \u00e0 lui rappeler qu&rsquo;il \u00e9tait lui-m\u00eame un \u00ab\u00a0gwer\u00a0\u00bb. <strong>\u00ab\u00a0Apparemment, je ne suis pas le bienvenu car je suis un gwer\u00a0\u00bb<\/strong> a scand\u00e9 le spectateur en partant. Au lieu de s&rsquo;en repentir, Mustapha El Atrassi, hilare, a enfonc\u00e9 le clou : <strong>\u00ab\u00a0J\u2019ai f\u00e2ch\u00e9 les gwers. On n\u2019est pas mieux l\u00e0 ?\u00a0\u00bb<\/strong><\/p>\n<p>Mustapha El Atrassi pr\u00e9f\u00e8re en rire<\/p>\n<p>Sans surprise, cette s\u00e9quence, film\u00e9e par un spectateur, est rapidement devenue virale sur les r\u00e9seaux sociaux. <strong>Politis\u00e9e, elle est devenue une arme<\/strong> pour celles et ceux qui pointent du doigt le racisme anti-blanc. De nombreux internautes ont appel\u00e9 <strong>Bruno Retailleau, ministre de l&rsquo;Int\u00e9rieur<\/strong>, \u00e0 r\u00e9agir et prendre des sanctions : \u00ab\u00a0Allez-vous agir contre cet humoriste qui appelle \u00e0 la haine des blancs en public ? L&rsquo;appel \u00e0 la haine et \u00e0 la violence est manifeste, et les Fran\u00e7ais attendent que vous preniez une d\u00e9cision\u00a0\u00bb.<\/p>\n<p>\u00ab\u00a0Imaginez le scandale si un artiste avait dit : Le temps qu&rsquo;on perd \u00e0 s&rsquo;insulter <strong>entre Fran\u00e7ais et Belges, c&rsquo;est du temps perdu pour insulter les Arabes<\/strong>\u00a0\u00bb a comment\u00e9 un autre. D&rsquo;autres ont tenu \u00e0 prendre la d\u00e9fense de Mustapha El Atrassi, en se rem\u00e9morant des sketches de <a href=\"https:\/\/www.public.fr\/michel-leeb-une-brutale-separation\" rel=\"nofollow noopener\" target=\"_blank\">Michel Leeb<\/a>. Ces derniers, qui faisaient rire il y a une quarantaine d&rsquo;ann\u00e9es, sont depuis r\u00e9guli\u00e8rement exhum\u00e9s.<\/p>\n<blockquote class=\"twitter-tweet\">\n<p>Le com\u00e9dien Mustapha El Atrassi, ex-compagnon de Anne-Elisabeth Lemoine contre qui elle a port\u00e9 plainte pour coups et blessures, fait du racisme anti-blanc (les \u00ab\u00a0gwers\u00a0\u00bb) dans son spectacle puis humilie ceux qui, outr\u00e9s, quittent la salle.<\/p>\n<p>De-hors.  <a href=\"https:\/\/t.co\/qByAtf9HQd\" rel=\"nofollow\">pic.twitter.com\/qByAtf9HQd<\/a><\/p>\n<p>\u2014 Antonin Ferreira Roche (@Antonin_FR_) <a href=\"https:\/\/twitter.com\/Antonin_FR_\/status\/1926235196757537189?ref_src=twsrc%5Etfw\" rel=\"nofollow noopener\" target=\"_blank\">May 24, 2025<\/a><\/p><\/blockquote>\n<p>      Mentionn\u00e9s dans cet article<\/p>\n<p>\u00c0 lire aussi<\/p>\n<p><script async src=\"https:\/\/platform.twitter.com\/widgets.js\" charset=\"utf-8\"><\/script><\/p>\n","protected":false},"excerpt":{"rendered":"R\u00e9sum\u00e9 Mustapha El Atrassi a provoqu\u00e9 la controverse lors de son spectacle en utilisant un terme p\u00e9joratif visant&hellip;\n","protected":false},"author":2,"featured_media":126750,"comment_status":"","ping_status":"","sticky":false,"template":"","format":"standard","meta":{"footnotes":""},"categories":[1359],"tags":[58,59,1011,27,25034,973,1062,10162,25035],"class_list":{"0":"post-126749","1":"post","2":"type-post","3":"status-publish","4":"format-standard","5":"has-post-thumbnail","7":"category-people","8":"tag-divertissement","9":"tag-entertainment","10":"tag-fr","11":"tag-france","12":"tag-mustapha-el-atrassi","13":"tag-people","14":"tag-polemique","15":"tag-racisme","16":"tag-salle-de-spectacle"},"share_on_mastodon":{"url":"https:\/\/pubeurope.com\/@fr\/114568058893871129","error":""},"_links":{"self":[{"href":"https:\/\/www.europesays.com\/fr\/wp-json\/wp\/v2\/posts\/126749","targetHints":{"allow":["GET"]}}],"collection":[{"href":"https:\/\/www.europesays.com\/fr\/wp-json\/wp\/v2\/posts"}],"about":[{"href":"https:\/\/www.europesays.com\/fr\/wp-json\/wp\/v2\/types\/post"}],"author":[{"embeddable":true,"href":"https:\/\/www.europesays.com\/fr\/wp-json\/wp\/v2\/users\/2"}],"replies":[{"embeddable":true,"href":"https:\/\/www.europesays.com\/fr\/wp-json\/wp\/v2\/comments?post=126749"}],"version-history":[{"count":0,"href":"https:\/\/www.europesays.com\/fr\/wp-json\/wp\/v2\/posts\/126749\/revisions"}],"wp:featuredmedia":[{"embeddable":true,"href":"https:\/\/www.europesays.com\/fr\/wp-json\/wp\/v2\/media\/126750"}],"wp:attachment":[{"href":"https:\/\/www.europesays.com\/fr\/wp-json\/wp\/v2\/media?parent=126749"}],"wp:term":[{"taxonomy":"category","embeddable":true,"href":"https:\/\/www.europesays.com\/fr\/wp-json\/wp\/v2\/categories?post=126749"},{"taxonomy":"post_tag","embeddable":true,"href":"https:\/\/www.europesays.com\/fr\/wp-json\/wp\/v2\/tags?post=126749"}],"curies":[{"name":"wp","href":"https:\/\/api.w.org\/{rel}","templated":true}]}}