{"id":12675,"date":"2025-04-09T13:03:36","date_gmt":"2025-04-09T13:03:36","guid":{"rendered":"https:\/\/www.europesays.com\/fr\/12675\/"},"modified":"2025-04-09T13:03:36","modified_gmt":"2025-04-09T13:03:36","slug":"le-printemps-se-fete-dans-cette-boutique-de-strasbourg","status":"publish","type":"post","link":"https:\/\/www.europesays.com\/fr\/12675\/","title":{"rendered":"le printemps se f\u00eate dans cette boutique de Strasbourg !"},"content":{"rendered":"<p><strong>C\u2019est le printemps les ami(e)s. Il fait beau, c\u2019est le temps des ap\u00e9ros et des premiers semis. \u00c0 l\u2019occasion des beaux jours qui s\u2019installent, on est pass\u00e9 dans un grand magasin que vous connaissez bien, Mr.Bricolage, pour vous parler fleurs, plantes aromatiques et potager. La verdure vient tout juste d\u2019arriver, c\u2019est le moment d\u2019en profiter.<\/strong><\/p>\n<p>Si vous habitez \u00e0 Strasbourg depuis plus d\u2019une semaine, vous avez d\u00e9j\u00e0 crois\u00e9 la route de Mr.Bricolage, <strong>ce grand magasin sp\u00e9cialis\u00e9 dans le bricolage, la d\u00e9coration et l\u2019am\u00e9nagement de la maison et du jardin.<\/strong><\/p>\n<p>Situ\u00e9 rue du 22-Novembre, en plein c\u0153ur de la ville, l\u2019enseigne se refait actuellement une beaut\u00e9, et <strong>d\u2019ici cet \u00e9t\u00e9, elle devrait se doter de nouveaux espaces de vente tout neufs<\/strong>.<\/p>\n<p>                <img width=\"667\" height=\"500\" src=\"https:\/\/www.europesays.com\/fr\/wp-content\/uploads\/2025\/04\/mr-bricolage-plantes-fleurs-image00011.jpeg\" class=\"attachment-gallery size-gallery\" alt=\"Mr bricolage plantes fleurs image00011\" data-full-url=\"https:\/\/www.europesays.com\/fr\/wp-content\/uploads\/2025\/04\/mr-bricolage-plantes-fleurs-image00011.jpeg\" decoding=\"async\" loading=\"lazy\"  \/>            <\/p>\n<p>                <img width=\"667\" height=\"500\" src=\"https:\/\/www.europesays.com\/fr\/wp-content\/uploads\/2025\/04\/reouverture-mr-bricolage-strasbourg-jardinage-travaux-peinture11.jpg\" class=\"attachment-gallery size-gallery\" alt=\"reouverture-mr-bricolage-strasbourg-jardinage-travaux-peinture11\" data-full-url=\"https:\/\/www.europesays.com\/fr\/wp-content\/uploads\/2025\/04\/reouverture-mr-bricolage-strasbourg-jardinage-travaux-peinture11.jpg\" decoding=\"async\" loading=\"lazy\"  \/>            <\/p>\n<p>                <img width=\"375\" height=\"500\" src=\"https:\/\/www.europesays.com\/fr\/wp-content\/uploads\/2025\/04\/fleurs-plantes-aromatiques-semis-mr-bricolageimg-1933-375x500.jpeg\" class=\"attachment-gallery size-gallery\" alt=\"fleurs plantes aromatiques semis mr bricolageIMG_1933\" data-full-url=\"https:\/\/pokaa.fr\/wp-content\/uploads\/2025\/04\/07\/fleurs-plantes-aromatiques-semis-mr-bricolageimg-1933.jpeg\" decoding=\"async\" loading=\"lazy\"  \/>            <\/p>\n<p>                <img width=\"375\" height=\"500\" src=\"https:\/\/www.europesays.com\/fr\/wp-content\/uploads\/2025\/04\/fleurs-plantes-aromatiques-semis-mr-bricolageimg-1923-375x500.jpeg\" class=\"attachment-gallery size-gallery\" alt=\"fleurs plantes aromatiques semis mr bricolageIMG_1923\" data-full-url=\"https:\/\/pokaa.fr\/wp-content\/uploads\/2025\/04\/07\/fleurs-plantes-aromatiques-semis-mr-bricolageimg-1923.jpeg\" decoding=\"async\" loading=\"lazy\"  \/>            <\/p>\n<p>                <img width=\"375\" height=\"500\" src=\"https:\/\/www.europesays.com\/fr\/wp-content\/uploads\/2025\/04\/fleurs-plantes-aromatiques-semis-mr-bricolageimg-1929-375x500.jpeg\" class=\"attachment-gallery size-gallery\" alt=\"fleurs plantes aromatiques semis mr bricolageIMG_1929\" data-full-url=\"https:\/\/pokaa.fr\/wp-content\/uploads\/2025\/04\/07\/fleurs-plantes-aromatiques-semis-mr-bricolageimg-1929.jpeg\" decoding=\"async\" loading=\"lazy\"  \/>            <\/p>\n<p>                    \u00a9 Bastien Pietronave \/ Pokaa<\/p>\n<p>                <img width=\"375\" height=\"500\" src=\"https:\/\/www.europesays.com\/fr\/wp-content\/uploads\/2025\/04\/fleurs-plantes-aromatiques-semis-mr-bricolageimg-1945-375x500.jpeg\" class=\"attachment-gallery size-gallery\" alt=\"fleurs plantes aromatiques semis mr bricolageIMG_1945\" data-full-url=\"https:\/\/pokaa.fr\/wp-content\/uploads\/2025\/04\/07\/fleurs-plantes-aromatiques-semis-mr-bricolageimg-1945.jpeg\" decoding=\"async\" loading=\"lazy\"  \/>            <\/p>\n<p>                <img width=\"375\" height=\"500\" src=\"https:\/\/www.europesays.com\/fr\/wp-content\/uploads\/2025\/04\/fleurs-plantes-aromatiques-semis-mr-bricolageimg-1907-375x500.jpeg\" class=\"attachment-gallery size-gallery\" alt=\"fleurs plantes aromatiques semis mr bricolageIMG_1907\" data-full-url=\"https:\/\/pokaa.fr\/wp-content\/uploads\/2025\/04\/07\/fleurs-plantes-aromatiques-semis-mr-bricolageimg-1907.jpeg\" decoding=\"async\" loading=\"lazy\"  \/>            <\/p>\n<p>                <img width=\"375\" height=\"500\" src=\"https:\/\/www.europesays.com\/fr\/wp-content\/uploads\/2025\/04\/fleurs-plantes-aromatiques-semis-mr-bricolageimg-1920-375x500.jpeg\" class=\"attachment-gallery size-gallery\" alt=\"fleurs plantes aromatiques semis mr bricolageIMG_1920\" data-full-url=\"https:\/\/pokaa.fr\/wp-content\/uploads\/2025\/04\/07\/fleurs-plantes-aromatiques-semis-mr-bricolageimg-1920.jpeg\" decoding=\"async\" loading=\"lazy\"  \/>            <\/p>\n<p>                <img width=\"375\" height=\"500\" src=\"https:\/\/www.europesays.com\/fr\/wp-content\/uploads\/2025\/04\/fleurs-plantes-aromatiques-semis-mr-bricolageimg-1944-375x500.jpeg\" class=\"attachment-gallery size-gallery\" alt=\"fleurs plantes aromatiques semis mr bricolageIMG_1944\" data-full-url=\"https:\/\/pokaa.fr\/wp-content\/uploads\/2025\/04\/07\/fleurs-plantes-aromatiques-semis-mr-bricolageimg-1944.jpeg\" decoding=\"async\" loading=\"lazy\"  \/>            <\/p>\n<p>                <img width=\"375\" height=\"500\" src=\"https:\/\/www.europesays.com\/fr\/wp-content\/uploads\/2025\/04\/fleurs-plantes-aromatiques-semis-mr-bricolageimg-1941-375x500.jpeg\" class=\"attachment-gallery size-gallery\" alt=\"fleurs plantes aromatiques semis mr bricolageIMG_1941\" data-full-url=\"https:\/\/pokaa.fr\/wp-content\/uploads\/2025\/04\/07\/fleurs-plantes-aromatiques-semis-mr-bricolageimg-1941.jpeg\" decoding=\"async\" loading=\"lazy\"  \/>            <\/p>\n<p>                    \u00a9 Bastien Pietronave \/ Pokaa<\/p>\n<p>En attendant,<strong> pas de panique : le magasin continue de fonctionner normalement<\/strong>. Et bonne nouvelle, <strong>les premiers semis, plantes et autres fleurs viennent tout juste de pointer leurs feuilles<\/strong>, alors \u00e0 vos potagers !<\/p>\n<p>    <img width=\"800\" height=\"505\" src=\"https:\/\/www.europesays.com\/fr\/wp-content\/uploads\/2025\/04\/fleurs-plantes-aromatiques-semis-mr-bricolageimg-1891-800x505.jpeg\" class=\"attachment-image-size-L size-image-size-L\" alt=\"fleurs plantes aromatiques semis mr bricolageIMG_1891\" decoding=\"async\" loading=\"lazy\"  \/>         \u00a9 Bastien Pietronave \/ Pokaa <\/p>\n<p>Potager \u00e0 verdir, affaires \u00e0 saisir <\/p>\n<p>Ces derniers jours, Mr.Bricolage a <strong>fait le plein de fra\u00eecheur<\/strong>. Vous pouvez donc y trouver <strong>une large gamme de plantes et de fleurs en tout genre \u00e0 petits prix.<\/strong><\/p>\n<p>Pour les semis, vous trouverez des<strong> fraisiers, des framboisiers, des concombres, des courgettes<\/strong>, des plants de <strong>tomates, des plants d\u2019aubergines<\/strong>, mais aussi de la<strong> rhubarbe et diff\u00e9rentes laitues.<\/strong> La gamme s\u2019\u00e9largira encore dans les jours \u00e0 venir.<\/p>\n<p>                <img width=\"375\" height=\"500\" src=\"https:\/\/www.europesays.com\/fr\/wp-content\/uploads\/2025\/04\/fleurs-plantes-aromatiques-semis-mr-bricolageimg-1916-375x500.jpeg\" class=\"attachment-gallery size-gallery\" alt=\"fleurs plantes aromatiques semis mr bricolageIMG_1916\" data-full-url=\"https:\/\/pokaa.fr\/wp-content\/uploads\/2025\/04\/07\/fleurs-plantes-aromatiques-semis-mr-bricolageimg-1916.jpeg\" decoding=\"async\" loading=\"lazy\"  \/>            <\/p>\n<p>                <img width=\"375\" height=\"500\" src=\"https:\/\/www.europesays.com\/fr\/wp-content\/uploads\/2025\/04\/fleurs-plantes-aromatiques-semis-mr-bricolageimg-1908-375x500.jpeg\" class=\"attachment-gallery size-gallery\" alt=\"fleurs plantes aromatiques semis mr bricolageIMG_1908\" data-full-url=\"https:\/\/pokaa.fr\/wp-content\/uploads\/2025\/04\/07\/fleurs-plantes-aromatiques-semis-mr-bricolageimg-1908.jpeg\" decoding=\"async\" loading=\"lazy\"  \/>            <\/p>\n<p>                <img width=\"375\" height=\"500\" src=\"https:\/\/www.europesays.com\/fr\/wp-content\/uploads\/2025\/04\/fleurs-plantes-aromatiques-semis-mr-bricolageimg-1902-375x500.jpeg\" class=\"attachment-gallery size-gallery\" alt=\"fleurs plantes aromatiques semis mr bricolageIMG_1902\" data-full-url=\"https:\/\/pokaa.fr\/wp-content\/uploads\/2025\/04\/07\/fleurs-plantes-aromatiques-semis-mr-bricolageimg-1902.jpeg\" decoding=\"async\" loading=\"lazy\"  \/>            <\/p>\n<p>                <img width=\"375\" height=\"500\" src=\"https:\/\/www.europesays.com\/fr\/wp-content\/uploads\/2025\/04\/fleurs-plantes-aromatiques-semis-mr-bricolageimg-1911-375x500.jpeg\" class=\"attachment-gallery size-gallery\" alt=\"fleurs plantes aromatiques semis mr bricolageIMG_1911\" data-full-url=\"https:\/\/pokaa.fr\/wp-content\/uploads\/2025\/04\/07\/fleurs-plantes-aromatiques-semis-mr-bricolageimg-1911.jpeg\" decoding=\"async\" loading=\"lazy\"  \/>            <\/p>\n<p>                <img width=\"375\" height=\"500\" src=\"https:\/\/www.europesays.com\/fr\/wp-content\/uploads\/2025\/04\/fleurs-plantes-aromatiques-semis-mr-bricolageimg-1912-375x500.jpeg\" class=\"attachment-gallery size-gallery\" alt=\"fleurs plantes aromatiques semis mr bricolageIMG_1912\" data-full-url=\"https:\/\/pokaa.fr\/wp-content\/uploads\/2025\/04\/07\/fleurs-plantes-aromatiques-semis-mr-bricolageimg-1912.jpeg\" decoding=\"async\" loading=\"lazy\"  \/>            <\/p>\n<p>                    \u00a9 Bastien Pietronave \/ Pokaa<\/p>\n<p>C\u00f4t\u00e9 fleurs, l\u00e0 aussi il y a du choix et de la couleur avec<strong> des jacinthes, des tulipes, des rosiers, des narcisses, des marguerites, des bleuets\u2026 <\/strong>La liste est longue et elle continuera de s\u2019\u00e9largir. Et puisqu\u2019on est en Alsace, <strong>le g\u00e9ranium<\/strong>, l\u2019un des symboles de la r\u00e9gion qui orne souvent les balcons et les rebords de fen\u00eatres, <strong>se fait d\u00e9j\u00e0 d\u00e9valiser.<\/strong><\/p>\n<p>                <img width=\"375\" height=\"500\" src=\"https:\/\/www.europesays.com\/fr\/wp-content\/uploads\/2025\/04\/fleurs-plantes-aromatiques-semis-mr-bricolageimg-1943-375x500.jpeg\" class=\"attachment-gallery size-gallery\" alt=\"fleurs plantes aromatiques semis mr bricolageIMG_1943\" data-full-url=\"https:\/\/pokaa.fr\/wp-content\/uploads\/2025\/04\/07\/fleurs-plantes-aromatiques-semis-mr-bricolageimg-1943.jpeg\" decoding=\"async\" loading=\"lazy\"  \/>            <\/p>\n<p>                <img width=\"375\" height=\"500\" src=\"https:\/\/www.europesays.com\/fr\/wp-content\/uploads\/2025\/04\/fleurs-plantes-aromatiques-semis-mr-bricolageimg-1935-375x500.jpeg\" class=\"attachment-gallery size-gallery\" alt=\"fleurs plantes aromatiques semis mr bricolageIMG_1935\" data-full-url=\"https:\/\/pokaa.fr\/wp-content\/uploads\/2025\/04\/07\/fleurs-plantes-aromatiques-semis-mr-bricolageimg-1935.jpeg\" decoding=\"async\" loading=\"lazy\"  \/>            <\/p>\n<p>                <img width=\"375\" height=\"500\" src=\"https:\/\/www.europesays.com\/fr\/wp-content\/uploads\/2025\/04\/fleurs-plantes-aromatiques-semis-mr-bricolageimg-1931-375x500.jpeg\" class=\"attachment-gallery size-gallery\" alt=\"fleurs plantes aromatiques semis mr bricolageIMG_1931\" data-full-url=\"https:\/\/pokaa.fr\/wp-content\/uploads\/2025\/04\/07\/fleurs-plantes-aromatiques-semis-mr-bricolageimg-1931.jpeg\" decoding=\"async\" loading=\"lazy\"  \/>            <\/p>\n<p>                <img width=\"375\" height=\"500\" src=\"https:\/\/www.europesays.com\/fr\/wp-content\/uploads\/2025\/04\/fleurs-plantes-aromatiques-semis-mr-bricolageimg-1940-375x500.jpeg\" class=\"attachment-gallery size-gallery\" alt=\"fleurs plantes aromatiques semis mr bricolageIMG_1940\" data-full-url=\"https:\/\/pokaa.fr\/wp-content\/uploads\/2025\/04\/07\/fleurs-plantes-aromatiques-semis-mr-bricolageimg-1940.jpeg\" decoding=\"async\" loading=\"lazy\"  \/>            <\/p>\n<p>                <img width=\"375\" height=\"500\" src=\"https:\/\/www.europesays.com\/fr\/wp-content\/uploads\/2025\/04\/fleurs-plantes-aromatiques-semis-mr-bricolageimg-1914-375x500.jpeg\" class=\"attachment-gallery size-gallery\" alt=\"fleurs plantes aromatiques semis mr bricolageIMG_1914\" data-full-url=\"https:\/\/pokaa.fr\/wp-content\/uploads\/2025\/04\/07\/fleurs-plantes-aromatiques-semis-mr-bricolageimg-1914.jpeg\" decoding=\"async\" loading=\"lazy\"  \/>            <\/p>\n<p>                    \u00a9 Bastien Pietronave \/ Pokaa<\/p>\n<p>On retrouve aussi d\u00e9j\u00e0 <strong>des plantes aromatiques<\/strong> qui commencent doucement \u00e0 entrer dans la composition des premiers menus estivaux.<strong> Menthe, thym, romarin, basilic, persil, ciboulette<\/strong>, c\u2019est l\u2019heure de faire vos meilleures recettes.<\/p>\n<p>                <img width=\"375\" height=\"500\" src=\"https:\/\/www.europesays.com\/fr\/wp-content\/uploads\/2025\/04\/fleurs-plantes-aromatiques-semis-mr-bricolageimg-1903-375x500.jpeg\" class=\"attachment-gallery size-gallery\" alt=\"fleurs plantes aromatiques semis mr bricolageIMG_1903\" data-full-url=\"https:\/\/pokaa.fr\/wp-content\/uploads\/2025\/04\/07\/fleurs-plantes-aromatiques-semis-mr-bricolageimg-1903.jpeg\" decoding=\"async\" loading=\"lazy\"  \/>            <\/p>\n<p>                <img width=\"375\" height=\"500\" src=\"https:\/\/www.europesays.com\/fr\/wp-content\/uploads\/2025\/04\/fleurs-plantes-aromatiques-semis-mr-bricolageimg-1900-375x500.jpeg\" class=\"attachment-gallery size-gallery\" alt=\"fleurs plantes aromatiques semis mr bricolageIMG_1900\" data-full-url=\"https:\/\/pokaa.fr\/wp-content\/uploads\/2025\/04\/07\/fleurs-plantes-aromatiques-semis-mr-bricolageimg-1900.jpeg\" decoding=\"async\" loading=\"lazy\"  \/>            <\/p>\n<p>                <img width=\"375\" height=\"500\" src=\"https:\/\/www.europesays.com\/fr\/wp-content\/uploads\/2025\/04\/fleurs-plantes-aromatiques-semis-mr-bricolageimg-1901-375x500.jpeg\" class=\"attachment-gallery size-gallery\" alt=\"fleurs plantes aromatiques semis mr bricolageIMG_1901\" data-full-url=\"https:\/\/pokaa.fr\/wp-content\/uploads\/2025\/04\/07\/fleurs-plantes-aromatiques-semis-mr-bricolageimg-1901.jpeg\" decoding=\"async\" loading=\"lazy\"  \/>            <\/p>\n<p>                    \u00a9 Bastien Pietronave \/ Pokaa<\/p>\n<p>            Mr.Bricolage <\/p>\n<p>            Quoi ?<br \/>\n            Magasin de bricolage        <\/p>\n<p>            o\u00f9 ?<br \/>\n            1 rue du 22-Novembre, \u00e0 Strasbourg         <\/p>\n<p>                Plus d&rsquo;infos ?<\/p>\n<p><strong><a href=\"https:\/\/www.google.com\/url?sa=t&amp;source=web&amp;rct=j&amp;opi=89978449&amp;url=https:\/\/magasin.mr-bricolage.fr\/229-mr-bricolage-strasbourg&amp;ved=2ahUKEwiJ8Z__gMaMAxXpKvsDHUMgEagQFnoECEAQAQ&amp;usg=AOvVaw3WoUpGjE-ZmcAgtsF-iGAk\" target=\"_blank\" rel=\"noopener nofollow\">Le site web de Mr.Bricolage<\/a><\/strong><\/p>\n<p>Tel : 03 88 10 40 97<\/p>\n<p>                <img width=\"375\" height=\"500\" src=\"https:\/\/www.europesays.com\/fr\/wp-content\/uploads\/2025\/04\/fleurs-plantes-aromatiques-semis-mr-bricolageimg-1930-375x500.jpeg\" class=\"attachment-gallery size-gallery\" alt=\"fleurs plantes aromatiques semis mr bricolageIMG_1930\" data-full-url=\"https:\/\/pokaa.fr\/wp-content\/uploads\/2025\/04\/07\/fleurs-plantes-aromatiques-semis-mr-bricolageimg-1930.jpeg\" decoding=\"async\" loading=\"lazy\"  \/>            <\/p>\n<p>                <img width=\"375\" height=\"500\" src=\"https:\/\/www.europesays.com\/fr\/wp-content\/uploads\/2025\/04\/fleurs-plantes-aromatiques-semis-mr-bricolageimg-1937-375x500.jpeg\" class=\"attachment-gallery size-gallery\" alt=\"fleurs plantes aromatiques semis mr bricolageIMG_1937\" data-full-url=\"https:\/\/pokaa.fr\/wp-content\/uploads\/2025\/04\/07\/fleurs-plantes-aromatiques-semis-mr-bricolageimg-1937.jpeg\" decoding=\"async\" loading=\"lazy\"  \/>            <\/p>\n<p>                <img width=\"375\" height=\"500\" src=\"https:\/\/www.europesays.com\/fr\/wp-content\/uploads\/2025\/04\/fleurs-plantes-aromatiques-semis-mr-bricolageimg-1934-375x500.jpeg\" class=\"attachment-gallery size-gallery\" alt=\"fleurs plantes aromatiques semis mr bricolageIMG_1934\" data-full-url=\"https:\/\/pokaa.fr\/wp-content\/uploads\/2025\/04\/07\/fleurs-plantes-aromatiques-semis-mr-bricolageimg-1934.jpeg\" decoding=\"async\" loading=\"lazy\"  \/>            <\/p>\n<p>                <img width=\"375\" height=\"500\" src=\"https:\/\/www.europesays.com\/fr\/wp-content\/uploads\/2025\/04\/fleurs-plantes-aromatiques-semis-mr-bricolageimg-1893-375x500.jpeg\" class=\"attachment-gallery size-gallery\" alt=\"fleurs plantes aromatiques semis mr bricolageIMG_1893\" data-full-url=\"https:\/\/pokaa.fr\/wp-content\/uploads\/2025\/04\/07\/fleurs-plantes-aromatiques-semis-mr-bricolageimg-1893.jpeg\" decoding=\"async\" loading=\"lazy\"  \/>            <\/p>\n<p>                <img width=\"375\" height=\"500\" src=\"https:\/\/www.europesays.com\/fr\/wp-content\/uploads\/2025\/04\/fleurs-plantes-aromatiques-semis-mr-bricolageimg-1918-375x500.jpeg\" class=\"attachment-gallery size-gallery\" alt=\"fleurs plantes aromatiques semis mr bricolageIMG_1918\" data-full-url=\"https:\/\/pokaa.fr\/wp-content\/uploads\/2025\/04\/07\/fleurs-plantes-aromatiques-semis-mr-bricolageimg-1918.jpeg\" decoding=\"async\" loading=\"lazy\"  \/>            <\/p>\n<p>                <img width=\"375\" height=\"500\" src=\"https:\/\/www.europesays.com\/fr\/wp-content\/uploads\/2025\/04\/fleurs-plantes-aromatiques-semis-mr-bricolageimg-1938-375x500.jpeg\" class=\"attachment-gallery size-gallery\" alt=\"fleurs plantes aromatiques semis mr bricolageIMG_1938\" data-full-url=\"https:\/\/pokaa.fr\/wp-content\/uploads\/2025\/04\/07\/fleurs-plantes-aromatiques-semis-mr-bricolageimg-1938.jpeg\" decoding=\"async\" loading=\"lazy\"  \/>            <\/p>\n<p>                    \u00a9 Bastien Pietronave \/ Pokaa<\/p>\n","protected":false},"excerpt":{"rendered":"C\u2019est le printemps les ami(e)s. Il fait beau, c\u2019est le temps des ap\u00e9ros et des premiers semis. \u00c0&hellip;\n","protected":false},"author":2,"featured_media":12676,"comment_status":"","ping_status":"","sticky":false,"template":"","format":"standard","meta":{"footnotes":""},"categories":[2820],"tags":[1111,11,1777,674,2574,1011,27,775,5800,12,4896,25,5801,640],"class_list":{"0":"post-12675","1":"post","2":"type-post","3":"status-publish","4":"format-standard","5":"has-post-thumbnail","7":"category-strasbourg","8":"tag-actu","9":"tag-actualites","10":"tag-eu","11":"tag-europe","12":"tag-fleurs","13":"tag-fr","14":"tag-france","15":"tag-grand-est","16":"tag-mr-bricolage","17":"tag-news","18":"tag-plantes","19":"tag-republique-francaise","20":"tag-semis","21":"tag-strasbourg"},"share_on_mastodon":{"url":"https:\/\/pubeurope.com\/@fr\/114308147180964695","error":""},"_links":{"self":[{"href":"https:\/\/www.europesays.com\/fr\/wp-json\/wp\/v2\/posts\/12675","targetHints":{"allow":["GET"]}}],"collection":[{"href":"https:\/\/www.europesays.com\/fr\/wp-json\/wp\/v2\/posts"}],"about":[{"href":"https:\/\/www.europesays.com\/fr\/wp-json\/wp\/v2\/types\/post"}],"author":[{"embeddable":true,"href":"https:\/\/www.europesays.com\/fr\/wp-json\/wp\/v2\/users\/2"}],"replies":[{"embeddable":true,"href":"https:\/\/www.europesays.com\/fr\/wp-json\/wp\/v2\/comments?post=12675"}],"version-history":[{"count":0,"href":"https:\/\/www.europesays.com\/fr\/wp-json\/wp\/v2\/posts\/12675\/revisions"}],"wp:featuredmedia":[{"embeddable":true,"href":"https:\/\/www.europesays.com\/fr\/wp-json\/wp\/v2\/media\/12676"}],"wp:attachment":[{"href":"https:\/\/www.europesays.com\/fr\/wp-json\/wp\/v2\/media?parent=12675"}],"wp:term":[{"taxonomy":"category","embeddable":true,"href":"https:\/\/www.europesays.com\/fr\/wp-json\/wp\/v2\/categories?post=12675"},{"taxonomy":"post_tag","embeddable":true,"href":"https:\/\/www.europesays.com\/fr\/wp-json\/wp\/v2\/tags?post=12675"}],"curies":[{"name":"wp","href":"https:\/\/api.w.org\/{rel}","templated":true}]}}