{"id":126758,"date":"2025-05-25T10:47:20","date_gmt":"2025-05-25T10:47:20","guid":{"rendered":"https:\/\/www.europesays.com\/fr\/126758\/"},"modified":"2025-05-25T10:47:20","modified_gmt":"2025-05-25T10:47:20","slug":"lilo-et-stitch-voici-7-differences-avec-le-dessin-anime-de-disney","status":"publish","type":"post","link":"https:\/\/www.europesays.com\/fr\/126758\/","title":{"rendered":"Lilo et Stitch : voici 7 diff\u00e9rences avec le dessin anim\u00e9 de Disney"},"content":{"rendered":"<p>Lilo et Stitch est la derni\u00e8re victime d\u2019une grosse tendance r\u00e9cente de Disney : les live-action. \u00c0 l\u2019occasion de la sortie du film dans les salles, le 21 mai 2025, nous avons tent\u00e9 de jouer au jeu des 7 diff\u00e9rences, entre l\u2019adaptation et le dessin-anim\u00e9 original.<\/p>\n<p><a href=\"https:\/\/www.numerama.com\/films\/blanche-neige-2025\/\" data-type=\"movies\" data-id=\"1928251\" target=\"_blank\" rel=\"noopener\">Blanche-Neige<\/a>, La Petite Sir\u00e8ne, <a href=\"https:\/\/www.numerama.com\/films\/le-roi-lion\/\" data-type=\"movies\" data-id=\"783217\" target=\"_blank\" rel=\"noopener\">Le Roi Lion<\/a>, et bient\u00f4t <a href=\"https:\/\/www.numerama.com\/sciences\/1857188-les-voyages-dans-vaiana-2-sont-ils-realistes-ce-que-dit-la-science.html\" data-type=\"post\" data-id=\"1857188\" target=\"_blank\" rel=\"noopener\">Vaiana<\/a>\u2026 Depuis quelques ann\u00e9es, Disney s\u2019est lanc\u00e9 un d\u00e9fi : adapter tous ses chefs-d\u2019\u0153uvre en live-action, pour toujours plus de plaisir. Une entreprise risqu\u00e9e, qui rencontre g\u00e9n\u00e9ralement un succ\u00e8s mitig\u00e9 aupr\u00e8s des fans.<\/p>\n<p>La derni\u00e8re r\u00e9interpr\u00e9tation en date, <a href=\"https:\/\/www.numerama.com\/films\/lilo-stitch-2025\/\" data-type=\"movies\" data-id=\"1975341\" target=\"_blank\" rel=\"noopener\">Lilo et Stitch<\/a>, ne fait pas exception \u00e0 la r\u00e8gle. Pour mieux mesurer l\u2019ab\u00eeme qui s\u00e9pare le dessin anim\u00e9 original de sa version 2025, voici donc 7 diff\u00e9rences majeures, qui nous ont particuli\u00e8rement marqu\u00e9s lors du visionnage.<\/p>\n<p><strong>Attention, la suite de cet article contient des spoilers sur la fin des deux versions de Lilo et Stitch.<\/strong><\/p>\n<p><a href=\"https:\/\/www.numerama.com\/wp-content\/uploads\/2024\/07\/spoilers-supracell.jpg\" target=\"_blank\" rel=\"noopener\"><img decoding=\"async\" width=\"1024\" height=\"213\" loading=\"lazy\" alt=\"SPOILERS_supracell\" title=\"SPOILERS_supracell\" class=\"wp-image-1769140 placeholder-default wp-image\" src=\"https:\/\/www.europesays.com\/fr\/wp-content\/uploads\/2025\/05\/spoilers-supracell-1024x213.jpg\" \/><\/a><\/p>\n<p>            Ce contenu est bloqu\u00e9 car vous n\u2019avez pas accept\u00e9 les cookies et autres traceurs. Ce contenu est fourni par YouTube.<br \/>Pour pouvoir le visualiser, vous devez accepter l\u2019usage \u00e9tant op\u00e9r\u00e9 par YouTube avec vos donn\u00e9es qui pourront \u00eatre utilis\u00e9es pour les finalit\u00e9s suivantes : vous permettre de visualiser et de partager des contenus avec des m\u00e9dias sociaux, favoriser le d\u00e9veloppement et l\u2019am\u00e9lioration des produits d\u2019Humanoid et de ses partenaires, vous afficher des publicit\u00e9s personnalis\u00e9es par rapport \u00e0 votre profil et activit\u00e9, vous d\u00e9finir un profil publicitaire personnalis\u00e9, mesurer la performance des publicit\u00e9s et du contenu de ce site et mesurer l\u2019audience de ce site <a href=\"#\" class=\"js-privacy\" target=\"_blank\">(en savoir plus)<\/a>        <\/p>\n<p>            En cliquant sur \u00ab J\u2019accepte tout \u00bb, vous consentez aux finalit\u00e9s susmentionn\u00e9es pour l\u2019ensemble des cookies et autres traceurs d\u00e9pos\u00e9s par Humanoid et <a class=\"embed-consent-overlay-vendors-link\" href=\"#preferences-vendeurs\">ses partenaires<\/a>.        <\/p>\n<p>            Vous gardez la possibilit\u00e9 de retirer votre consentement \u00e0 tout moment. Pour plus d\u2019informations, nous vous invitons \u00e0 prendre connaissance de notre <a href=\"https:\/\/www.numerama.com\/politique-cookies\" target=\"_blank\" rel=\"noopener\">Politique cookies<\/a>.        <\/p>\n<p>        J\u2019accepte tout    <\/p>\n<p class=\"embed-consent-overlay-manage-choices\">        <a href=\"#preferences-publicitaires\">G\u00e9rer mes choix<\/a>    <\/p>\n<p>1. Lilo devient une enfant comme les autres<\/p>\n<p>Voil\u00e0 probablement le changement le plus important apport\u00e9 au live-action : la personnalit\u00e9 de Lilo. Dans le dessin anim\u00e9 original, la petite fille est rejet\u00e9e par ses camarades pour son humour et ses hobbies, jug\u00e9s bizarres.<\/p>\n<p>Lilo est alors fan d\u2019Elvis Presley, elle offre des sandwichs au beurre de cacahu\u00e8tes \u00e0 Doudou, le poisson qui contr\u00f4le la m\u00e9t\u00e9o, elle poss\u00e8de une peluche nomm\u00e9e Souillon et elle adore prendre en photo les gens sur la plage.<\/p>\n<p><a href=\"https:\/\/www.numerama.com\/wp-content\/uploads\/2025\/05\/f1060-top.jpg\" target=\"_blank\" rel=\"noopener\"><img decoding=\"async\" width=\"1024\" height=\"576\" loading=\"lazy\" alt=\"Lilo, l'enfant qu'on aurait tous r\u00eav\u00e9 d'\u00eatre \/\/ Source : Disney\" title=\"Lilo, l'enfant qu'on aurait tous r\u00eav\u00e9 d'\u00eatre \/\/ Source : Disney\" class=\"wp-image-1976941 placeholder-default wp-image\" src=\"https:\/\/www.europesays.com\/fr\/wp-content\/uploads\/2025\/05\/f1060-top-1024x576.jpg\" \/><\/a>Lilo, l\u2019enfant qu\u2019on aurait tous r\u00eav\u00e9 d\u2019\u00eatre \/\/ Source : Disney<\/p>\n<p>\u00c0 l\u2019inverse, la version de 2025 la transforme en tout ce qu\u2019elle n\u2019est pas : une gamine banale, qui fait des b\u00eatises \u00e0 la moindre occasion et qui se pose m\u00eame des questions sur sa m\u00e9chancet\u00e9 int\u00e9rieure. Il est extr\u00eamement dommage d\u2019avoir r\u00e9duit en miettes le personnage de Lilo, auquel des millions de petites filles, tout aussi marginalis\u00e9es, avaient pu s\u2019identifier depuis le d\u00e9but des ann\u00e9es 2000. <\/p>\n<p>N\u2019ayons pas peur des mots : l\u2019adaptation en live-action est une insulte pure et simple \u00e0 Lilo, qui s\u2019amuse d\u00e9sormais davantage de simples bruits de pets que de la vacuit\u00e9 de la vie.<\/p>\n<p>2. Nani abandonne son Ohana<\/p>\n<p>Dans la premi\u00e8re version de Lilo et Stitch, Nani \u00e9tait une grande s\u0153ur d\u00e9bord\u00e9e, qui gal\u00e9rait \u00e0 joindre les deux bouts depuis la mort de ses parents et qui encha\u00eenait les petits boulots pour subvenir aux besoins de sa famille.<\/p>\n<p>Mais, malgr\u00e9 tout, elle poss\u00e9dait un trait de caract\u00e8re tr\u00e8s important : elle ne n\u00e9gligeait jamais sa s\u0153ur Lilo, avec qui elle entretenait une relation fusionnelle, en dehors de leurs disputes. C\u2019\u00e9tait son Ohana : personne ne doit \u00eatre abandonn\u00e9 ni oubli\u00e9.<\/p>\n<p><a href=\"https:\/\/www.numerama.com\/wp-content\/uploads\/2025\/05\/deedcc317e99cc0ef3f3f45bd5aefcc6ebd561f245755201bc2c6bc2793933ab-sx1080-fmpng.jpg\" target=\"_blank\" rel=\"noopener\"><img decoding=\"async\" width=\"1024\" height=\"577\" loading=\"lazy\" alt=\"Nani, la meilleure \/\/ Source : Disney\" title=\"Nani, la meilleure \/\/ Source : Disney\" class=\"wp-image-1976937 placeholder-default wp-image\" src=\"https:\/\/www.europesays.com\/fr\/wp-content\/uploads\/2025\/05\/deedcc317e99cc0ef3f3f45bd5aefcc6ebd561f245755201bc2c6bc2793933ab-sx1080-fmpng-1024x577.jpg\" \/><\/a>Nani, la meilleure \/\/ Source : Disney<\/p>\n<p>En 2025, Nani a quelque peu laiss\u00e9 de c\u00f4t\u00e9 cette citation phare et semble presque agac\u00e9e la premi\u00e8re fois que Lilo la mentionne devant elle. Elle poursuit aussi d\u2019autres r\u00eaves : entamer des \u00e9tudes de biologie marine aux \u00c9tats-Unis, loin d\u2019Hawa\u00ef.<\/p>\n<p>Une repr\u00e9sentation un brin probl\u00e9matique, qui sous-entend que la vie sur l\u2019\u00eele n\u2019est pas un avenir suffisamment prestigieux pour elle, d\u2019autant que sa voisine l\u2019encourage \u00e0 \u00ab les rendre fiers \u00bb, en partant loin de sa s\u0153ur. Alors, bien s\u00fbr que l\u2019on ne peut que saluer l\u2019ind\u00e9pendance de Nani. Mais cette conclusion aurait \u00e9t\u00e9 impensable pour le personnage de 2002, si attach\u00e9 \u00e0 Lilo et \u00e0 son lieu de naissance.<\/p>\n<p>3. Bye bye Gantu, hello Mme Kekoa et T\u016bt\u016b<\/p>\n<p>En 2002, un extraterrestre \u00e0 la carrure impressionnante \u00e9tait charg\u00e9 de retrouver Stitch, sur Terre : le capitaine Gantu. Un antagoniste ray\u00e9 de la carte dans la version live-action, qui a pr\u00e9f\u00e9r\u00e9 transformer le cr\u00e9ateur du petit alien bleu, le Dr Jumba, en grand m\u00e9chant.<\/p>\n<p>En revanche, deux personnages in\u00e9dits ont \u00e9t\u00e9 ajout\u00e9s, en 2025 : Mme Kekoa, une assistante sociale charg\u00e9e de veiller sur Lilo et Nani, ainsi que T\u016bt\u016b, une vieille voisine un brin excentrique qui prendra la garde de Lilo et Stitch \u00e0 la fin du film.<\/p>\n<p><a href=\"https:\/\/www.numerama.com\/wp-content\/uploads\/2025\/05\/ts7pbgpx6x8pbjwdsnmvpj.jpg\" target=\"_blank\" rel=\"noopener\"><img decoding=\"async\" width=\"1024\" height=\"576\" loading=\"lazy\" alt=\"RIP Gantu \/\/ Source : Disney\" title=\"RIP Gantu \/\/ Source : Disney\" class=\"wp-image-1976943 placeholder-default wp-image\" src=\"https:\/\/www.europesays.com\/fr\/wp-content\/uploads\/2025\/05\/ts7pbgpx6x8pbjwdsnmvpj-1024x576.jpg\" \/><\/a>RIP Gantu \/\/ Source : Disney<\/p>\n<p>4. Pleakley a perdu toute sa splendeur queer<\/p>\n<p><a href=\"https:\/\/www.numerama.com\/pop-culture\/1925181-lilo-stitch-le-traitement-de-ce-personnage-queer-inquiete-les-fans.html\" target=\"_blank\" rel=\"noopener\">Les fans le redoutaient, et le live-action a confirm\u00e9 toutes leurs craintes<\/a> : l\u2019extraterrestre Pleakley est devenu un simple homme blanc, fan de mode. Pourtant, dans le dessin anim\u00e9 original, le personnage poss\u00e9dait de nombreuses caract\u00e9ristiques d\u2019une ic\u00f4ne queer : une garde-robe assign\u00e9e au genre f\u00e9minin, une passion pour les perruques et les costumes, <a href=\"https:\/\/www.reddit.com\/r\/lgbt\/comments\/encb19\/pleakley_is_a_gender_fluid_icon\/?show=original\" target=\"_blank\" rel=\"noopener\">une apparence gender fluid<\/a>, et m\u00eame une idylle avec le Dr Jumba, d\u00e9taill\u00e9e dans la s\u00e9rie anim\u00e9e d\u00e9riv\u00e9e de Lilo et Stitch.<\/p>\n<p><a href=\"https:\/\/www.numerama.com\/wp-content\/uploads\/2025\/03\/pleakley-gender-fluid.jpg\" target=\"_blank\" rel=\"noopener\"><img decoding=\"async\" width=\"640\" height=\"480\" loading=\"lazy\" alt=\"Pleakley dans le dessin anim\u00e9 \/\/ Source : Disney\" title=\"Pleakley dans le dessin anim\u00e9 \/\/ Source : Disney\" class=\"wp-image-1925233 placeholder-default wp-image\" src=\"https:\/\/www.europesays.com\/fr\/wp-content\/uploads\/2025\/05\/pleakley-gender-fluid.jpg\" \/><\/a>Pleakley dans le dessin anim\u00e9 \/\/ Source : Disney<\/p>\n<p>Rien de tout cela ne transpara\u00eet dans l\u2019adaptation de 2025, qui transforme Pleakley en un protagoniste pas tr\u00e8s fut\u00e9, loin de sa splendeur habituelle. Il faut dire que Disney a \u00e9galement modifi\u00e9 son arc narratif, faisant de Jumba un antagoniste. L\u2019entreprise a aussi supprim\u00e9 les d\u00e9guisements ridicules pour que le duo passe inaper\u00e7u aupr\u00e8s des humains, qui constituaient pourtant une source infinie de blagues dans le film original. Le r\u00e9alisateur du live-action, Dean Fleischer Camp, a toutefois tent\u00e9 de garder l\u2019essence de Pleakley, sans succ\u00e8s, comme il l\u2019a confi\u00e9 <a href=\"https:\/\/www.tiktok.com\/@marceltheshellwshoeson\/video\/7501048669563538718\" target=\"_blank\" rel=\"noopener\">dans une vid\u00e9o publi\u00e9e sur TikTok, le 5 mai<\/a>. Dommage.<\/p>\n<p>5. L\u2019arc narratif du vilain petit canard<\/p>\n<p>Lorsqu\u2019il d\u00e9barque sur la plan\u00e8te Terre, Stitch n\u2019a qu\u2019un seul objectif : tout d\u00e9truire sur son passage. Le petit alien bleu finit pourtant par s\u2019assagir aux c\u00f4t\u00e9s de Lilo, qui va progressivement mettre en lumi\u00e8re sa solitude, lorsqu\u2019il comprend qu\u2019il n\u2019a jamais connu ses parents.<\/p>\n<p>Lors d\u2019une s\u00e9quence devenue culte du dessin anim\u00e9 original, Stitch finit par s\u2019enfuir pour tenter de retrouver sa propre famille, comme dans le conte du vilain petit canard. Il se perd alors dans la for\u00eat en criant un \u00ab Je suis perdu \u00bb d\u00e9chirant.<\/p>\n<p><a href=\"https:\/\/www.numerama.com\/wp-content\/uploads\/2025\/05\/capture-decran-2025-05-23-a-142706.jpg\" target=\"_blank\" rel=\"noopener\"><img decoding=\"async\" width=\"1024\" height=\"576\" loading=\"lazy\" alt=\"L'histoire du vilain petit canard est si importante pour Stitch \/\/ Source : Disney\" title=\"L'histoire du vilain petit canard est si importante pour Stitch \/\/ Source : Disney\" class=\"wp-image-1976933 placeholder-default wp-image\" src=\"https:\/\/www.europesays.com\/fr\/wp-content\/uploads\/2025\/05\/capture-decran-2025-05-23-a-142706-1024x576.jpg\" \/><\/a>L\u2019histoire du vilain petit canard est si importante pour Stitch \/\/ Source : Disney<\/p>\n<p>Or, cet arc narratif a \u00e9t\u00e9 compl\u00e8tement gomm\u00e9 du live-action, ce qui rend la r\u00e9demption de Stitch beaucoup moins coh\u00e9rente et bien plus exp\u00e9ditive. Sans oublier que cela supprime toute une sc\u00e8ne aussi bouleversante qu\u2019adorable.<\/p>\n<p>6. Cobra Bubbles, un agent de la CIA hors pair<\/p>\n<p>Il s\u2019agissait de l\u2019un des twists les plus savoureux du dessin-anim\u00e9 : Cobra Bubbles, l\u2019assistant social qui encadrait Nani et Lilo, se r\u00e9v\u00e9lait en r\u00e9alit\u00e9 \u00eatre un ancien agent de la CIA, avec une bonne connaissance des extraterrestres fa\u00e7on Men in Black.<\/p>\n<p>Le live-action a d\u00e9cid\u00e9 de d\u00e9voiler son v\u00e9ritable r\u00f4le d\u00e8s les premi\u00e8res minutes, ce qui enl\u00e8ve tout le fun de la r\u00e9v\u00e9lation finale, totalement absurde.<\/p>\n<p><a href=\"https:\/\/www.numerama.com\/wp-content\/uploads\/2025\/05\/copie-de-photos-2.jpg\" target=\"_blank\" rel=\"noopener\"><img decoding=\"async\" width=\"1024\" height=\"576\" loading=\"lazy\" alt=\"Cobra Bubbles en 2025 et en 2002 \/\/ Source : Disney\" title=\"Cobra Bubbles en 2025 et en 2002 \/\/ Source : Disney\" class=\"wp-image-1976947 placeholder-default wp-image\" src=\"https:\/\/www.europesays.com\/fr\/wp-content\/uploads\/2025\/05\/copie-de-photos-2-1024x576.jpg\" \/><\/a>Cobra Bubbles en 2025 et en 2002 \/\/ Source : Disney<\/p>\n<p>7. Elvis est absent<\/p>\n<p>Lorsque Lilo adopte Stitch, elle lui enseigne les bonnes mani\u00e8res gr\u00e2ce \u00e0 son idole : Elvis Presley, dont elle est absolument fan. Une s\u00e9quence hilarante et improbable, qui voit notamment Stitch enfiler un costume pour l\u2019occasion. Le live-action abandonne totalement cette passion de Lilo, lui laissant simplement l\u2019\u00e9coute d\u2019un vinyle familial du King, au d\u00e9but du film.<\/p>\n<p>Si ce parti-pris est plut\u00f4t bienvenu, compte tenu de la vie violente men\u00e9e par Elvis Presley, il manque toutefois de coh\u00e9rence :<a href=\"https:\/\/www.numerama.com\/pop-culture\/1975427-y-a-t-il-une-scene-post-generique-dans-lilo-et-stitch.html\" data-type=\"post\" data-id=\"1975427\" target=\"_blank\" rel=\"noopener\"> le g\u00e9n\u00e9rique de fin<\/a> montre ainsi Stitch dans ses habits de lumi\u00e8re, alors que son nom n\u2019est pas mentionn\u00e9 une seule fois dans le film. Oups.<\/p>\n<p><a href=\"https:\/\/www.numerama.com\/wp-content\/uploads\/2025\/05\/maxresdefault-24.jpg\" target=\"_blank\" rel=\"noopener\"><img decoding=\"async\" width=\"1024\" height=\"576\" loading=\"lazy\" alt=\"Stitch en Elvis, la classe incarn\u00e9e (ou pas) \/\/ Source : Disney\" title=\"Stitch en Elvis, la classe incarn\u00e9e (ou pas) \/\/ Source : Disney\" class=\"wp-image-1976945 placeholder-default wp-image\" src=\"https:\/\/www.europesays.com\/fr\/wp-content\/uploads\/2025\/05\/maxresdefault-24-1024x576.jpg\" \/><\/a>Stitch en Elvis, la classe incarn\u00e9e (ou pas) \/\/ Source : Disney<\/p>\n<p>            <img decoding=\"async\" src=\"https:\/\/www.europesays.com\/fr\/wp-content\/uploads\/2025\/04\/iPhone-16-pro.png\" alt=\"Toute l'actu tech en un clien d'oeil\"\/><\/p>\n<p class=\"card-install-pwa__title\">Toute l&rsquo;actu tech en un clin d&rsquo;\u0153il<\/p>\n<p class=\"card-install-pwa__description\">Ajoutez Numerama \u00e0 votre \u00e9cran d&rsquo;accueil et restez connect\u00e9s au futur !<\/p>\n<p>            <img decoding=\"async\" src=\"https:\/\/www.europesays.com\/fr\/wp-content\/uploads\/2025\/04\/logo-card-pwa-coupe.svg.svg+xml\" alt=\"Logo PWA\"\/><\/p>\n<p>       Installer Numerama<\/p>\n<p>        <script async src=\"\/\/www.tiktok.com\/embed.js\"><\/script><\/p>\n","protected":false},"excerpt":{"rendered":"Lilo et Stitch est la derni\u00e8re victime d\u2019une grosse tendance r\u00e9cente de Disney : les live-action. \u00c0 l\u2019occasion&hellip;\n","protected":false},"author":2,"featured_media":126759,"comment_status":"","ping_status":"","sticky":false,"template":"","format":"standard","meta":{"footnotes":""},"categories":[1354],"tags":[520,58,59,1346,1011,27,25036,1360],"class_list":{"0":"post-126758","1":"post","2":"type-post","3":"status-publish","4":"format-standard","5":"has-post-thumbnail","7":"category-films","8":"tag-disney","9":"tag-divertissement","10":"tag-entertainment","11":"tag-films","12":"tag-fr","13":"tag-france","14":"tag-lilo-stitch","15":"tag-movies"},"share_on_mastodon":{"url":"https:\/\/pubeurope.com\/@fr\/114568078758671663","error":""},"_links":{"self":[{"href":"https:\/\/www.europesays.com\/fr\/wp-json\/wp\/v2\/posts\/126758","targetHints":{"allow":["GET"]}}],"collection":[{"href":"https:\/\/www.europesays.com\/fr\/wp-json\/wp\/v2\/posts"}],"about":[{"href":"https:\/\/www.europesays.com\/fr\/wp-json\/wp\/v2\/types\/post"}],"author":[{"embeddable":true,"href":"https:\/\/www.europesays.com\/fr\/wp-json\/wp\/v2\/users\/2"}],"replies":[{"embeddable":true,"href":"https:\/\/www.europesays.com\/fr\/wp-json\/wp\/v2\/comments?post=126758"}],"version-history":[{"count":0,"href":"https:\/\/www.europesays.com\/fr\/wp-json\/wp\/v2\/posts\/126758\/revisions"}],"wp:featuredmedia":[{"embeddable":true,"href":"https:\/\/www.europesays.com\/fr\/wp-json\/wp\/v2\/media\/126759"}],"wp:attachment":[{"href":"https:\/\/www.europesays.com\/fr\/wp-json\/wp\/v2\/media?parent=126758"}],"wp:term":[{"taxonomy":"category","embeddable":true,"href":"https:\/\/www.europesays.com\/fr\/wp-json\/wp\/v2\/categories?post=126758"},{"taxonomy":"post_tag","embeddable":true,"href":"https:\/\/www.europesays.com\/fr\/wp-json\/wp\/v2\/tags?post=126758"}],"curies":[{"name":"wp","href":"https:\/\/api.w.org\/{rel}","templated":true}]}}