{"id":126764,"date":"2025-05-25T10:50:08","date_gmt":"2025-05-25T10:50:08","guid":{"rendered":"https:\/\/www.europesays.com\/fr\/126764\/"},"modified":"2025-05-25T10:50:08","modified_gmt":"2025-05-25T10:50:08","slug":"om-benatia-et-rabiot-sur-scene-lors-du-concert-de-jul-au-velodrome","status":"publish","type":"post","link":"https:\/\/www.europesays.com\/fr\/126764\/","title":{"rendered":"OM. Benatia et Rabiot sur sc\u00e8ne lors du concert de Jul au V\u00e9lodrome"},"content":{"rendered":"<p>On a donc pu apercevoir l&rsquo;humoriste Alban Ivanov en tribunes, ainsi que le Maire de Marseille Beno\u00eet Payan en compagnie notamment des influenceurs Bengous et Paga.<\/p>\n<p>L&rsquo;OM \u00e9tait \u00e9galement repr\u00e9sent\u00e9 puisque Robinio Vaz, Valentin Rongier ou encore Amine Harit \u00e9taient pr\u00e9sents vendredi soir, tandis que plusieurs joueuses de la section f\u00e9minine ont assist\u00e9 aux deux concerts.<\/p>\n<p>Ce samedi soir, c&rsquo;est <a href=\"https:\/\/www.laprovence.com\/article\/sports\/1223907890333814\/football-premiere-chez-les-bleus-pour-rayan-cherki-adrien-rabiot-seul-olympien-dans-la-liste-de-didier-deschamps\" target=\"_blank\" rel=\"noopener\">Adrien Rabiot<\/a> et <a href=\"https:\/\/www.laprovence.com\/article\/om\/2799641477789\/om-longoria-benatia-et-de-zerbi-partis-a-la-rencontre-de-mccourt\" target=\"_blank\" rel=\"noopener\">Medhi Benatia<\/a> qui ont appr\u00e9ci\u00e9 le second show du \u00ab\u00a0J\u00a0\u00bb, le milieu olympien ayant m\u00eame \u00e9t\u00e9 film\u00e9 en train de danser. Les deux Marseillais ont ensuite particip\u00e9 \u00e0 la f\u00eate puisqu&rsquo;ils ont rejoint la sc\u00e8ne lorsque Jul a entonn\u00e9 \u00ab\u00a0J&rsquo;oublie tout\u00a0\u00bb pour terminer sa repr\u00e9sentation.<\/p>\n<p>T-shirts \u00ab\u00a0D&rsquo;or et de platine\u00a0\u00bb (la marque du rappeur) orange sur les \u00e9paules et disques d&rsquo;or dans les mains, Benatia et Rabiot ont salu\u00e9 le plus gros vendeur du rap fran\u00e7ais qui, lui, <a href=\"https:\/\/www.laprovence.com\/article\/om\/5057635020935914\/om-jul-devoile-sur-scene-le-maillot-domicile-de-la-saison-2025-2026\" target=\"_blank\" rel=\"noopener\">portait la nouvelle tunique de l&rsquo;OM<\/a>.<\/p>\n","protected":false},"excerpt":{"rendered":"On a donc pu apercevoir l&rsquo;humoriste Alban Ivanov en tribunes, ainsi que le Maire de Marseille Beno\u00eet Payan&hellip;\n","protected":false},"author":2,"featured_media":126765,"comment_status":"","ping_status":"","sticky":false,"template":"","format":"standard","meta":{"footnotes":""},"categories":[8],"tags":[17,23601,58,59,1011,27,7826,149,4029,7347,3356,133],"class_list":{"0":"post-126764","1":"post","2":"type-post","3":"status-publish","4":"format-standard","5":"has-post-thumbnail","7":"category-divertissement","8":"tag-17","9":"tag-benatia","10":"tag-divertissement","11":"tag-entertainment","12":"tag-fr","13":"tag-france","14":"tag-lors","15":"tag-om","16":"tag-rabiot","17":"tag-scene","18":"tag-sur","19":"tag-video"},"share_on_mastodon":{"url":"https:\/\/pubeurope.com\/@fr\/114568090434776745","error":""},"_links":{"self":[{"href":"https:\/\/www.europesays.com\/fr\/wp-json\/wp\/v2\/posts\/126764","targetHints":{"allow":["GET"]}}],"collection":[{"href":"https:\/\/www.europesays.com\/fr\/wp-json\/wp\/v2\/posts"}],"about":[{"href":"https:\/\/www.europesays.com\/fr\/wp-json\/wp\/v2\/types\/post"}],"author":[{"embeddable":true,"href":"https:\/\/www.europesays.com\/fr\/wp-json\/wp\/v2\/users\/2"}],"replies":[{"embeddable":true,"href":"https:\/\/www.europesays.com\/fr\/wp-json\/wp\/v2\/comments?post=126764"}],"version-history":[{"count":0,"href":"https:\/\/www.europesays.com\/fr\/wp-json\/wp\/v2\/posts\/126764\/revisions"}],"wp:featuredmedia":[{"embeddable":true,"href":"https:\/\/www.europesays.com\/fr\/wp-json\/wp\/v2\/media\/126765"}],"wp:attachment":[{"href":"https:\/\/www.europesays.com\/fr\/wp-json\/wp\/v2\/media?parent=126764"}],"wp:term":[{"taxonomy":"category","embeddable":true,"href":"https:\/\/www.europesays.com\/fr\/wp-json\/wp\/v2\/categories?post=126764"},{"taxonomy":"post_tag","embeddable":true,"href":"https:\/\/www.europesays.com\/fr\/wp-json\/wp\/v2\/tags?post=126764"}],"curies":[{"name":"wp","href":"https:\/\/api.w.org\/{rel}","templated":true}]}}