{"id":126766,"date":"2025-05-25T10:51:20","date_gmt":"2025-05-25T10:51:20","guid":{"rendered":"https:\/\/www.europesays.com\/fr\/126766\/"},"modified":"2025-05-25T10:51:20","modified_gmt":"2025-05-25T10:51:20","slug":"un-apercu-du-futur","status":"publish","type":"post","link":"https:\/\/www.europesays.com\/fr\/126766\/","title":{"rendered":"un aper\u00e7u du futur ?"},"content":{"rendered":"<p>Fin 2023, Meta a lanc\u00e9 une gamme de lunettes connect\u00e9es avec Ray-Ban. Les lunettes se distinguent par l\u2019int\u00e9gration d\u2019un appareil photo, de haut-parleurs et d\u2019un micro.\u00a0Elles fonctionnent comme un accessoire compagnon de votre smartphone, un peu \u00e0 la mani\u00e8re d\u2019une montre connect\u00e9e ou d\u2019une paire d\u2019\u00e9couteurs sans fil.<\/p>\n<p>La formule a s\u00e9duit le grand public. Les Ray-Ban intelligentes se sont vendues comme des petits pains, avec <a href=\"https:\/\/www.01net.com\/actualites\/meta-vendu-plus-un-million-lunettes-ray-ban-2024.html\" target=\"_blank\" rel=\"noopener\">plus d\u2019un million d\u2019unit\u00e9s \u00e9coul\u00e9es<\/a> au cours de l\u2019ann\u00e9e derni\u00e8re. Face au succ\u00e8s monstre de la gamme, Meta s\u2019est mis \u00e0 am\u00e9liorer ses lunettes avec des fonctions d\u2019IA de plus en plus ambitieuses.\u00a0Alors que Meta vient de d\u00e9ployer <a href=\"https:\/\/www.01net.com\/actualites\/lunettes-ray-ban-meta-deviennent-yeux-utilisateur.html\" target=\"_blank\" rel=\"noopener\">une mise \u00e0 jour d\u2019envergure de l\u2019IA<\/a>, on a pris quelques semaines pour tester les lunettes connect\u00e9es les plus populaires du march\u00e9. Voici notre avis.<\/p>\n<p> Presque aussi discr\u00e8tes que des lunettes traditionnelles <\/p>\n<p>Tout d\u2019abord, les lunettes connect\u00e9es ont un atout de taille\u00a0: elles ressemblent \u00e0 des lunettes. En fait, il est difficile de les distinguer d\u2019une paire de Ray-Ban classiques. On remarquera uniquement que les branches sont <strong>un peu plus \u00e9paisses<\/strong> que celles d\u2019une paire de lunettes traditionnelles, et que le cerclage autour des verres est un peu plus massif. Dans le cadre de ce test, Meta nous a fourni une paire de Skyler avec des verres de transition, qui deviennent plus fonc\u00e9s en r\u00e9action \u00e0 la lumi\u00e8re.<\/p>\n<p> <img loading=\"lazy\" decoding=\"async\" class=\"size-full wp-image-1273137\" src=\"https:\/\/www.europesays.com\/fr\/wp-content\/uploads\/2025\/05\/rayban-meta-3-1.jpg\" alt=\"Rayban Meta 3\" width=\"1500\" height=\"1000\"  \/>\u00a9 01net <\/p>\n<p>Il est probable que votre entourage ne se rende pas compte que vous portez un gadget technologique sur le visage, \u00e0 moins que vous vous serviez de l\u2019appareil photo (on y reviendra plus bas). C\u2019est d\u2019abord d\u2019un point de vue esth\u00e9tique que les Ray-Ban de Meta font passer les lunettes intelligentes dans une autre dimension. La plupart des lunettes sur le march\u00e9 sont trop massives pour passer pour de simples lunettes. De facto, le porteur doit \u00eatre pr\u00eat \u00e0 affronter le regard des autres. Les porteurs d\u2019une paire de Ray-Ban de Meta n\u2019ont pas le m\u00eame probl\u00e8me.<\/p>\n<p> <img loading=\"lazy\" decoding=\"async\" class=\"size-full wp-image-1273138\" src=\"https:\/\/www.europesays.com\/fr\/wp-content\/uploads\/2025\/05\/rayban-meta-2-1.jpg\" alt=\"Rayban Meta 2\" width=\"1500\" height=\"1000\"  \/>\u00a9 01net <\/p>\n<p>Cerise sur le g\u00e2teau, les lunettes ne sont <strong>pas beaucoup plus lourdes<\/strong> qu\u2019une paire de lunettes d\u00e9pourvue d\u2019\u00e9lectronique. En fait, la paire ne p\u00e8se qu\u2019entre 48 et 50 g. Vous supporterez sans trop de probl\u00e8me de les avoir sur le nez pendant plusieurs heures. L\u00e0 encore, les Meta Ray-Ban marquent un point gr\u00e2ce \u00e0 leur conception.<\/p>\n<p> <img loading=\"lazy\" decoding=\"async\" class=\"size-full wp-image-1271387\" src=\"https:\/\/www.europesays.com\/fr\/wp-content\/uploads\/2025\/05\/ray-ban-meta.jpg\" alt=\"Ray Ban Meta\" width=\"1500\" height=\"1000\"  \/>\u00a9 01net Vid\u00e9o et photo\u00a0: les deux fonctions principales des Ray-Ban Meta <\/p>\n<p>Les principales fonctionnalit\u00e9s connect\u00e9es des lunettes de Meta sont la photo et la vid\u00e9o. Sans sortir votre smartphone de votre poche, vous pouvez <strong>filmer ou prendre des photos.<\/strong> Meta mise sur deux capteurs photo, situ\u00e9s de chaque c\u00f4t\u00e9 des verres, \u00e0 la place des rivets m\u00e9talliques traditionnels des Ray-Ban. Dans le d\u00e9tail, Meta a incorpor\u00e9 deux modules de 12 m\u00e9gapixels, ultra grand-angle.<\/p>\n<p> <img loading=\"lazy\" decoding=\"async\" class=\"size-full wp-image-1273139\" src=\"https:\/\/www.europesays.com\/fr\/wp-content\/uploads\/2025\/05\/appareil-photo-ray-ban.jpg\" alt=\"Appareil Photo Ray Ban\" width=\"1500\" height=\"1000\"  \/>\u00a9 01net <\/p>\n<p>Il suffit d\u2019appuyer sur une touche situ\u00e9e sur le dessus de la branche droite pour prendre une photo. Vous entendrez un l\u00e9ger bruit dans les haut-parleurs qui indique que la photo a \u00e9t\u00e9 prise. Le processus prend moins de deux secondes. Pour filmer une s\u00e9quence, vous devez appuyer longuement sur le m\u00eame bouton. Notez que vous ne pouvez pas enregistrer des vid\u00e9os qui durent <strong>plus de trois minutes<\/strong>. Apr\u00e8s quelques semaines d\u2019utilisation intensive, nous n\u2019avons jamais eu la sensation d\u2019\u00eatre brid\u00e9s. Petit b\u00e9mol, les lunettes enregistrent toujours les vid\u00e9os au format portrait, qui convient mieux aux r\u00e9seaux sociaux. Nous sommes de l\u2019ancienne \u00e9cole et on aurait aim\u00e9 pouvoir enregistrer des vid\u00e9os au format paysage.<\/p>\n<p>Notez qu\u2019il est possible de diffuser une vid\u00e9o en direct sur Facebook ou Instagram pendant une dur\u00e9e maximale de 30 minutes. Vous pouvez aussi passer des appels vid\u00e9o par le biais des messageries du groupe Meta, comme WhatsApp. Dans tous les cas, l\u2019image est stable et de qualit\u00e9.<\/p>\n<p> <img loading=\"lazy\" decoding=\"async\" class=\"size-full wp-image-1273143\" src=\"https:\/\/www.europesays.com\/fr\/wp-content\/uploads\/2025\/05\/meta-branche.jpg\" alt=\"Meta Branche\" width=\"1500\" height=\"1000\"  \/>\u00a9 01net <\/p>\n<p>Les fonctions de l\u2019appareil photo peuvent \u00eatre activ\u00e9es par le biais du contr\u00f4le vocal, mais on a toujours pr\u00e9f\u00e9r\u00e9 se servir de la touche physique des lunettes. C\u2019est plus discret et plus pratique. Afin d\u2019\u00e9viter que les porteurs se servent des lunettes pour prendre des photos \u00e0 l\u2019insu de leur entourage, Meta a plac\u00e9 <strong>un t\u00e9moin lumineux<\/strong>. Celui-ci s\u2019allume quand vous prenez une photo ou que vous enregistrerez une vid\u00e9o. Selon nous, il est facile de passer \u00e0 c\u00f4t\u00e9 de l\u2019indicateur lumineux, surtout en plein jour. Nos proches n\u2019ont g\u00e9n\u00e9ralement pas remarqu\u00e9 que nous avions pris des photos d\u2019eux \u00e0 leur insu. C\u2019est dommage \u00e9tant donn\u00e9 que Meta a mis en place ce syst\u00e9me pour \u00e9viter les abus.<\/p>\n<p> <img loading=\"lazy\" decoding=\"async\" class=\"size-full wp-image-1273150\" src=\"https:\/\/www.europesays.com\/fr\/wp-content\/uploads\/2025\/05\/photos-meta-ray-ban.jpg\" alt=\"Photos Meta Ray Ban\" width=\"1500\" height=\"1000\"  \/>\u00a9 01net <\/p>\n<p>Les photos prises par les lunettes sont plut\u00f4t de bonne qualit\u00e9, surtout dans de bonnes conditions de luminosit\u00e9. On est \u00e9videmment loin d\u2019atteindre la qualit\u00e9 d\u2019image d\u2019un smartphone haut de gamme r\u00e9cent, mais le r\u00e9sultat est loin d\u2019\u00eatre honteux. Si vous utilisez un smartphone qui date d\u2019il y a quelques ann\u00e9es, vous ne verrez peut-etre pas la diff\u00e9rence.<\/p>\n<p> <img loading=\"lazy\" decoding=\"async\" class=\"size-full wp-image-1273152\" src=\"https:\/\/www.europesays.com\/fr\/wp-content\/uploads\/2025\/05\/ray-ban-meta-test-photos.jpg\" alt=\"Ray Ban Meta Test Photos\" width=\"1500\" height=\"1000\"  \/>\u00a9 01net <\/p>\n<p>On a surtout appr\u00e9ci\u00e9 le fait de pouvoir immortaliser un moment fort, sans devoir se cacher derrierre l\u2019\u00e9cran de notre smartphone. Avec les Ray-Ban de Meta, vous pouvez vivre le moment pr\u00e9sent tout en enregistrant des souvenirs. On a vite pris l\u2019habitude d\u2019enfiler les lunettes quand un \u00e9v\u00e9nement marquant est pr\u00e9vu, comme une visite touristique, une balade dans un lieu insolite ou une festivit\u00e9 est pr\u00e9vue. Dans ces cas de figure, on a beaucoup aim\u00e9 le fait de laisser notre smartphone au fond de notre poche\u2026 sans pour autant se priver de quelques souvenirs num\u00e9riques.<\/p>\n<p> <img loading=\"lazy\" decoding=\"async\" class=\"size-full wp-image-1273159\" src=\"https:\/\/www.europesays.com\/fr\/wp-content\/uploads\/2025\/05\/meta-photos.jpg\" alt=\"Meta Photos\" width=\"1500\" height=\"1000\"  \/>\u00a9 01net Audio et appels <\/p>\n<p>Les lunettes sont aussi dot\u00e9es d\u2019un microphone et d\u2019un haut-parleur qui permettent d\u2019<strong>\u00e9couter de la musique, de passer des appels<\/strong> ou encore d\u2019interagir avec Meta AI (on y reviendra plus tard). Durant notre test, nous avons pass\u00e9 plusieurs appels t\u00e9l\u00e9phoniques et \u00e9cout\u00e9 de la musique, ou des s\u00e9ries, avec les lunettes. Dans un environnement calme, le son est plut\u00f4t de bonne qualit\u00e9 et les communications sont claires. On a notamment test\u00e9 les lunettes dans les bois, dans notre jardin ou \u00e0 l\u2019int\u00e9rieur de notre domicile.<\/p>\n<p>Pour peu que les alentours soient un peu bruyants, vous pourriez vite regretter de ne pas avoir gliss\u00e9 d\u2019\u00e9couteurs avec r\u00e9duction de bruit dans vos oreilles. C\u2019est un excellent syst\u00e8me audio d\u2019appoint, mais elles ne remplacent pas une bonne paire d\u2019\u00e9couteurs. C\u2019est surtout le cas si vous \u00eates un m\u00e9lomane et que vous appr\u00e9ciez de bonnes basses. N\u00e9anmoins, le r\u00e9sultat est loin d\u2019\u00eatre mauvais.<\/p>\n<p> <img loading=\"lazy\" decoding=\"async\" class=\"size-full wp-image-1273160\" src=\"https:\/\/www.europesays.com\/fr\/wp-content\/uploads\/2025\/05\/meta-ray-ban-porteur.jpg\" alt=\"Meta Ray Ban Porteur\" width=\"1500\" height=\"1000\"  \/>\u00a9 01net <\/p>\n<p>Petit b\u00e9mol, les personnes aux alentours de vous vont in\u00e9vitablement entendre ce que vous \u00e9coutez si vous poussez le volume \u00e0 fond. C\u2019est inh\u00e9rent aux syst\u00e8mes audio reposant sur la conduction osseuse. N\u2019imaginez pas \u00e9couter discr\u00e8tement de la musique en plein milieu d\u2019un open space ou durant un repas de famille un peu ennuyeux sans vous faire rep\u00e9rer\u2026 De m\u00eame, il s\u2019av\u00e8re que les communications des lunettes dans les haut-parleurs sont nettement perceptibles. Si vos lunettes vous pr\u00e9viennent d\u2019un message re\u00e7u, toutes les personnes \u00e0 proximit\u00e9 risquent de l\u2019entendre.<\/p>\n<p> Application compagnon et contr\u00f4le vocal <\/p>\n<p>Les lunettes sont accompagn\u00e9es d\u2019une application d\u00e9di\u00e9e, Meta AI (autrefois appel\u00e9e Meta View). Cette application permet de configurer l\u2019accessoire, de r\u00e9gler l\u2019intelligence artificielle ou de g\u00e9rer la traduction temps r\u00e9el (on y reviendra plus bas). C\u2019est \u00e9galement au sein de cette application que vous allez retrouver tous les contenus enregistr\u00e9s avec l\u2019appareil photo, comme des clich\u00e9s et des vid\u00e9os. L\u2019application permet de t\u00e9l\u00e9charger les contenus de votre choix et de les glisser dans la galerie de votre smartphone. Les lunettes embarquent 32 Go de stockage, ce qui est largement suffisant dans la mesure o\u00f9 on transf\u00e8re r\u00e9guli\u00e8rement les contenus enregistr\u00e9s sur notre t\u00e9l\u00e9phone.<\/p>\n<p> <img loading=\"lazy\" decoding=\"async\" class=\"size-full wp-image-1273153\" src=\"https:\/\/www.europesays.com\/fr\/wp-content\/uploads\/2025\/05\/meta-ai-app.jpg\" alt=\"Meta Ai App\" width=\"1500\" height=\"1000\"  \/>\u00a9 01net <\/p>\n<p>L\u2019application est simple, efficace et relativement intuitive.\u00a0Les Ray-Ban intelligentes embarquent aussi un syst\u00e8me de notifications et de contr\u00f4le vocal. Quand vous recevez un message ou un appel, les lunettes vont vous avertir par le biais du microphone situ\u00e9 dans la branche. Vous pouvez aussi lancer n\u2019importe laquelle des fonctionnalit\u00e9s des lunettes avec une requ\u00eate vocale. Ce syst\u00e8me tient ses promesses. Sauf exception particuli\u00e8re, les lunettes comprennent ce que vous voulez leur dire. C\u2019est plus compliqu\u00e9 dans un environnement bruyant, comme au beau milieu d\u2019une foule ou d\u2019un bar anim\u00e9.<\/p>\n<p> Autonomie et recharge <\/p>\n<p>Les lunettes sont fournies avec <strong>un \u00e9tui de recharge<\/strong>. Fort \u00e9l\u00e9gant, il est tr\u00e8s semblable aux \u00e9tuis en similicuir qui accompagnent habituellement les paires de Ray-Ban. On y retrouve aussi le meme fermoir magn\u00e9tique.\u00a0Sur la pochette, on trouve un cercle lumineux qui indique le niveau de recharge. Si celui est de couleur verte, c\u2019est que la recharge est compl\u00e9te. Un t\u00e9moin LED orange indique que la recharge de la batterie est en cours. Quant \u00e0 lui, l\u2019\u00e9tui se recharge par le biais de son port USB-C.<\/p>\n<p> <img loading=\"lazy\" decoding=\"async\" class=\"size-full wp-image-1273154\" src=\"https:\/\/www.europesays.com\/fr\/wp-content\/uploads\/2025\/05\/etui-meta-ray-ban.jpg\" alt=\"Etui Meta Ray Ban\" width=\"1500\" height=\"1000\"  \/>\u00a9 01net <\/p>\n<p>Avec la batterie des lunettes, Meta promet jusqu\u2019\u00e0 <strong>4 heures d\u2019utilisation continue<\/strong>. Selon notre exp\u00e9rience, c\u2019est largement suffisant pour pouvoir filmer ou prendre des photos pendant un \u00e9v\u00e9nement, comme une soir\u00e9e, ou durant une balade. Nous ne sommes jamais tomb\u00e9s \u00e0 court. Quand vous n\u2019utilisez les fonctions connect\u00e9es, la batterie se maintient particuli\u00e9rement bien.<\/p>\n<p> <img loading=\"lazy\" decoding=\"async\" class=\"size-full wp-image-1273156\" src=\"https:\/\/www.europesays.com\/fr\/wp-content\/uploads\/2025\/05\/boitier-recharge-meta-ray-ban.jpg\" alt=\"Boitier Recharge Meta Ray Ban\" width=\"1500\" height=\"1000\"  \/>\u00a9 01net <\/p>\n<p>Une fois que la batterie des lunettes arrive \u00e0 son terme, il suffit de les glisser dans l\u2019\u00e9tui pour lancer la recharge. Le boitier promet jusqu\u2019\u00e0 36 heures d\u2019utilisation combin\u00e9e des lunettes. Les lunettes atteignent 50\u00a0% de charge en environ 20 minutes lorsqu\u2019elles sont plac\u00e9es dans l\u2019\u00e9tui. Sur le terrain de l\u2019autonomie, nous n\u2019avons pas grand-chose \u00e0 reprocher aux lunettes. L\u2019autonomie suffit pour r\u00e9pondre aux promesses de la marque. Il faut cependant bien penser \u00e0 recharger le boitier de temps en temps pour ne pas tomber \u00e0 court de jus au mauvais moment.<\/p>\n<p> Que vaut l\u2019IA des lunettes de Meta\u00a0? <\/p>\n<p>Il y a quelques semaines, Meta a d\u00e9ploy\u00e9 une IA qui permet aux lunettes de devenir les yeux du porteur. Par le biais de l\u2019appareil photo, l\u2019IA verra absolument <strong>tout ce que vous voyez<\/strong>. Pour lui demander ce que vous avez devant vous, il suffit de lancer un \u201cHey Meta, qu\u2019est-ce que je regarde\u201d. L\u2019IA d\u00e9crit alors tout ce qui trouve devant le porteur.<\/p>\n<p> <img loading=\"lazy\" decoding=\"async\" class=\"size-full wp-image-1273161\" src=\"https:\/\/www.europesays.com\/fr\/wp-content\/uploads\/2025\/05\/meta-ray-ban-porteur-2.jpg\" alt=\"Meta Ray Ban Porteur 2\" width=\"1500\" height=\"1000\"  \/>\u00a9 01net <\/p>\n<p>Une fois que l\u2019IA a vu ce que vous voyez, vous pouvez lui demander des informations sur votre environnement. On a remarqu\u00e9 que les descriptions fournies par l\u2019IA \u00e9taient souvent plut\u00f4t sommaires. Meta AI ne semble pas percevoir les d\u00e9tails des alentours de votre environnement. Par exemple, on a demand\u00e9 \u00e0 l\u2019IA g\u00e9n\u00e9rative de Meta de d\u00e9crire notre jardin. L\u2019IA a omis de pr\u00e9ciser que notre chat se baladait en plein milieu de la pelouse. C\u2019\u00e9tait pourtant un \u00e9l\u00e9ment central de ce que nous avions devant les yeux.<\/p>\n<p>Par ailleurs, Meta AI ne per\u00e7oit pas avec pr\u00e9cision les d\u00e9tails d\u2019un appareil sous vos yeux. \u00c0 titre d\u2019exemple, nous avons demand\u00e9 \u00e0 l\u2019IA comment allumer le moteur d\u2019un spa domestique, qui se trouvait devant nous. Le chatbot s\u2019est content\u00e9 de nous conseiller\u2026 d\u2019appuyer sur le bouton de d\u00e9marrage. En l\u2019\u00e9tat des choses, l\u2019IA n\u2019est pas vraiment capable de vous aider dans vos t\u00e2ches de la vie quotidienne. Contrairement \u00e0 l\u2019intelligence visuelle de ChatGPT, Meta AI ne va pas aller brasser le web \u00e0 la recherche d\u2019informations pr\u00e9cises susceptibles de vous aider. De facto, ses r\u00e9ponses restent g\u00e9n\u00e9riques\u2026. et donc assez inutiles. C\u2019est pourquoi Meta AI n\u2019a pas pu nous aider \u00e0 faire fonctionner notre nouvelle machine \u00e0 caf\u00e9. En fait, l\u2019IA n\u2019en sait pas plus que vous.<\/p>\n<p>Autre exemple, on a demand\u00e9 \u00e0 Meta AI de nous donner le nom d\u2019une plante face \u00e0 nous, et les r\u00e9sultats \u00e9taient un peu al\u00e9atoires. L\u2019IA a reconnu notre monstera deliciosa (une plante verte avec de grandes et larges feuilles), un bouquet de tulipes, mais a confondu une rose de No\u00ebl avec un cactus. L\u00e0 encore, l\u2019intelligence artificielle p\u00e8che par son manque de pr\u00e9cision.<\/p>\n<p> <img loading=\"lazy\" decoding=\"async\" class=\"size-full wp-image-1271386\" src=\"https:\/\/www.europesays.com\/fr\/wp-content\/uploads\/2025\/05\/meta-ai-traduction.jpg\" alt=\"Meta Ai Traduction\" width=\"1500\" height=\"1000\"  \/>\u00a9 01Net <\/p>\n<p>Dans le sillage de l\u2019IA, Meta a aussi d\u00e9ploy\u00e9 <a href=\"https:\/\/www.01net.com\/tests\/test-traduction-temps-reel-lunettes-ray-ban-meta.html\" target=\"_blank\" rel=\"noopener\">une fonction de traduction en temps r\u00e9el sur les lunettes<\/a>. Le syst\u00e8me s\u2019est montr\u00e9 plut\u00f4t convaincant pour les \u00e9changes les plus basiques. Pour les conversations plus riches et complexes, il n\u2019est malheureusement pas \u00e0 la hauteur.<\/p>\n<p> Un prix coh\u00e9rent <\/p>\n<p>Meta propose les Ray-Ban connect\u00e9es au prix de d\u00e9part de 319 euros en France. En fonction du mod\u00e9le choisi (Wayfarer, Headliner, Skyler) et des verres, le prix peut grimper jusqu\u2019\u00e0 plus de 400 euros. C\u2019est loin d\u2019\u00eatre excessif quand on pense \u00e0 la grille tarifaire pratiqu\u00e9e par Ray-Ban pour ses lunettes traditionnelles. Il n\u2019est pas rare de d\u00e9bourser entre 110 et 150 euros pour des lunettes de la marque. En d\u2019autres termes, il ne faut ajouter qu\u2019autour de 200 euros pour obtenir la version connect\u00e9e.<\/p>\n<p> Le futur est-il devant nos yeux\u00a0? <\/p>\n<p>Avec les Ray-Ban intelligentes, Meta propose <strong>un aper\u00e7u convaincant du futur<\/strong> \u00e0 un prix d\u00e9cent. Dans les ann\u00e9es \u00e0 venir, les accessoires de cet acabit, anim\u00e9s par une IA, sont susceptibles de se multiplier, \u00e0 tel point que le traditionnel smartphone pourrait finir par devenir obsol\u00e8te.<\/p>\n<p>Pour convaincre, les lunettes disposent d\u2019une s\u00e9rie d\u2019atouts, comme un design discret, un appareil photo de qualit\u00e9, une IA pleine d\u2019ambition et de promesses, et un syst\u00e8me de traduction prometteur. Cependant, une grande partie des fonctions de Ray-Ban de Meta sont <strong>encore \u00e0 leurs balbutiements<\/strong>. C\u2019est surtout le cas de l\u2019IA int\u00e9gr\u00e9e et de la fonction de traduction, qu\u2019on a h\u00e2te de voir \u00e9voluer. On regrettera aussi que les lunettes soient totalement d\u00e9pendantes de votre smartphone\u2026 l\u2019appareil qu\u2019elles sont appel\u00e9es \u00e0 remplacer.<\/p>\n<p>Sauf surprise, la proposition de Meta va s\u2019enrichir et s\u2019am\u00e9liorer dans les ann\u00e9es \u00e0 venir. Les rumeurs pointent d\u00e9j\u00e0 vers une paire de lunettes connect\u00e9es munies d\u2019un \u00e9cran pour offrir de vraies fonctions de r\u00e9alit\u00e9 augment\u00e9e. Au vu des prouesses des Ray-Ban actuelles, on a h\u00e2te de d\u00e9couvrir ce que nous r\u00e9serve Meta\u2026<\/p>\n<blockquote>\n<p class=\"text-base text-neutral-700 dark:text-neutral-300\">\ud83d\udd34 Pour ne manquer aucune actualit\u00e9 de 01net, suivez-nous sur <a href=\"https:\/\/news.google.com\/publications\/CAAqBwgKMJPsvAswoIfUAw?hl=fr&amp;gl=FR&amp;ceid=FR%3Afr\" target=\"_blank\" rel=\"noopener\">Google Actualit\u00e9s<\/a> et <a href=\"https:\/\/whatsapp.com\/channel\/0029VaH5gKg6xCSG9nQQhQ1Z\" target=\"_blank\" rel=\"noopener\">WhatsApp<\/a>.<\/p>\n<\/blockquote>\n","protected":false},"excerpt":{"rendered":"Fin 2023, Meta a lanc\u00e9 une gamme de lunettes connect\u00e9es avec Ray-Ban. Les lunettes se distinguent par l\u2019int\u00e9gration&hellip;\n","protected":false},"author":2,"featured_media":126767,"comment_status":"","ping_status":"","sticky":false,"template":"","format":"standard","meta":{"footnotes":""},"categories":[7],"tags":[1011,27,1016,9302,1017,43,40,41,39,42,44],"class_list":{"0":"post-126766","1":"post","2":"type-post","3":"status-publish","4":"format-standard","5":"has-post-thumbnail","7":"category-sciences-et-technologies","8":"tag-fr","9":"tag-france","10":"tag-meta","11":"tag-meta-ai","12":"tag-ray-ban","13":"tag-science","14":"tag-science-and-technology","15":"tag-sciences","16":"tag-sciences-et-technologies","17":"tag-technologies","18":"tag-technology"},"share_on_mastodon":{"url":"https:\/\/pubeurope.com\/@fr\/114568094443956504","error":""},"_links":{"self":[{"href":"https:\/\/www.europesays.com\/fr\/wp-json\/wp\/v2\/posts\/126766","targetHints":{"allow":["GET"]}}],"collection":[{"href":"https:\/\/www.europesays.com\/fr\/wp-json\/wp\/v2\/posts"}],"about":[{"href":"https:\/\/www.europesays.com\/fr\/wp-json\/wp\/v2\/types\/post"}],"author":[{"embeddable":true,"href":"https:\/\/www.europesays.com\/fr\/wp-json\/wp\/v2\/users\/2"}],"replies":[{"embeddable":true,"href":"https:\/\/www.europesays.com\/fr\/wp-json\/wp\/v2\/comments?post=126766"}],"version-history":[{"count":0,"href":"https:\/\/www.europesays.com\/fr\/wp-json\/wp\/v2\/posts\/126766\/revisions"}],"wp:featuredmedia":[{"embeddable":true,"href":"https:\/\/www.europesays.com\/fr\/wp-json\/wp\/v2\/media\/126767"}],"wp:attachment":[{"href":"https:\/\/www.europesays.com\/fr\/wp-json\/wp\/v2\/media?parent=126766"}],"wp:term":[{"taxonomy":"category","embeddable":true,"href":"https:\/\/www.europesays.com\/fr\/wp-json\/wp\/v2\/categories?post=126766"},{"taxonomy":"post_tag","embeddable":true,"href":"https:\/\/www.europesays.com\/fr\/wp-json\/wp\/v2\/tags?post=126766"}],"curies":[{"name":"wp","href":"https:\/\/api.w.org\/{rel}","templated":true}]}}