{"id":126768,"date":"2025-05-25T10:52:08","date_gmt":"2025-05-25T10:52:08","guid":{"rendered":"https:\/\/www.europesays.com\/fr\/126768\/"},"modified":"2025-05-25T10:52:08","modified_gmt":"2025-05-25T10:52:08","slug":"paraplegique-apres-un-accident-laura-25-ans-porte-plainte-contre-son-assureur","status":"publish","type":"post","link":"https:\/\/www.europesays.com\/fr\/126768\/","title":{"rendered":"Parapl\u00e9gique apr\u00e8s un accident, Laura, 25\u00a0ans, porte plainte contre son assureur"},"content":{"rendered":"<p class=\"paragraph text_align_left\">Une vie boulevers\u00e9e en plein envol. Le 4 juin 2020, Laura, 20 ans, marche dans le massif de Belledonne en Savoie. Cette sportive accomplie se perd et chute d\u2018une cinquantaine de m\u00e8tres. Elle est h\u00e9liport\u00e9e par les CRS. Le verdict des m\u00e9decins sera sans appel : la jeune femme est parapl\u00e9gique. Le d\u00e9but d\u2018un long calvaire.<\/p>\n<p class=\"paragraph text_align_left\">Apr\u00e8s trois mois en centre de r\u00e9\u00e9ducation, Laura regagne le domicile de ses parents. Faute de mieux, elle int\u00e8gre leur petit studio du rez-de-chauss\u00e9e. Assur\u00e9e \u00e0 la MAIF, elle b\u00e9n\u00e9ficie d\u2018un contrat \u00ab Praxis \u00bb cens\u00e9 <a href=\"https:\/\/www.leparisien.fr\/economie\/votre-argent\/a-quoi-sert-la-garantie-des-accidents-de-la-vie-12-06-2018-7767498.php\" target=\"_blank\" rel=\"noreferrer nofollow noopener\">garantir les accidents de la vie<\/a>. Cinq ans plus tard, seuls 18 000 euros lui ont \u00e9t\u00e9 vers\u00e9s. Bien loin des sommes auxquelles elle a droit.<\/p>\n","protected":false},"excerpt":{"rendered":"Une vie boulevers\u00e9e en plein envol. Le 4 juin 2020, Laura, 20 ans, marche dans le massif de&hellip;\n","protected":false},"author":2,"featured_media":126769,"comment_status":"","ping_status":"","sticky":false,"template":"","format":"standard","meta":{"footnotes":""},"categories":[6],"tags":[35,459,33,34,118,1011,27],"class_list":{"0":"post-126768","1":"post","2":"type-post","3":"status-publish","4":"format-standard","5":"has-post-thumbnail","7":"category-economie","8":"tag-business","9":"tag-departements-horsidfo","10":"tag-economie","11":"tag-economy","12":"tag-faits-divers","13":"tag-fr","14":"tag-france"},"share_on_mastodon":{"url":"https:\/\/pubeurope.com\/@fr\/114568098378829517","error":""},"_links":{"self":[{"href":"https:\/\/www.europesays.com\/fr\/wp-json\/wp\/v2\/posts\/126768","targetHints":{"allow":["GET"]}}],"collection":[{"href":"https:\/\/www.europesays.com\/fr\/wp-json\/wp\/v2\/posts"}],"about":[{"href":"https:\/\/www.europesays.com\/fr\/wp-json\/wp\/v2\/types\/post"}],"author":[{"embeddable":true,"href":"https:\/\/www.europesays.com\/fr\/wp-json\/wp\/v2\/users\/2"}],"replies":[{"embeddable":true,"href":"https:\/\/www.europesays.com\/fr\/wp-json\/wp\/v2\/comments?post=126768"}],"version-history":[{"count":0,"href":"https:\/\/www.europesays.com\/fr\/wp-json\/wp\/v2\/posts\/126768\/revisions"}],"wp:featuredmedia":[{"embeddable":true,"href":"https:\/\/www.europesays.com\/fr\/wp-json\/wp\/v2\/media\/126769"}],"wp:attachment":[{"href":"https:\/\/www.europesays.com\/fr\/wp-json\/wp\/v2\/media?parent=126768"}],"wp:term":[{"taxonomy":"category","embeddable":true,"href":"https:\/\/www.europesays.com\/fr\/wp-json\/wp\/v2\/categories?post=126768"},{"taxonomy":"post_tag","embeddable":true,"href":"https:\/\/www.europesays.com\/fr\/wp-json\/wp\/v2\/tags?post=126768"}],"curies":[{"name":"wp","href":"https:\/\/api.w.org\/{rel}","templated":true}]}}