{"id":126788,"date":"2025-05-25T11:05:11","date_gmt":"2025-05-25T11:05:11","guid":{"rendered":"https:\/\/www.europesays.com\/fr\/126788\/"},"modified":"2025-05-25T11:05:11","modified_gmt":"2025-05-25T11:05:11","slug":"jattends-ce-moment-depuis-longtemps","status":"publish","type":"post","link":"https:\/\/www.europesays.com\/fr\/126788\/","title":{"rendered":"\u00ab\u00a0J&rsquo;attends ce moment depuis longtemps \u00bb"},"content":{"rendered":"<p>            Par<br \/>\n        <strong><br \/>\n            <a href=\"https:\/\/actu.fr\/auteur\/isabellevilly\" title=\"Consulter tous les articles de Isabelle Villy\" rel=\"nofollow noopener\" target=\"_blank\">Isabelle Villy<\/a><br \/>\n        <\/strong><\/p>\n<p>        Publi\u00e9 le<\/p>\n<p>            25 mai 2025 \u00e0 12h02        <\/p>\n<p>Sur les murs de son bureau, \u00e0 la mairie de <a href=\"https:\/\/actu.fr\/normandie\/darnetal_76212\" rel=\"nofollow noopener\" target=\"_blank\">Darn\u00e9tal<\/a>, les traces des anciens cadres accroch\u00e9s par son pr\u00e9d\u00e9cesseur sont encore visibles : <a href=\"https:\/\/actu.fr\/normandie\/darnetal_76212\/christopher-langlois-officiellement-elu-maire-de-darnetal_62640448.html\" rel=\"nofollow noopener\" target=\"_blank\">Christopher Langlois, \u00e9lu officiellement maire de la ville<\/a>, le 10\u00a0mai dernier, n\u2019a en effet pas encore eu le temps de personnaliser le lieu qui \u00e9tait<strong> occup\u00e9 il y a encore quelques jours par Christian Lecerf<\/strong>. C\u2019est en t-shirt, d\u00e9contract\u00e9, qu\u2019il nous accueille pour nous livrer quelques confidences sur sa vie et la mani\u00e8re dont il envisage sa fonction de premier magistrat de la ville. <br \/>Pass\u00e9 l\u2019\u00e9motion de la passation de pouvoir avec Christian Lecerf, qui aura \u00e9t\u00e9 son mentor durant toutes ces ann\u00e9es, Christopher Langlois scrute l\u2019avenir avec lucidit\u00e9, <strong>mais beaucoup d\u2019enthousiasme<\/strong>, n\u2019ignorant pas que la t\u00e2che \u00e0 accomplir est exigeante, difficile, mais peut souvent s\u2019av\u00e9rer humainement gratifiante.<\/p>\n<p>Centre social : projet phare, symbole de la fin de mandat<\/p>\n<p class=\" wall-content\"><strong>Mener \u00e0 terme les projets engag\u00e9s<\/strong> durant ce mandat en cours, c\u2019est une priorit\u00e9 pour Christopher Langlois, qui n\u2019occulte \u00e9videmment pas le fait que les prochaines \u00e9lections <a href=\"https:\/\/actu.fr\/politique\/elections-municipales\" rel=\"nofollow noopener\" target=\"_blank\">municipales auront lieu en 2026<\/a> et que d\u00e9j\u00e0, en septembre, on entrera en p\u00e9riode pr\u00e9-\u00e9lectorale.<\/p>\n<p class=\" wall-content\">\u00ab L\u00e0, on va s\u2019occuper de finir les projets du mandat, avec notamment <strong>l\u2019ouverture du centre social<\/strong>, pr\u00e9vue en septembre. C\u2019est un projet phare, un symbole de cette fin de mandat \u00bb, insiste Christopher Langlois, qui confie qu\u2019il a bien l\u2019intention \u00e9galement d\u2019occuper le terrain, pour rencontrer les habitants et tous ceux qui font la Ville de Darn\u00e9tal.<\/p>\n<p class=\" wall-content\">Une fa\u00e7on de prendre ses marques en tant que maire en somme, et pour ce faire, il va mettre en parenth\u00e8se sa fonction de directeur d\u2019\u00e9cole, en faisant une demande de d\u00e9tachement d\u00e8s le 1er septembre.<\/p>\n<p>Christopher Langlois a grandi \u00e0 Darn\u00e9tal<\/p>\n<p class=\" wall-content\">Darn\u00e9talais depuis l\u2019\u00e2ge de trois ans, Christopher Langlois a tous ses souvenirs dans la ville : il a grandi dans le quartier du Parc du Robec, a \u00e9t\u00e9 scolaris\u00e9 \u00e0 Ferry, et sa famille habite \u00e0 Darn\u00e9tal. <strong>Autant dire qu\u2019il conna\u00eet la ville de l\u2019int\u00e9rieur<\/strong> pour l\u2019avoir pratiqu\u00e9e depuis tout petit.<\/p>\n<p class=\" wall-content\">\u00ab Mes parents \u00e9taient tr\u00e8s investis dans le monde associatif et \u00e0 la maison, on parlait \u00e0 l\u2019\u00e9poque de la mairie aussi : on savait que Genevi\u00e8ve Pr\u00e9terre allait passer la main et que Christian Lecerf prendrait la suite. J\u2019ai eu envie de m\u2019investir aupr\u00e8s des \u00e9lus et j\u2019ai envoy\u00e9 cette fameuse lettre que Christian Lecerf a \u00e9voqu\u00e9e lors des v\u0153ux \u00e0 la population. Il m\u2019a re\u00e7u avec ses adjoints : <strong>\u00e0 l\u2019\u00e9poque, c\u2019\u00e9tait impensable pour moi !<\/strong> \u00bb, confie Christopher Langlois, qui a \u00e9t\u00e9 vite \u00e9t\u00e9 mis dans le bain.<\/p>\n<blockquote class=\"ac-article-quote wall-content\">\n<p>C\u2019\u00e9tait vraiment mon truc. L\u2019\u00e9cole, c\u2019est mon m\u00e9tier et c\u2019est vraiment un domaine dans lequel la Ville peut agir.<\/p>\n<p>Christopher Langlois<\/p><\/blockquote>\n<p class=\" wall-content\">Conseiller municipal dans le premier mandat de Christian Lecerf, Christopher Langlois devait en parall\u00e8le poursuivre ses \u00e9tudes \u00e0 la Fac, inscrit en STAPS (Sciences et techniques des activit\u00e9s physiques et sportives), avant de passer un Master pour devenir professeur des \u00e9coles. Et en m\u00eame temps, il travaillait dans une grande surface pour payer son appartement et \u00e9tait aussi pr\u00e9sident du club de football. Autant dire qu\u2019il sait d\u00e9j\u00e0 comment mener de front plusieurs activit\u00e9s.<\/p>\n<p>\u00ab L\u2019\u00e9cole, c\u2019est le sujet majeur \u00bb<\/p>\n<p class=\" wall-content\">Directeur de campagne de Christian Lecerf, pour ses deuxi\u00e8me et troisi\u00e8me mandats, Christopher Langlois a aussi re\u00e7u une d\u00e9l\u00e9gation pour Europe \u00c9changes : un gros travail, certes, mais enrichissant et formateur. Et, depuis 2020,<strong> l\u2019\u00e9lu a \u00e9t\u00e9 nomm\u00e9 \u00e0 la t\u00eate de Jeunesse et Sport.<\/strong> \u00ab C\u2019\u00e9tait vraiment mon truc. L\u2019\u00e9cole, c\u2019est mon m\u00e9tier et c\u2019est vraiment un domaine dans lequel la Ville peut agir \u00bb, souligne-t-il. Il a pris sa mission \u00e0 bras-le-corps et constate que de nombreuses choses ont \u00e9t\u00e9 faites : v\u00e9g\u00e9talisation des cours d\u2019\u00e9coles, num\u00e9rique, cantine \u00e0 un euro\u2026 Autant de sujets qu\u2019il a d\u00e9fendus et sur lesquels il a \u0153uvr\u00e9 avec la majorit\u00e9 municipale.<\/p>\n<p class=\" wall-content\">\u00ab L\u2019\u00e9cole, c\u2019est le sujet majeur. C\u2019est l\u2019avenir \u00bb, ajoute le nouveau maire. Avec 800 enfants scolaris\u00e9s dans le public, \u00e0 Darn\u00e9tal (1000 si l\u2019on compte le priv\u00e9), la Ville continue en effet de tenir son r\u00f4le aupr\u00e8s des enfants : le dernier chantier en date <strong>est celui de l\u2019accessibilit\u00e9,<\/strong> pour faire des rampes ou encore installer des ascenseurs.<\/p>\n<p>Appartenance politique : il suffit d\u2019\u00eatre \u00ab r\u00e9publicain \u00bb<\/p>\n<p class=\" wall-content\">Bien s\u00fbr, Christopher Langlois n\u2019ignore pas qu\u2019\u00eatre aux affaires dans une ville, c\u2019est aussi travailler avec les institutions que sont le D\u00e9partement de la Seine-Maritime, ou encore la M\u00e9tropole Rouen Normandie, comp\u00e9tentes dans de nombreux domaines qui font la vie quotidienne pour les habitants.<\/p>\n<p class=\" wall-content\">Et pour l\u2019\u00e9lu, si un th\u00e8me doit \u00eatre encore d\u00e9velopp\u00e9 aujourd\u2019hui, <strong>c\u2019est celui des transports en commun<\/strong>. \u00ab C\u2019est important que les gens puissent se d\u00e9placer facilement. Il faut travailler sur la mobilit\u00e9 et tous les types de transport \u00bb, fait valoir le maire qui affirme avec force : \u00ab Je m\u2019entends bien avec tout le monde. Je n\u2019ai pas de probl\u00e8me\u2026 avec personne \u00bb. Ceci pour redire que l\u2019appartenance politique n\u2019est, pour lui, \u00e0 Darn\u00e9tal, <strong>pas un sujet<\/strong>. \u00ab Je suis incapable de dire qui vote pour qui dans l\u2019\u00e9quipe. Pour moi, l\u2019essentiel, c\u2019est qu\u2019il n\u2019y a que des r\u00e9publicains dans notre majorit\u00e9 \u00bb, soutient Christopher Langlois.<\/p>\n<p>\u00ab Une belle aventure \u00bb commence<\/p>\n<p class=\" wall-content\">Avec humilit\u00e9 et le sens des responsabilit\u00e9s qui lui incombent : c\u2019est ainsi que Christopher Langlois envisage son r\u00f4le de maire de Darn\u00e9tal. \u00ab C\u2019est une belle aventure. <strong>J\u2019attends ce moment depuis longtemps<\/strong>, c\u2019est une progression naturelle. Je suis locataire jusqu\u2019au mois de mars, on verra ensuite apr\u00e8s les \u00e9lections \u00bb, conclut Christopher Langlois, convaincu que le maire \u00ab est le dernier \u00e9chelon dans lequel la population peut avoir confiance \u00bb.<\/p>\n<p>Suivez l\u2019actualit\u00e9 de Rouen <a href=\"https:\/\/www.whatsapp.com\/channel\/0029VaKfnf99hXF2ddApFB1D\" rel=\"nofollow noopener\" target=\"_blank\">sur notre cha\u00eene WhatsApp<\/a> et <a href=\"https:\/\/www.tiktok.com\/@76actu.fr?lang=fr\" rel=\"nofollow noopener\" target=\"_blank\">sur notre compte TikTok<\/a><\/p>\n<p class=\" wall-content\">Suivez toute l\u2019actualit\u00e9 de vos villes et m\u00e9dias favoris en vous inscrivant \u00e0 <a href=\"https:\/\/moncompte.actu.fr\" title=\"D\u00e9couvez Mon Actu\" rel=\"nofollow noopener\" data-trk=\"{&quot;cta&quot;:{&quot;action&quot;:&quot;https:\\\/\\\/moncompte.actu.fr&quot;,&quot;category&quot;:&quot;mon compte&quot;,&quot;from&quot;:&quot;article footer&quot;,&quot;name&quot;:&quot;Mon actu&quot;,&quot;type&quot;:&quot;cta&quot;}}\" target=\"_blank\">Mon Actu<\/a>.<\/p>\n<p>                    <script async src=\"\/\/www.tiktok.com\/embed.js\"><\/script><\/p>\n","protected":false},"excerpt":{"rendered":"Par Isabelle Villy Publi\u00e9 le 25 mai 2025 \u00e0 12h02 Sur les murs de son bureau, \u00e0 la&hellip;\n","protected":false},"author":2,"featured_media":126789,"comment_status":"","ping_status":"","sticky":false,"template":"","format":"standard","meta":{"footnotes":""},"categories":[9587],"tags":[1111,11,1777,674,1011,27,3434,12,5161,316,25,9590],"class_list":{"0":"post-126788","1":"post","2":"type-post","3":"status-publish","4":"format-standard","5":"has-post-thumbnail","7":"category-rouen","8":"tag-actu","9":"tag-actualites","10":"tag-eu","11":"tag-europe","12":"tag-fr","13":"tag-france","14":"tag-municipales-2026","15":"tag-news","16":"tag-normandie","17":"tag-politique","18":"tag-republique-francaise","19":"tag-rouen"},"share_on_mastodon":{"url":"https:\/\/pubeurope.com\/@fr\/114568149381950097","error":""},"_links":{"self":[{"href":"https:\/\/www.europesays.com\/fr\/wp-json\/wp\/v2\/posts\/126788","targetHints":{"allow":["GET"]}}],"collection":[{"href":"https:\/\/www.europesays.com\/fr\/wp-json\/wp\/v2\/posts"}],"about":[{"href":"https:\/\/www.europesays.com\/fr\/wp-json\/wp\/v2\/types\/post"}],"author":[{"embeddable":true,"href":"https:\/\/www.europesays.com\/fr\/wp-json\/wp\/v2\/users\/2"}],"replies":[{"embeddable":true,"href":"https:\/\/www.europesays.com\/fr\/wp-json\/wp\/v2\/comments?post=126788"}],"version-history":[{"count":0,"href":"https:\/\/www.europesays.com\/fr\/wp-json\/wp\/v2\/posts\/126788\/revisions"}],"wp:featuredmedia":[{"embeddable":true,"href":"https:\/\/www.europesays.com\/fr\/wp-json\/wp\/v2\/media\/126789"}],"wp:attachment":[{"href":"https:\/\/www.europesays.com\/fr\/wp-json\/wp\/v2\/media?parent=126788"}],"wp:term":[{"taxonomy":"category","embeddable":true,"href":"https:\/\/www.europesays.com\/fr\/wp-json\/wp\/v2\/categories?post=126788"},{"taxonomy":"post_tag","embeddable":true,"href":"https:\/\/www.europesays.com\/fr\/wp-json\/wp\/v2\/tags?post=126788"}],"curies":[{"name":"wp","href":"https:\/\/api.w.org\/{rel}","templated":true}]}}