{"id":126804,"date":"2025-05-25T11:16:15","date_gmt":"2025-05-25T11:16:15","guid":{"rendered":"https:\/\/www.europesays.com\/fr\/126804\/"},"modified":"2025-05-25T11:16:15","modified_gmt":"2025-05-25T11:16:15","slug":"en-images-des-centaines-de-beaufs-reunis-pres-de-nantes-pour-le-slipfest","status":"publish","type":"post","link":"https:\/\/www.europesays.com\/fr\/126804\/","title":{"rendered":"EN IMAGES. Des centaines de beaufs r\u00e9unis pr\u00e8s de Nantes pour le Slipfest"},"content":{"rendered":"<p>            Par<br \/>\n        <strong><br \/>\n            <a href=\"https:\/\/actu.fr\/auteur\/clemence-pays02-actu-fr\" title=\"Consulter tous les articles de Cl\u00e9mence Pays\" target=\"_blank\" rel=\"noopener\">Cl\u00e9mence Pays<\/a><br \/>\n        <\/strong><\/p>\n<p>        Publi\u00e9 le<\/p>\n<p>            25 mai 2025 \u00e0 10h12        <\/p>\n<p>Ici pas de complexe. <strong>Tenues loufoques,<\/strong> accessoires qui d\u00e9tonnent ou encore coupes mulet sont fortement recommand\u00e9s \u00e0 la guinguette Les Nantais, ce week-end du samedi\u00a024 et dimanche 25\u00a0mai 2025.<\/p>\n<p class=\" wall-content\">\u00c0 l\u2019occasion de <a href=\"https:\/\/actu.fr\/pays-de-la-loire\/saint-herblain_44162\/nantes-ventriglisse-coupe-mulet-queuleuleu-la-nouvelle-edition-du-slipfest-devoile-sa-programmation_62437932.html\" target=\"_blank\" rel=\"noopener\">la seconde \u00e9dition du Slipfest<\/a>, <strong>les beaufs se sont donn\u00e9 rendez-vous<\/strong> sur le site de la Carri\u00e8re, \u00e0 <a href=\"https:\/\/actu.fr\/pays-de-la-loire\/saint-herblain_44162\" target=\"_blank\" rel=\"noopener\">Saint-Herblain<\/a>, pour faire la f\u00eate et surtout participer \u00e0 toutes sortes de concours.<\/p>\n<p>Des personnalit\u00e9s pr\u00e9sentes<\/p>\n<p class=\" wall-content\">En famille, entre amis ou m\u00eame pour f\u00eater son enterrement de vie de jeunes filles,<strong> certains sont venus de loin.<\/strong> C\u2019est le cas d\u2019une bande d\u2019amis arriv\u00e9e du Morbihan. Perruques sur la t\u00eate et lunettes de soleil XXL sur le visage, ils chantent et dansent.<\/p>\n<p>    <img   decoding=\"async\" loading=\"lazy\" src=\"https:\/\/www.europesays.com\/fr\/wp-content\/uploads\/2025\/05\/12-olivier-deschamps-slipfest-nantes-saint-herblain-la-carriere-fete-festival-beauf-960x640.jpeg\" alt=\"Bienvenu au Slipfest !\" width=\"960\" height=\"640\"\/><br \/>\n    Bienvenue au Slipfest ! Olivier Deschamps, co-organisateur de l\u2019\u00e9v\u00e9nement, a donn\u00e9 le ton avec son slip et son marcel. (\u00a9Timothy Gaignoux\/actu Nantes)<\/p>\n<p class=\" wall-content\">\u00c0 quelques m\u00e8tres, le belge <strong>El Gueu \u2013 champion intercontinental du mulet \u2013<\/strong> discute et prend le temps de faire quelques selfies. En ce qui concerne les mulets, c\u2019est lui la star. Dans la foule, avec sa perche \u00e0 selfies, le qu\u00e9b\u00e9cois <strong>Johnny Rock<\/strong>\u00a0filme tout ce qu\u2019il se passe et se met en sc\u00e8ne sur ses r\u00e9seaux sociaux. Lui aussi, c\u2019est une c\u00e9l\u00e9brit\u00e9 dans le milieu.<\/p>\n<p>Vid\u00e9os : en ce moment sur Actu<\/p>\n<p class=\" wall-content\">D\u2019ailleurs, cette coiffure a le droit \u00e0 son propre championnat d\u2019Europe. Et les <strong>qualifications r\u00e9gionales<\/strong> se d\u00e9roulent au Slipfest. Alors pour tenter leur chance, les heureux propri\u00e9taires de mulet font la queue chez le coiffeur pour rafra\u00eechir leur coupe avant de passer devant le jury de l\u2019Euro Mulet.<\/p>\n<p class=\" wall-content\"><a href=\"https:\/\/www.instagram.com\/p\/DKDA9NlsnK4\/embed\" title=\"Ouvrir le lien sur Instagram\" target=\"_blank\" rel=\"noopener\">Visualiser le contenu sur Instagram<\/a><\/p>\n<p>Cochons, coq, mouettes\u2026<\/p>\n<p class=\" wall-content\">Sur sc\u00e8ne, les concours se succ\u00e8dent. Pour le <strong>meilleur cri de cochons,<\/strong> la concurrence est rude, \u00e7a grogne, \u00e7a couine, jusqu\u2019\u00e0 en perdre son souffle. Apr\u00e8s vote du public par applaudissement, le champion est \u00e9lu.<\/p>\n<p class=\" wall-content\">Maintenant, place aux imitateurs du cri de la mouette et du coq. Dimanche, il faudra imiter <strong>le dindon.<\/strong><\/p>\n<p class=\" wall-content\">Une chose est s\u00fbre, <strong>personne ne se prend au s\u00e9rieux.<\/strong> Surtout pas les participants au concours de t-shirt XS pour homme XL. Poilues, tatou\u00e9es, bronz\u00e9es ou p\u00e2lottes, <strong>les bedaines d\u00e9passent des v\u00eatements trop petits<\/strong> et c\u2019est tant mieux. Le public applaudit et encourage ceux qui dansent sur la sc\u00e8ne en tapotant leur bidou.\u00a0Dans le public on peut m\u00eame entendre crier\u2009: \u00ab\u2009Aller papa\u2009!\u2009\u00bb<\/p>\n<p class=\" wall-content\">Tout au long de la journ\u00e9e, la f\u00eate a battu son plein samedi. Celle-ci doit se poursuivre dimanche avec toujours plus d\u2019animations pour <strong>petits et grands.<\/strong><\/p>\n<p>Samedi 24\u00a0mai, de 12\u2009h \u00e0 23\u2009h et dimanche 25\u00a0mai, de 12\u2009h \u00e0 22\u2009h, Slipfest au parc de la Carri\u00e8re, 2 rue du Souvenir Fran\u00e7ais \u00e0 Saint-Herblain.<\/p>\n<p class=\" wall-content\">Suivez toute l\u2019actualit\u00e9 de vos villes et m\u00e9dias favoris en vous inscrivant \u00e0 <a href=\"https:\/\/moncompte.actu.fr\" title=\"D\u00e9couvez Mon Actu\" rel=\"nofollow noopener\" data-trk=\"{&quot;cta&quot;:{&quot;action&quot;:&quot;https:\\\/\\\/moncompte.actu.fr&quot;,&quot;category&quot;:&quot;mon compte&quot;,&quot;from&quot;:&quot;article footer&quot;,&quot;name&quot;:&quot;Mon actu&quot;,&quot;type&quot;:&quot;cta&quot;}}\" target=\"_blank\">Mon Actu<\/a>.<\/p>\n<p>                    <script async src=\"\/\/www.instagram.com\/embed.js\"><\/script><\/p>\n","protected":false},"excerpt":{"rendered":"Par Cl\u00e9mence Pays Publi\u00e9 le 25 mai 2025 \u00e0 10h12 Ici pas de complexe. Tenues loufoques, accessoires qui&hellip;\n","protected":false},"author":2,"featured_media":126805,"comment_status":"","ping_status":"","sticky":false,"template":"","format":"standard","meta":{"footnotes":""},"categories":[2818],"tags":[1111,11,1063,1777,674,1011,27,1757,766,12,2636,25],"class_list":{"0":"post-126804","1":"post","2":"type-post","3":"status-publish","4":"format-standard","5":"has-post-thumbnail","7":"category-nantes","8":"tag-actu","9":"tag-actualites","10":"tag-animations","11":"tag-eu","12":"tag-europe","13":"tag-fr","14":"tag-france","15":"tag-insolite","16":"tag-nantes","17":"tag-news","18":"tag-pays-de-la-loire","19":"tag-republique-francaise"},"share_on_mastodon":{"url":"https:\/\/pubeurope.com\/@fr\/114568192661332089","error":""},"_links":{"self":[{"href":"https:\/\/www.europesays.com\/fr\/wp-json\/wp\/v2\/posts\/126804","targetHints":{"allow":["GET"]}}],"collection":[{"href":"https:\/\/www.europesays.com\/fr\/wp-json\/wp\/v2\/posts"}],"about":[{"href":"https:\/\/www.europesays.com\/fr\/wp-json\/wp\/v2\/types\/post"}],"author":[{"embeddable":true,"href":"https:\/\/www.europesays.com\/fr\/wp-json\/wp\/v2\/users\/2"}],"replies":[{"embeddable":true,"href":"https:\/\/www.europesays.com\/fr\/wp-json\/wp\/v2\/comments?post=126804"}],"version-history":[{"count":0,"href":"https:\/\/www.europesays.com\/fr\/wp-json\/wp\/v2\/posts\/126804\/revisions"}],"wp:featuredmedia":[{"embeddable":true,"href":"https:\/\/www.europesays.com\/fr\/wp-json\/wp\/v2\/media\/126805"}],"wp:attachment":[{"href":"https:\/\/www.europesays.com\/fr\/wp-json\/wp\/v2\/media?parent=126804"}],"wp:term":[{"taxonomy":"category","embeddable":true,"href":"https:\/\/www.europesays.com\/fr\/wp-json\/wp\/v2\/categories?post=126804"},{"taxonomy":"post_tag","embeddable":true,"href":"https:\/\/www.europesays.com\/fr\/wp-json\/wp\/v2\/tags?post=126804"}],"curies":[{"name":"wp","href":"https:\/\/api.w.org\/{rel}","templated":true}]}}