{"id":126816,"date":"2025-05-25T11:23:07","date_gmt":"2025-05-25T11:23:07","guid":{"rendered":"https:\/\/www.europesays.com\/fr\/126816\/"},"modified":"2025-05-25T11:23:07","modified_gmt":"2025-05-25T11:23:07","slug":"maman-solo-batch-cooking-et-velo-au-parc-longchamp-immersion-chez-les-sicre-soyez-a-marseille","status":"publish","type":"post","link":"https:\/\/www.europesays.com\/fr\/126816\/","title":{"rendered":"Maman solo, batch cooking et v\u00e9lo au parc Longchamp&#8230; immersion chez les Sicre-Soyez \u00e0 Marseille"},"content":{"rendered":"<p>Ce dimanche, nous d\u00e9couvrons le quotidien de Perrine, 37 ans, Lila et Sandro, 5 et 2 ans, qui habitent un immeuble des Chartreux, dans le 10e arrondissement de Marseille. Retrouvez tous les pr\u00e9c\u00e9dents \u00e9pisodes de <a href=\"https:\/\/www.laprovence.com\/dossiers\/125134\/affaires-de-famille\" target=\"_blank\" rel=\"noopener\">notre chronique \u00ab\u00a0Affaires de famille\u00a0\u00bb ici<\/a>.<\/p>\n<p>Casting<\/p>\n<p>Perrine, 37\u00a0ans, Lila, 5\u00a0ans et demi ans (et Rosa, sa poup\u00e9e\u00a0: \u00ab\u00a0C&rsquo;est ma fille et maman, c&rsquo;est sa mamie\u00a0\u00bb), Sandro, 2\u00a0ans et demi.<\/p>\n<p>Logement<\/p>\n<p>\u00c0 l&rsquo;avant-dernier \u00e9tage d&rsquo;un grand immeuble du quartier des Chartreux (Marseille, 10e), Lila et Perrine font la visite de leur appartement. \u00c0 l&rsquo;entr\u00e9e sont affich\u00e9es les r\u00e8gles de la famille\u00a0: on s&rsquo;aime et on se le dit, on croit en ses r\u00eaves, on rit aux \u00e9clats, on ne se fait pas mal. Dans l&rsquo;entr\u00e9e il y a la trottinette et la poussette de Sandro. Un couloir distribue un petit d\u00e9barras sur la droite avec des meubles \u00e0 monter et le salon sur la gauche. Au bout du couloir, la salle de bains avec une grande douche. \u00ab\u00a0J&rsquo;ai fait installer deux pommeaux parce que Lila et Sandro prennent leur douche ensemble. Comme \u00e7a, il n&rsquo;y a plus de bagarre. Franchement, c&rsquo;est le meilleur investissement de ma vie.\u00a0\u00bb Juste \u00e0 c\u00f4t\u00e9, les toilettes.<\/p>\n","protected":false},"excerpt":{"rendered":"Ce dimanche, nous d\u00e9couvrons le quotidien de Perrine, 37 ans, Lila et Sandro, 5 et 2 ans, qui&hellip;\n","protected":false},"author":2,"featured_media":126817,"comment_status":"","ping_status":"","sticky":false,"template":"","format":"standard","meta":{"footnotes":""},"categories":[2814],"tags":[17,1111,11,25043,25044,1777,674,1011,27,25045,7629,884,12,153,882,25,104,25042,208],"class_list":{"0":"post-126816","1":"post","2":"type-post","3":"status-publish","4":"format-standard","5":"has-post-thumbnail","7":"category-marseille","8":"tag-17","9":"tag-actu","10":"tag-actualites","11":"tag-batch","12":"tag-cooking","13":"tag-eu","14":"tag-europe","15":"tag-fr","16":"tag-france","17":"tag-longchamp","18":"tag-maman","19":"tag-marseille","20":"tag-news","21":"tag-parc","22":"tag-provence-alpes-cote-dazur","23":"tag-republique-francaise","24":"tag-societe","25":"tag-solo","26":"tag-velo"},"share_on_mastodon":{"url":"https:\/\/pubeurope.com\/@fr\/114568220112389091","error":""},"_links":{"self":[{"href":"https:\/\/www.europesays.com\/fr\/wp-json\/wp\/v2\/posts\/126816","targetHints":{"allow":["GET"]}}],"collection":[{"href":"https:\/\/www.europesays.com\/fr\/wp-json\/wp\/v2\/posts"}],"about":[{"href":"https:\/\/www.europesays.com\/fr\/wp-json\/wp\/v2\/types\/post"}],"author":[{"embeddable":true,"href":"https:\/\/www.europesays.com\/fr\/wp-json\/wp\/v2\/users\/2"}],"replies":[{"embeddable":true,"href":"https:\/\/www.europesays.com\/fr\/wp-json\/wp\/v2\/comments?post=126816"}],"version-history":[{"count":0,"href":"https:\/\/www.europesays.com\/fr\/wp-json\/wp\/v2\/posts\/126816\/revisions"}],"wp:featuredmedia":[{"embeddable":true,"href":"https:\/\/www.europesays.com\/fr\/wp-json\/wp\/v2\/media\/126817"}],"wp:attachment":[{"href":"https:\/\/www.europesays.com\/fr\/wp-json\/wp\/v2\/media?parent=126816"}],"wp:term":[{"taxonomy":"category","embeddable":true,"href":"https:\/\/www.europesays.com\/fr\/wp-json\/wp\/v2\/categories?post=126816"},{"taxonomy":"post_tag","embeddable":true,"href":"https:\/\/www.europesays.com\/fr\/wp-json\/wp\/v2\/tags?post=126816"}],"curies":[{"name":"wp","href":"https:\/\/api.w.org\/{rel}","templated":true}]}}