{"id":126818,"date":"2025-05-25T11:24:09","date_gmt":"2025-05-25T11:24:09","guid":{"rendered":"https:\/\/www.europesays.com\/fr\/126818\/"},"modified":"2025-05-25T11:24:09","modified_gmt":"2025-05-25T11:24:09","slug":"concerts-de-jul-au-velodrome-de-marseille-33-interpellations-apres-des-degradations-et-des-violences","status":"publish","type":"post","link":"https:\/\/www.europesays.com\/fr\/126818\/","title":{"rendered":"Concerts de Jul au V\u00e9lodrome de Marseille : 33 interpellations apr\u00e8s des d\u00e9gradations et des violences"},"content":{"rendered":"<p>Pr\u00e8s de 150.000 personnes ont assist\u00e9 aux concerts de Jul \u00e0 Marseille vendredi et samedi.Une affluence record qui a provoqu\u00e9 quelques d\u00e9bordements \u00e0 l&rsquo;ext\u00e9rieur du stade.Les forces de l&rsquo;ordre ont d\u00fb proc\u00e9der \u00e0 33 interpellations.<\/p>\n<p data-module=\"article-paragraph\" class=\"jsx-362436225 Paragraph Paragraph__End\">Le rappeur <a href=\"https:\/\/www.tf1info.fr\/culture\/video-tf1-il-est-trop-fort-ces-fans-qui-attendent-depuis-5h-du-matin-le-concert-de-jul-au-velodrome-2372598.html\" target=\"_blank\" rel=\"noopener\">Jul a enflamm\u00e9 le V\u00e9lodrome<\/a> au cours de ses deux concerts, vendredi 23 et samedi 24 mai, r\u00e9unissant pr\u00e8s de 150.000 spectateurs. Mais des incidents mineurs ont \u00e9clat\u00e9 \u00e0 l&rsquo;ext\u00e9rieur du stade, entra\u00eenant 33 interpellations, selon la pr\u00e9fecture de police.<\/p>\n<p>Des embouteillages monstres<\/p>\n<p data-module=\"article-paragraph\" class=\"jsx-362436225 Paragraph\">\u00ab\u00a0Il y a eu 33 interpellations sur les deux soirs, pour d\u00e9gradations, violences contre personnes d\u00e9positaires de l&rsquo;autorit\u00e9 publique et revente illicite de billets\u00a0\u00bb, a appris l&rsquo;AFP ce dimanche. Aucun bless\u00e9 n&rsquo;est cependant \u00e0 d\u00e9plorer car \u00ab\u00a0le risque avait \u00e9t\u00e9 identifi\u00e9 et le dispositif avait \u00e9t\u00e9 dimensionn\u00e9 en cons\u00e9quence\u00a0\u00bb, ont assur\u00e9 les autorit\u00e9s.<\/p>\n<p data-module=\"article-paragraph\" class=\"jsx-362436225 Paragraph\">Selon une source polici\u00e8re, une centaine de personnes sans billet ont tent\u00e9 de p\u00e9n\u00e9trer dans le stade samedi soir vers 20h, soit une heure avant le d\u00e9but du spectacle, et ont \u00e9t\u00e9 repouss\u00e9es par les forces de l&rsquo;ordre. La boutique du club de l&rsquo;Olympique de Marseille, situ\u00e9e au pied du V\u00e9lodrome, a \u00e9t\u00e9 la cible de \u00ab\u00a0d\u00e9gradations\u00a0\u00bb mais \u00ab\u00a0il n&rsquo;y a pas eu de pillage\u00a0\u00bb, a pr\u00e9cis\u00e9 la pr\u00e9fecture de police de la cit\u00e9 phoc\u00e9enne.<\/p>\n<p data-module=\"article-paragraph\" class=\"jsx-362436225 Paragraph Paragraph__End\">Les deux concerts du rappeur marseillais ont suscit\u00e9 un engouement exceptionnel, provoquant d&rsquo;importants embouteillages dans et aux abords de la deuxi\u00e8me ville de France. La pr\u00e9fecture avait appel\u00e9 les voyageurs \u00e0 anticiper ou d\u00e9caler leurs d\u00e9placements depuis les gares d&rsquo;Aix-en-Provence et Marseille, comme depuis l&rsquo;a\u00e9roport.<\/p>\n<ul class=\"jsx-3657663356 ReadMoreArticle__List flex flex-column\">\n<li class=\"jsx-3657663356\"><a href=\"https:\/\/www.tf1info.fr\/culture\/video-reportage-il-donne-de-la-force-a-tout-le-monde-jul-a-electrise-le-stade-velodrome-de-marseille-2372825.html\" rel=\"noopener\" class=\"jsx-4233824444 Link flex\" target=\"_blank\"><img decoding=\"async\" src=\"https:\/\/www.europesays.com\/fr\/wp-content\/uploads\/2025\/05\/jul-velodrome-51aa14-0@1x.jpeg\" alt=\"Lire aussi\" loading=\"lazy\" importance=\"low\" fetchpriority=\"low\" class=\"\"\/>\n<p class=\"jsx-3657663356 ReadMoreArticle__Title\">Lire aussi<\/p>\n<p class=\"jsx-3657663356\">\u00ab\u00a0Il donne de la force \u00e0 tout le monde\u00a0\u00bb : Jul a \u00e9lectris\u00e9 le stade V\u00e9lodrome de Marseille<\/p>\n<p><\/a><\/li>\n<\/ul>\n<p data-module=\"article-paragraph\" class=\"jsx-362436225 Paragraph Paragraph__End\">Plus de 73.000 personnes, dont de nombreuses personnalit\u00e9s de la culture, du sport ou de la politique, ont assist\u00e9 \u00e0 chacun des deux concerts, pour lesquels Jul, artiste le plus \u00e9cout\u00e9 en France en 2024 sur Spotify,\u00a0avait invit\u00e9 pl\u00e9thore d&rsquo;artistes \u00e0 partager la sc\u00e8ne. \u00ab\u00a0L&rsquo;Ovni\u00a0\u00bb (l&rsquo;un de ses surnoms), auteur d&rsquo;une trentaine d&rsquo;albums, avait battu le 26 avril le record de fr\u00e9quentation du Stade de France en r\u00e9unissant 97.816 spectateurs. Les billets pour sa tourn\u00e9e s&rsquo;\u00e9taient \u00e9coul\u00e9s en quelques minutes lors de leur mise en vente l&rsquo;an dernier.<\/p>\n<p>Zo\u00e9 SAMIN avec AFP<\/p>\n","protected":false},"excerpt":{"rendered":"Pr\u00e8s de 150.000 personnes ont assist\u00e9 aux concerts de Jul \u00e0 Marseille vendredi et samedi.Une affluence record qui&hellip;\n","protected":false},"author":2,"featured_media":126819,"comment_status":"","ping_status":"","sticky":false,"template":"","format":"standard","meta":{"footnotes":""},"categories":[2814],"tags":[1111,11,1921,1777,674,1011,27,1922,2954,884,873,12,1072,882,3616,25,133,2953],"class_list":{"0":"post-126818","1":"post","2":"type-post","3":"status-publish","4":"format-standard","5":"has-post-thumbnail","7":"category-marseille","8":"tag-actu","9":"tag-actualites","10":"tag-article-video","11":"tag-eu","12":"tag-europe","13":"tag-fr","14":"tag-france","15":"tag-info","16":"tag-justice-et-faits-divers","17":"tag-marseille","18":"tag-musique","19":"tag-news","20":"tag-police","21":"tag-provence-alpes-cote-dazur","22":"tag-rap","23":"tag-republique-francaise","24":"tag-video","25":"tag-video-police"},"share_on_mastodon":{"url":"https:\/\/pubeurope.com\/@fr\/114568224115033119","error":""},"_links":{"self":[{"href":"https:\/\/www.europesays.com\/fr\/wp-json\/wp\/v2\/posts\/126818","targetHints":{"allow":["GET"]}}],"collection":[{"href":"https:\/\/www.europesays.com\/fr\/wp-json\/wp\/v2\/posts"}],"about":[{"href":"https:\/\/www.europesays.com\/fr\/wp-json\/wp\/v2\/types\/post"}],"author":[{"embeddable":true,"href":"https:\/\/www.europesays.com\/fr\/wp-json\/wp\/v2\/users\/2"}],"replies":[{"embeddable":true,"href":"https:\/\/www.europesays.com\/fr\/wp-json\/wp\/v2\/comments?post=126818"}],"version-history":[{"count":0,"href":"https:\/\/www.europesays.com\/fr\/wp-json\/wp\/v2\/posts\/126818\/revisions"}],"wp:featuredmedia":[{"embeddable":true,"href":"https:\/\/www.europesays.com\/fr\/wp-json\/wp\/v2\/media\/126819"}],"wp:attachment":[{"href":"https:\/\/www.europesays.com\/fr\/wp-json\/wp\/v2\/media?parent=126818"}],"wp:term":[{"taxonomy":"category","embeddable":true,"href":"https:\/\/www.europesays.com\/fr\/wp-json\/wp\/v2\/categories?post=126818"},{"taxonomy":"post_tag","embeddable":true,"href":"https:\/\/www.europesays.com\/fr\/wp-json\/wp\/v2\/tags?post=126818"}],"curies":[{"name":"wp","href":"https:\/\/api.w.org\/{rel}","templated":true}]}}