{"id":126820,"date":"2025-05-25T11:25:09","date_gmt":"2025-05-25T11:25:09","guid":{"rendered":"https:\/\/www.europesays.com\/fr\/126820\/"},"modified":"2025-05-25T11:25:09","modified_gmt":"2025-05-25T11:25:09","slug":"lyon-un-homme-perd-la-vie-apres-setre-jete-dans-la-saone","status":"publish","type":"post","link":"https:\/\/www.europesays.com\/fr\/126820\/","title":{"rendered":"Lyon. Un homme perd la vie apr\u00e8s s\u2019\u00eatre jet\u00e9 dans la Sa\u00f4ne"},"content":{"rendered":"<p>Il n\u2019a pas pu \u00eatre r\u00e9anim\u00e9. Un homme, qui serait \u00e2g\u00e9 d\u2019environ 25 ans, mais dont l\u2019identit\u00e9 n\u2019avait pas encore \u00e9t\u00e9 d\u00e9termin\u00e9e, a perdu la vie, dimanche matin, <a href=\"https:\/\/www.leprogres.fr\/faits-divers-justice\/2025\/05\/07\/le-corps-d-une-femme-repeche-dans-la-saone-ce-matin\" target=\"_blank\" rel=\"nofollow noopener\">dans la Sa\u00f4ne<\/a>, \u00e0 Lyon 9e.<\/p>\n<p>Ce contenu est bloqu\u00e9 car vous n&rsquo;avez pas accept\u00e9 les cookies et autres traceurs.<\/p>\n<p>En cliquant sur \u00ab J\u2019accepte \u00bb, les cookies et autres traceurs seront d\u00e9pos\u00e9s et vous pourrez visualiser les contenus  (<a href=\"\" class=\"consentModule_policy\" target=\"_blank\" title=\"Consulter la politique de protection des donn\u00e9es du fournisseur\">plus d&rsquo;informations<\/a>).<\/p>\n<p>En cliquant sur \u00ab J\u2019accepte tous les cookies \u00bb, vous autorisez des d\u00e9p\u00f4ts de cookies et autres traceurs pour le stockage de vos donn\u00e9es sur nos sites et applications \u00e0 des fins de personnalisation et de ciblage publicitaire.<\/p>\n<p class=\"consentModule_secondaryText\">Vous gardez la possibilit\u00e9 de retirer votre consentement \u00e0 tout moment en consultant notre <a href=\"https:\/\/www.leprogres.fr\/protection-des-donnees\" target=\"_blank\" title=\"Consulter notre politique de protection des donn\u00e9es\" rel=\"nofollow noopener\">politique de protection des donn\u00e9es<\/a>. <br \/>&#13;<br \/>\n            <a href=\"https:\/\/www.leprogres.fr\/faits-divers-justice\/2025\/05\/25\/javascript:Didomi.notice.show()\" class=\"consentModule_cmp\" rel=\"nofollow noopener\" target=\"_blank\">G\u00e9rer mes choix<\/a>&#13;\n        <\/p>\n<p>&#13;<br \/>\n                        J&rsquo;accepte&#13;<br \/>\n            J&rsquo;accepte tous les cookies&#13;\n        <\/p>\n<p>  La victime n&rsquo;a pas pu \u00eatre r\u00e9anim\u00e9e<\/p>\n<p>Selon des t\u00e9moins, il se serait jet\u00e9 \u00e0 l\u2019eau, sans intervention d\u2019un tiers, \u00e0 proximit\u00e9 de l\u2019\u00eele Barbe, en rive droite du cours d\u2019eau. Des pompiers, sp\u00e9cialis\u00e9s dans la plong\u00e9e, d\u00e9p\u00each\u00e9s sur les lieux vers 10h30, ont sorti le corps de la rivi\u00e8re. Malgr\u00e9 les soins prodigu\u00e9s, la victime n\u2019a pas pu \u00eatre r\u00e9anim\u00e9e. Son d\u00e9c\u00e8s, vraisemblablement par noyade, a \u00e9t\u00e9 constat\u00e9 sur place.<\/p>\n","protected":false},"excerpt":{"rendered":"Il n\u2019a pas pu \u00eatre r\u00e9anim\u00e9. Un homme, qui serait \u00e2g\u00e9 d\u2019environ 25 ans, mais dont l\u2019identit\u00e9 n\u2019avait&hellip;\n","protected":false},"author":2,"featured_media":126821,"comment_status":"","ping_status":"","sticky":false,"template":"","format":"standard","meta":{"footnotes":""},"categories":[1889],"tags":[1111,11,2430,2757,1777,674,274,107,1011,27,2428,2756,12,25,2429],"class_list":{"0":"post-126820","1":"post","2":"type-post","3":"status-publish","4":"format-standard","5":"has-post-thumbnail","7":"category-lyon","8":"tag-actu","9":"tag-actualites","10":"tag-auvergne-rhone-alpes","11":"tag-edition-lyon-villeurbanne","12":"tag-eu","13":"tag-europe","14":"tag-faits-divers-justice","15":"tag-fil-info","16":"tag-fr","17":"tag-france","18":"tag-lyon","19":"tag-lyon-bassin","20":"tag-news","21":"tag-republique-francaise","22":"tag-rhone"},"share_on_mastodon":{"url":"https:\/\/pubeurope.com\/@fr\/114568227950788319","error":""},"_links":{"self":[{"href":"https:\/\/www.europesays.com\/fr\/wp-json\/wp\/v2\/posts\/126820","targetHints":{"allow":["GET"]}}],"collection":[{"href":"https:\/\/www.europesays.com\/fr\/wp-json\/wp\/v2\/posts"}],"about":[{"href":"https:\/\/www.europesays.com\/fr\/wp-json\/wp\/v2\/types\/post"}],"author":[{"embeddable":true,"href":"https:\/\/www.europesays.com\/fr\/wp-json\/wp\/v2\/users\/2"}],"replies":[{"embeddable":true,"href":"https:\/\/www.europesays.com\/fr\/wp-json\/wp\/v2\/comments?post=126820"}],"version-history":[{"count":0,"href":"https:\/\/www.europesays.com\/fr\/wp-json\/wp\/v2\/posts\/126820\/revisions"}],"wp:featuredmedia":[{"embeddable":true,"href":"https:\/\/www.europesays.com\/fr\/wp-json\/wp\/v2\/media\/126821"}],"wp:attachment":[{"href":"https:\/\/www.europesays.com\/fr\/wp-json\/wp\/v2\/media?parent=126820"}],"wp:term":[{"taxonomy":"category","embeddable":true,"href":"https:\/\/www.europesays.com\/fr\/wp-json\/wp\/v2\/categories?post=126820"},{"taxonomy":"post_tag","embeddable":true,"href":"https:\/\/www.europesays.com\/fr\/wp-json\/wp\/v2\/tags?post=126820"}],"curies":[{"name":"wp","href":"https:\/\/api.w.org\/{rel}","templated":true}]}}