{"id":126825,"date":"2025-05-25T11:29:08","date_gmt":"2025-05-25T11:29:08","guid":{"rendered":"https:\/\/www.europesays.com\/fr\/126825\/"},"modified":"2025-05-25T11:29:08","modified_gmt":"2025-05-25T11:29:08","slug":"quatre-mois-apres-le-meurtre-delias-a-paris-les-mots-forts-de-sa-mere-jattends-des-reponses","status":"publish","type":"post","link":"https:\/\/www.europesays.com\/fr\/126825\/","title":{"rendered":"Quatre mois apr\u00e8s le meurtre d&rsquo;Elias \u00e0 Paris, les mots forts de sa m\u00e8re : \u00ab\u00a0j&rsquo;attends des r\u00e9ponses\u00a0\u00bb"},"content":{"rendered":"<p>            Par<br \/>\n        <strong><br \/>\n            <a href=\"https:\/\/actu.fr\/auteur\/thomas-martin\" title=\"Consulter tous les articles de Thomas Martin\" rel=\"nofollow noopener\" target=\"_blank\">Thomas Martin<\/a><br \/>\n        <\/strong><\/p>\n<p>        Publi\u00e9 le<\/p>\n<p>            25 mai 2025 \u00e0 11h56        <\/p>\n<p>Elias, un adolescent de 14 ans, est <a href=\"https:\/\/actu.fr\/ile-de-france\/paris_75056\/paris-un-adolescent-entre-la-vie-et-la-mort-apres-avoir-ete-poignarde-deux-mineurs-places-en-garde-a-vue_62167459.html\" rel=\"nofollow noopener\" target=\"_blank\">mort<\/a> le samedi 25 janvier 2025, tu\u00e9 pour un t\u00e9l\u00e9phone portable dans le 14e arrondissement de Paris. Quatre mois apr\u00e8s ce drame, sa m\u00e8re prend la parole dans <a href=\"https:\/\/www.lefigaro.fr\/vox\/societe\/qui-s-est-moque-d-elias-quatre-mois-apres-le-meurtre-de-son-fils-sa-mere-sort-du-silence-20250525\" rel=\"nofollow noopener\" target=\"_blank\">Le Figaro<\/a>, ce dimanche 25 mai 2025, jour de la f\u00eate des m\u00e8res, \u00e0 travers une lettre ouverte dans laquelle elle interroge : \u00ab\u00a0Qui s\u2019est moqu\u00e9 d\u2019Elias ?\u00a0\u00bb<\/p>\n<p>\u00ab\u00a0Je tente de survivre \u00e0 l\u2019absence de mon fils Elias\u00a0\u00bb<\/p>\n<p class=\" wall-content\">D\u2019abord, la m\u00e8re d\u2019Elias, revient sur les circonstances du drame, plantant le d\u00e9cor d\u2019un vendredi classique qui va devenir tragique. Alors qu\u2019elle imagine Elias \u00eatre sorti du Stade Jules-No\u00ebl dans le 14\u00e8me arrondissement o\u00f9 il joue au foot puis marcher avec ses amis avenue Maurice d\u2019Ocagne avant de lui t\u00e9l\u00e9phoner, \u00ab\u00a0un peu avant 20h, ce n\u2019est pas Elias qui m\u2019a appel\u00e9e, mais son meilleur ami pour me dire qu\u2019Elias \u00e9tait \u00e0 terre et qu\u2019il avait \u00e9t\u00e9 poignard\u00e9 avec une machette\u00a0\u00bb.<\/p>\n<p class=\" wall-content\">Elle accourt alors aupr\u00e8s de son enfant : \u00ab\u00a0tout le monde \u00e9tait l\u00e0, les pompiers, les membres du Samu, les policiers. J\u2019ai pu m\u2019allonger contre mon enfant. L\u2019embrasser, lui parler, le rassurer, lui dire que son papa arrivait. Elias respirait difficilement\u00a0\u00bb. Son \u00e9tat s\u2019aggrave ensuite et il d\u00e9c\u00e8de le lendemain \u00e0 l\u2019h\u00f4pital Necker.\u00a0<\/p>\n<p class=\" wall-content\">Aujourd\u2019hui, la maman d\u2019Elias exprime sa col\u00e8re : \u00ab\u00a0depuis quatre mois j\u2019attends des r\u00e9ponses et je ne vois rien venir\u00a0\u00bb. Se demandant \u00ab\u00a0qui s\u2019est moqu\u00e9 d\u2019Elias\u00a0\u00bb, elle ass\u00e8ne les questions : \u00ab\u00a0Ces <a href=\"https:\/\/actu.fr\/ile-de-france\/paris_75056\/mort-d-elias-a-paris-les-deux-adolescents-suspectes-du-meurtre-places-en-detention-provisoire_62175424.html\" rel=\"nofollow noopener\" target=\"_blank\">deux adolescents<\/a> de 16 et 17 ans, qui en toute impunit\u00e9, depuis 2021 r\u00e9it\u00e8rent des vols avec violence ? Ces deux adolescents qui malgr\u00e9 une interdiction juridique d\u2019entrer en contact, se retrouvent r\u00e9guli\u00e8rement autour du Stade Jules-No\u00ebl pour commettre des d\u00e9lits ?\u00a0Leurs parents et l\u2019instabilit\u00e9 des cellules familiales ?\u00a0\u00bb.\u00a0<\/p>\n<p class=\" wall-content\">En direction aussi de la maire d\u2019arrondissement, Carine Petit, \u00ab\u00a0qui n\u2019a pas jug\u00e9 bon de s\u00e9curiser les abords du stade qu\u2019elle savait mal fr\u00e9quent\u00e9s\u00a0\u00bb. Des m\u00e9dias \u00ab\u00a0qui n\u2019ont pas eu l\u2019honn\u00eatet\u00e9 d\u2019\u00e9crire les mots machette et hachette, pr\u00e9f\u00e9rant minimiser l\u2019acte en parlant de couteau\u00a0\u00bb. Des juges des enfants \u00ab\u00a0qui ordonnent \u00e0 deux reprises (en 2023 et 2024) une interdiction d\u2019entrer en contact des deux d\u00e9linquants, sans v\u00e9rifier leurs adresses et sans s\u2019apercevoir qu\u2019ils habitent dans la m\u00eame r\u00e9sidence\u00a0\u00bb. Ou encore des politiques qui \u00ab\u00a0n\u2019ont pas pris la mesure depuis des ann\u00e9es de la d\u00e9rive d\u2019une partie de la jeunesse, de son ensauvagement\u00a0\u00bb.\u00a0<\/p>\n<p>Vid\u00e9os : en ce moment sur Actu<br \/>\n    <a href=\"https:\/\/email.publihebdos.com\/form?lid=Mqc7o19yVDtMEo2FE8aUtw2\" title=\"Ouvrie le lien\" rel=\"nofollow noopener\" target=\"_blank\">Cliquez ici pour visualiser le contenu<\/a><\/p>\n<p class=\" wall-content\">Elle conclue : \u00ab\u00a0Je tente de survivre \u00e0 l\u2019absence de mon fils Elias, \u00e0 ses \u00abcoucou maman\u00bb, \u00e0 ses \u00abbisous maman\u00bb, \u00e0 cette carte et \u00e0 ce petit cadeau que je n\u2019aurai pas pour la f\u00eate des m\u00e8res\u00a0\u00bb.\u00a0<\/p>\n<p class=\" wall-content\">Les deux gar\u00e7ons avaient \u00e9t\u00e9 interpell\u00e9s apr\u00e8s l\u2019agression mortelle de l\u2019adolescent de 14 ans.\u00a0 Selon Le Parisien, le parquet avait r\u00e9clam\u00e9 -en vain- l\u2019incarc\u00e9ration de l\u2019un des deux trois mois avant pour des faits de vol commis avec violence. Ils ont depuis \u00e9t\u00e9 mis en examen et plac\u00e9s en d\u00e9tention provisoire<\/p>\n<p class=\" wall-content\">Suivez toute l\u2019actualit\u00e9 de vos villes et m\u00e9dias favoris en vous inscrivant \u00e0 <a href=\"https:\/\/moncompte.actu.fr\" title=\"D\u00e9couvez Mon Actu\" rel=\"nofollow noopener\" data-trk=\"{&quot;cta&quot;:{&quot;action&quot;:&quot;https:\\\/\\\/moncompte.actu.fr&quot;,&quot;category&quot;:&quot;mon compte&quot;,&quot;from&quot;:&quot;article footer&quot;,&quot;name&quot;:&quot;Mon actu&quot;,&quot;type&quot;:&quot;cta&quot;}}\" target=\"_blank\">Mon Actu<\/a>.<\/p>\n","protected":false},"excerpt":{"rendered":"Par Thomas Martin Publi\u00e9 le 25 mai 2025 \u00e0 11h56 Elias, un adolescent de 14 ans, est mort&hellip;\n","protected":false},"author":2,"featured_media":126826,"comment_status":"","ping_status":"","sticky":false,"template":"","format":"standard","meta":{"footnotes":""},"categories":[1888],"tags":[1111,1928,11,1927,1777,674,118,1011,27,303,777,12,1926,626,1925,25],"class_list":{"0":"post-126825","1":"post","2":"type-post","3":"status-publish","4":"format-standard","5":"has-post-thumbnail","7":"category-paris","8":"tag-actu","9":"tag-actu-paris","10":"tag-actualites","11":"tag-actualites-paris","12":"tag-eu","13":"tag-europe","14":"tag-faits-divers","15":"tag-fr","16":"tag-france","17":"tag-justice","18":"tag-meurtre","19":"tag-news","20":"tag-news-paris","21":"tag-paris","22":"tag-paris-news","23":"tag-republique-francaise"},"share_on_mastodon":{"url":"https:\/\/pubeurope.com\/@fr\/114568243806698008","error":""},"_links":{"self":[{"href":"https:\/\/www.europesays.com\/fr\/wp-json\/wp\/v2\/posts\/126825","targetHints":{"allow":["GET"]}}],"collection":[{"href":"https:\/\/www.europesays.com\/fr\/wp-json\/wp\/v2\/posts"}],"about":[{"href":"https:\/\/www.europesays.com\/fr\/wp-json\/wp\/v2\/types\/post"}],"author":[{"embeddable":true,"href":"https:\/\/www.europesays.com\/fr\/wp-json\/wp\/v2\/users\/2"}],"replies":[{"embeddable":true,"href":"https:\/\/www.europesays.com\/fr\/wp-json\/wp\/v2\/comments?post=126825"}],"version-history":[{"count":0,"href":"https:\/\/www.europesays.com\/fr\/wp-json\/wp\/v2\/posts\/126825\/revisions"}],"wp:featuredmedia":[{"embeddable":true,"href":"https:\/\/www.europesays.com\/fr\/wp-json\/wp\/v2\/media\/126826"}],"wp:attachment":[{"href":"https:\/\/www.europesays.com\/fr\/wp-json\/wp\/v2\/media?parent=126825"}],"wp:term":[{"taxonomy":"category","embeddable":true,"href":"https:\/\/www.europesays.com\/fr\/wp-json\/wp\/v2\/categories?post=126825"},{"taxonomy":"post_tag","embeddable":true,"href":"https:\/\/www.europesays.com\/fr\/wp-json\/wp\/v2\/tags?post=126825"}],"curies":[{"name":"wp","href":"https:\/\/api.w.org\/{rel}","templated":true}]}}