{"id":126829,"date":"2025-05-25T11:31:07","date_gmt":"2025-05-25T11:31:07","guid":{"rendered":"https:\/\/www.europesays.com\/fr\/126829\/"},"modified":"2025-05-25T11:31:07","modified_gmt":"2025-05-25T11:31:07","slug":"les-taxis-en-colere-continuent-de-faire-planer-la-menace-de-blocages-a-paris","status":"publish","type":"post","link":"https:\/\/www.europesays.com\/fr\/126829\/","title":{"rendered":"les taxis en col\u00e8re continuent de faire planer la menace de blocages \u00e0 Paris"},"content":{"rendered":"<p>            Par<br \/>\n        <strong><br \/>\n            <a href=\"https:\/\/actu.fr\/auteur\/thomas-martin\" title=\"Consulter tous les articles de Thomas Martin\" target=\"_blank\" rel=\"noopener\">Thomas Martin<\/a><br \/>\n        <\/strong><\/p>\n<p>        Publi\u00e9 le<\/p>\n<p>            25 mai 2025 \u00e0 12h31        <\/p>\n<p>Les <a href=\"https:\/\/actu.fr\/ile-de-france\/paris_75056\/manifestation-des-taxis-a-paris-une-quarantaine-de-voitures-bloquent-les-acces-a-la-gare-de-lyon_62678995.html\" target=\"_blank\" rel=\"noopener\">chauffeurs de taxis<\/a> ont d\u00e9cid\u00e9 de prolonger leur mobilisation et n\u2019excluent pas de nouvelles actions d\u2019ici mardi 27 mai 2025, date du d\u00e9but du r\u00e9examen du projet de <a href=\"https:\/\/actu.fr\/sciences-technologie\/greve-des-taxis-c-est-quoi-cette-convention-sur-le-transport-des-patients-qui-met-en-colere-les-chauffeurs_62683256.html\" target=\"_blank\" rel=\"noopener\">r\u00e9forme de la tarification des transports<\/a> de patients annonc\u00e9 par <a href=\"https:\/\/actu.fr\/tag\/francois-bayrou\" target=\"_blank\" rel=\"noopener\">Fran\u00e7ois Bayrou<\/a>. \u00ab\u00a0Attendant des mesures concr\u00e8tes, les taxis ont d\u00e9cid\u00e9 le prolongement de leur mobilisation. D\u00e9termin\u00e9e, la profession maintient les p\u00f4les de mobilisation et poursuit l\u2019organisation d\u2019actions et d\u2019op\u00e9rations escargot\u00a0\u00bb, a d\u00e9clar\u00e9 l\u2019intersyndicale dans un communiqu\u00e9 diffus\u00e9 dans la nuit de samedi \u00e0 dimanche.<\/p>\n<p>Certains taxis pr\u00eats \u00e0 rester boulevard Raspail<\/p>\n<p class=\" wall-content\">A l\u2019issue d\u2019une rencontre avec les repr\u00e9sentants des chauffeurs, Fran\u00e7ois Bayrou a annonc\u00e9 samedi soir le r\u00e9examen \u00e0 partir de mardi de la convention qui pr\u00e9voit une unification des tarifs pour le transport des malades, ainsi qu\u2019un travail sur le respect des r\u00e8gles par les plateformes de VTC, deux revendications majeures des taxis.<\/p>\n<p class=\" wall-content\">D\u00e8s samedi soir, certains, notamment parmi les taxis ind\u00e9pendants, avaient annonc\u00e9 leur intention de rester dans la rue jusqu\u2019\u00e0 lundi, notamment Boulevard Raspail \u00e0 Paris, pr\u00e8s du minist\u00e8re des Transports.<\/p>\n<p class=\" wall-content\">\u00ab\u00a0Cette r\u00e9union n\u2019a abouti \u00e0 rien du tout\u00a0\u00bb, a d\u00e9clar\u00e9 Mohamed, taxi parisien de 52 ans qui n\u2019a pas souhait\u00e9 donner son nom de famille, \u00ab\u00a0tr\u00e8s d\u00e9\u00e7u\u00a0\u00bb, mais pas pr\u00eat \u00e0 \u00ab\u00a0se taper une sixi\u00e8me nuit\u00a0\u00bb sur place, compte tenu du co\u00fbt de la gr\u00e8ve.<\/p>\n<p class=\" wall-content\">A l\u2019inverse, Badr, 32 ans, qui a pr\u00e9f\u00e9r\u00e9 aussi rester anonyme, s\u2019est dit pr\u00eat \u00e0 rester Boulevard Raspail, \u00e9picentre de la contestation parisienne, \u00ab\u00a0jusqu\u2019\u00e0 ce que le gouvernement bouge\u00a0\u00bb. \u00ab\u00a0On avait un mot d\u2019ordre tr\u00e8s clair d\u00e8s le d\u00e9part, c\u2019est tout ou rien et on n\u2019a rien\u00a0\u00bb, a-t-il conclu.<\/p>\n<p>Vid\u00e9os : en ce moment sur Actu<\/p>\n<p class=\" wall-content\">\u00ab\u00a0Les f\u00e9d\u00e9rations ont re\u00e7u un v\u00e9ritable accueil du Premier ministre, Fran\u00e7ois Bayrou. Il y a <a href=\"https:\/\/actu.fr\/societe\/colere-des-taxis-la-convention-de-la-discorde-balayee-par-francois-bayrou-il-promet-de-la-retravailler_62684247.html\" target=\"_blank\" rel=\"noopener\">des choses qui vont \u00eatre remises sur la table<\/a>. Mais en attendant, les chauffeurs veulent maintenir la pression et se m\u00e9fient. Ils attendent de voir le suivi des annonces\u00a0\u00bb, a d\u00e9clar\u00e9 \u00e0 l\u2019AFP Dominique Buisson, de la F\u00e9d\u00e9ration nationale du taxi (FNDT).<\/p>\n<p class=\" wall-content\">\u00ab\u00a0Pour l\u2019instant, il n\u2019y a pas de blocage pr\u00e9vu ce dimanche \u00e0 <a href=\"https:\/\/actu.fr\/tag\/tournoi-roland-garros\" target=\"_blank\" rel=\"noopener\">Roland-Garros<\/a> ou ailleurs (gares, a\u00e9roports), mais cela peut changer. Ca se d\u00e9cide sur le terrain\u00a0\u00bb, a-t-il ajout\u00e9. Les chauffeurs de taxis avaient auparavant menac\u00e9 de nouvelles actions de blocage notamment des a\u00e9roports parisiens et du premier tour dimanche du tournoi de tennis de Roland Garros. Dans la capitale, \u00e0 16h30, une demi-heure avant le d\u00e9but pr\u00e9vu de la rencontre, 1 200 v\u00e9hicules taxis \u00e9taient stationn\u00e9s boulevard Raspail, pr\u00e8s du minist\u00e8re, selon la police.<\/p>\n<p>Des taxis mobilis\u00e9s depuis une semaine<\/p>\n<p class=\" wall-content\">Les chauffeurs de taxis sont mobilis\u00e9s depuis une semaine contre une convention qui va modifier leur r\u00e9mun\u00e9ration pour le transport de malades. Le nouveau syst\u00e8me entend reposer sur une prise en charge de 13 euros par l\u2019Assurance maladie, puis un tarif kilom\u00e9trique. Il est con\u00e7u pour dissuader les retours \u00e0 vide ou les temps d\u2019attente trop longs.<\/p>\n<p class=\" wall-content\">Cette tarification doit entrer en vigueur le 1er octobre. L\u2019objectif est de limiter la croissance des d\u00e9penses de transport sanitaire qui ont atteint 6,74 milliards d\u2019euros en 2024, dont 3,07 milliards pour les taxis conventionn\u00e9s (un bond de 45% depuis 2019).<\/p>\n<p class=\" wall-content\">Le r\u00e9examen pr\u00e9vu dans les prochaines semaines devra toutefois se faire \u00ab\u00a0sans changer la date d\u2019application\u00a0\u00bb du texte et la cible en mati\u00e8re d\u2019\u00e9conomies, a pr\u00e9cis\u00e9 Fran\u00e7ois Bayrou.<\/p>\n<p class=\" wall-content\"><strong>Avec AFP<\/strong><\/p>\n<p class=\" wall-content\">Suivez toute l\u2019actualit\u00e9 de vos villes et m\u00e9dias favoris en vous inscrivant \u00e0 <a href=\"https:\/\/moncompte.actu.fr\" title=\"D\u00e9couvez Mon Actu\" rel=\"nofollow noopener\" data-trk=\"{&quot;cta&quot;:{&quot;action&quot;:&quot;https:\\\/\\\/moncompte.actu.fr&quot;,&quot;category&quot;:&quot;mon compte&quot;,&quot;from&quot;:&quot;article footer&quot;,&quot;name&quot;:&quot;Mon actu&quot;,&quot;type&quot;:&quot;cta&quot;}}\" target=\"_blank\">Mon Actu<\/a>.<\/p>\n","protected":false},"excerpt":{"rendered":"Par Thomas Martin Publi\u00e9 le 25 mai 2025 \u00e0 12h31 Les chauffeurs de taxis ont d\u00e9cid\u00e9 de prolonger&hellip;\n","protected":false},"author":2,"featured_media":126830,"comment_status":"","ping_status":"","sticky":false,"template":"","format":"standard","meta":{"footnotes":""},"categories":[1888],"tags":[11,659,25046,1777,674,1011,27,12,626,25,4171,104],"class_list":{"0":"post-126829","1":"post","2":"type-post","3":"status-publish","4":"format-standard","5":"has-post-thumbnail","7":"category-paris","8":"tag-actualites","9":"tag-aeroport-dorly","10":"tag-aeroport-de-roissy","11":"tag-eu","12":"tag-europe","13":"tag-fr","14":"tag-france","15":"tag-news","16":"tag-paris","17":"tag-republique-francaise","18":"tag-roland-garros","19":"tag-societe"},"share_on_mastodon":{"url":"https:\/\/pubeurope.com\/@fr\/114568251525604459","error":""},"_links":{"self":[{"href":"https:\/\/www.europesays.com\/fr\/wp-json\/wp\/v2\/posts\/126829","targetHints":{"allow":["GET"]}}],"collection":[{"href":"https:\/\/www.europesays.com\/fr\/wp-json\/wp\/v2\/posts"}],"about":[{"href":"https:\/\/www.europesays.com\/fr\/wp-json\/wp\/v2\/types\/post"}],"author":[{"embeddable":true,"href":"https:\/\/www.europesays.com\/fr\/wp-json\/wp\/v2\/users\/2"}],"replies":[{"embeddable":true,"href":"https:\/\/www.europesays.com\/fr\/wp-json\/wp\/v2\/comments?post=126829"}],"version-history":[{"count":0,"href":"https:\/\/www.europesays.com\/fr\/wp-json\/wp\/v2\/posts\/126829\/revisions"}],"wp:featuredmedia":[{"embeddable":true,"href":"https:\/\/www.europesays.com\/fr\/wp-json\/wp\/v2\/media\/126830"}],"wp:attachment":[{"href":"https:\/\/www.europesays.com\/fr\/wp-json\/wp\/v2\/media?parent=126829"}],"wp:term":[{"taxonomy":"category","embeddable":true,"href":"https:\/\/www.europesays.com\/fr\/wp-json\/wp\/v2\/categories?post=126829"},{"taxonomy":"post_tag","embeddable":true,"href":"https:\/\/www.europesays.com\/fr\/wp-json\/wp\/v2\/tags?post=126829"}],"curies":[{"name":"wp","href":"https:\/\/api.w.org\/{rel}","templated":true}]}}