{"id":126833,"date":"2025-05-25T11:33:08","date_gmt":"2025-05-25T11:33:08","guid":{"rendered":"https:\/\/www.europesays.com\/fr\/126833\/"},"modified":"2025-05-25T11:33:08","modified_gmt":"2025-05-25T11:33:08","slug":"lue-appelle-a-la-plus-forte-pression-internationale-contre-la-russie","status":"publish","type":"post","link":"https:\/\/www.europesays.com\/fr\/126833\/","title":{"rendered":"l&rsquo;UE appelle \u00e0 \u00ab\u00a0la plus forte pression internationale\u00a0\u00bb contre la Russie"},"content":{"rendered":"<p>La cheffe de la diplomatie de l&rsquo;Union europ\u00e9enne, <a href=\"https:\/\/www.laprovence.com\/article\/france-monde\/34478363931231\/lue-adopte-formellement-un-17e-paquet-de-sanctions-contre-la-russie-en-ciblant-des-navires-petroliers-fantomes\" target=\"_blank\" rel=\"noopener\">Kaja Kallas<\/a>, a appel\u00e9 ce dimanche \u00e0 exercer sur la Russie \u00ab\u00a0la plus forte pression internationale\u00a0\u00bb apr\u00e8s une <a href=\"https:\/\/www.laprovence.com\/article\/france-monde\/4184651613132214\/nouvelle-attaque-aerienne-massive-sur-lukraine-avant-un-dernier-echange-de-prisonniers\" target=\"_blank\" rel=\"noopener\">nouvelle attaque a\u00e9rienne massive contre l&rsquo;Ukraine<\/a> qui a fait au moins 12 morts.<\/p>\n<p>\u00ab\u00a0Les attaques de la nuit derni\u00e8re montrent une fois de plus que la Russie est d\u00e9termin\u00e9e \u00e0 accro\u00eetre les souffrances et \u00e0 an\u00e9antir l&rsquo;Ukraine. Il est \u00e9pouvantable de voir des enfants parmi les victimes innocentes, bless\u00e9es et tu\u00e9es\u00a0\u00bb, a d\u00e9clar\u00e9 Kaja Kallas dans un message sur X.<\/p>\n<p>\u00ab\u00a0Nous avons besoin de la plus forte pression internationale sur la Russie pour arr\u00eater cette guerre\u00a0\u00bb, a-t-elle ajout\u00e9.<\/p>\n<p>12 morts dans des attaques a\u00e9riennes<\/p>\n<p>L&rsquo;arm\u00e9e de l&rsquo;air ukrainienne a affirm\u00e9 que le pays avait subi dans la nuit de samedi \u00e0 dimanche <a href=\"https:\/\/www.laprovence.com\/article\/france-monde\/3321491905202914\/attaque-russe-massive-sur-kiev-a-laube-dun-deuxieme-echange-de-prisonniers\" target=\"_blank\" rel=\"noopener\">une attaque combin\u00e9e de 367 projectiles<\/a>, dont 69 missiles et 298 drones. Elle a dit avoir abattu 45 de ces missiles, ainsi que 266 drones. \u00ab\u00a0Des attaques a\u00e9riennes ennemies ont \u00e9t\u00e9 signal\u00e9es dans 22 endroits, et des chutes de d\u00e9bris de missiles et de drones abattus dans 15 endroits\u00a0\u00bb, a-t-elle pr\u00e9cis\u00e9.\u00a0<\/p>\n<p>Les secours ukrainiens ont d\u00e9crit dimanche une \u00ab\u00a0nuit de terreur dans la r\u00e9gion de Kiev\u00a0\u00bb o\u00f9 les attaques russes ont fait 12 morts et une vingtaine de bless\u00e9s, selon un bilan actualis\u00e9 de la police.<\/p>\n","protected":false},"excerpt":{"rendered":"La cheffe de la diplomatie de l&rsquo;Union europ\u00e9enne, Kaja Kallas, a appel\u00e9 ce dimanche \u00e0 exercer sur la&hellip;\n","protected":false},"author":2,"featured_media":126834,"comment_status":"","ping_status":"","sticky":false,"template":"","format":"standard","meta":{"footnotes":""},"categories":[1591],"tags":[17,11,18235,1887,9212,329,1146,4743,1861,12,378,1885,1886,132,220],"class_list":{"0":"post-126833","1":"post","2":"type-post","3":"status-publish","4":"format-standard","5":"has-post-thumbnail","7":"category-russie","8":"tag-17","9":"tag-actualites","10":"tag-appelle","11":"tag-federation-de-russie","12":"tag-forte","13":"tag-france-monde","14":"tag-guerre","15":"tag-la","16":"tag-lue","17":"tag-news","18":"tag-plus","19":"tag-russia","20":"tag-russian-federation","21":"tag-russie","22":"tag-ukraine"},"share_on_mastodon":{"url":"https:\/\/pubeurope.com\/@fr\/114568259567196899","error":""},"_links":{"self":[{"href":"https:\/\/www.europesays.com\/fr\/wp-json\/wp\/v2\/posts\/126833","targetHints":{"allow":["GET"]}}],"collection":[{"href":"https:\/\/www.europesays.com\/fr\/wp-json\/wp\/v2\/posts"}],"about":[{"href":"https:\/\/www.europesays.com\/fr\/wp-json\/wp\/v2\/types\/post"}],"author":[{"embeddable":true,"href":"https:\/\/www.europesays.com\/fr\/wp-json\/wp\/v2\/users\/2"}],"replies":[{"embeddable":true,"href":"https:\/\/www.europesays.com\/fr\/wp-json\/wp\/v2\/comments?post=126833"}],"version-history":[{"count":0,"href":"https:\/\/www.europesays.com\/fr\/wp-json\/wp\/v2\/posts\/126833\/revisions"}],"wp:featuredmedia":[{"embeddable":true,"href":"https:\/\/www.europesays.com\/fr\/wp-json\/wp\/v2\/media\/126834"}],"wp:attachment":[{"href":"https:\/\/www.europesays.com\/fr\/wp-json\/wp\/v2\/media?parent=126833"}],"wp:term":[{"taxonomy":"category","embeddable":true,"href":"https:\/\/www.europesays.com\/fr\/wp-json\/wp\/v2\/categories?post=126833"},{"taxonomy":"post_tag","embeddable":true,"href":"https:\/\/www.europesays.com\/fr\/wp-json\/wp\/v2\/tags?post=126833"}],"curies":[{"name":"wp","href":"https:\/\/api.w.org\/{rel}","templated":true}]}}