{"id":126837,"date":"2025-05-25T11:35:08","date_gmt":"2025-05-25T11:35:08","guid":{"rendered":"https:\/\/www.europesays.com\/fr\/126837\/"},"modified":"2025-05-25T11:35:08","modified_gmt":"2025-05-25T11:35:08","slug":"om-le-club-fait-le-point-apres-la-reunion-des-dirigeants-aux-etats-unis","status":"publish","type":"post","link":"https:\/\/www.europesays.com\/fr\/126837\/","title":{"rendered":"OM. Le club fait le point apr\u00e8s la r\u00e9union des dirigeants aux \u00c9tats-Unis"},"content":{"rendered":"<p>\u00ab\u00a0L&rsquo;unit\u00e9 des dirigeants\u00a0\u00bb<\/p>\n<p>Une r\u00e9union de travail de deux jours qui a permis de \u00ab\u00a0consolider et de r\u00e9affirmer l&rsquo;unit\u00e9 des dirigeants autour d&rsquo;une vision commune, essentielle \u00e0 la p\u00e9rennit\u00e9 du projet lanc\u00e9 \u00e0 l&rsquo;\u00e9t\u00e9 2024\u00a0\u00bb, <a href=\"https:\/\/www.om.fr\/fr\/actualites\/4808\/club\/99288-communication-du-club\" target=\"_blank\" rel=\"noopener\">a soulign\u00e9 l&rsquo;OM dans un communiqu\u00e9 publi\u00e9 sur son site ce samedi<\/a>. Les dirigeants marseillais ont notamment analys\u00e9 ce qui avait bien et moins bien march\u00e9 durant <a href=\"https:\/\/www.laprovence.com\/article\/om\/3418884797391914\/om-le-conseil-de-classe-des-olympiens\" target=\"_blank\" rel=\"noopener\">cet exercice 2024-25<\/a> afin de \u00ab\u00a0continuer \u00e0 s&rsquo;am\u00e9liorer et de maintenir un niveau d&rsquo;exigence \u00e0 la hauteur des ambitions du club\u00a0\u00bb.<\/p>\n<p>Il a \u00e9galement \u00e9t\u00e9 question des \u00ab\u00a0enjeux auxquels fait face le football fran\u00e7ais, en particulier les incertitudes persistantes autour de la gouvernance du football et des droits TV\u00a0\u00bb. Un sujet sur lequel <a href=\"https:\/\/www.laprovence.com\/article\/om\/79892930895571\/om-le-coup-de-gueule-de-longoria-contre-le-foot-francais\" target=\"_blank\" rel=\"noopener\">Pablo Longoria avait enfin pris la parole<\/a> lundi dernier \u00e0 l&rsquo;occasion de sa conf\u00e9rence de presse.\u00a0<\/p>\n<p>\u00ab\u00a0Installer durablement le club en Ligue des champions\u00a0\u00bb<\/p>\n<p>La saison 2024-25 d\u00e9sormais referm\u00e9e, les six convives ont pu se projeter sur l&rsquo;ann\u00e9e qui arrive. \u00ab\u00a0Place d\u00e9sormais \u00e0 la pr\u00e9paration de la saison 2025-2026, avec un engagement et un alignement total de l&rsquo;ensemble des dirigeants du club, d\u00e9termin\u00e9s \u00e0 relever les d\u00e9fis passionnants \u00e0 venir, au premier rang desquels celui d&rsquo;installer durablement le club en Ligue des Champions, saison apr\u00e8s saison\u00a0\u00bb, \u00e9voque le communiqu\u00e9.<\/p>\n<p>Les supporters olympiens pourront faire un premier jugement dans les semaines qui arrivent en fonction du mercato r\u00e9alis\u00e9 par le club.<\/p>\n","protected":false},"excerpt":{"rendered":"\u00ab\u00a0L&rsquo;unit\u00e9 des dirigeants\u00a0\u00bb Une r\u00e9union de travail de deux jours qui a permis de \u00ab\u00a0consolider et de r\u00e9affirmer&hellip;\n","protected":false},"author":2,"featured_media":126838,"comment_status":"","ping_status":"","sticky":false,"template":"","format":"standard","meta":{"footnotes":""},"categories":[1589],"tags":[17,11,150,5244,154,73,1866,21,12,149,3948,24577,1864,1865,1863,308],"class_list":{"0":"post-126837","1":"post","2":"type-post","3":"status-publish","4":"format-standard","5":"has-post-thumbnail","7":"category-etats-unis","8":"tag-17","9":"tag-actualites","10":"tag-apres","11":"tag-club","12":"tag-des","13":"tag-etats-unis","14":"tag-etats-unis-damerique","15":"tag-fait","16":"tag-news","17":"tag-om","18":"tag-point","19":"tag-reunion","20":"tag-united-states","21":"tag-united-states-of-america","22":"tag-us","23":"tag-usa"},"share_on_mastodon":{"url":"https:\/\/pubeurope.com\/@fr\/114568267284032426","error":""},"_links":{"self":[{"href":"https:\/\/www.europesays.com\/fr\/wp-json\/wp\/v2\/posts\/126837","targetHints":{"allow":["GET"]}}],"collection":[{"href":"https:\/\/www.europesays.com\/fr\/wp-json\/wp\/v2\/posts"}],"about":[{"href":"https:\/\/www.europesays.com\/fr\/wp-json\/wp\/v2\/types\/post"}],"author":[{"embeddable":true,"href":"https:\/\/www.europesays.com\/fr\/wp-json\/wp\/v2\/users\/2"}],"replies":[{"embeddable":true,"href":"https:\/\/www.europesays.com\/fr\/wp-json\/wp\/v2\/comments?post=126837"}],"version-history":[{"count":0,"href":"https:\/\/www.europesays.com\/fr\/wp-json\/wp\/v2\/posts\/126837\/revisions"}],"wp:featuredmedia":[{"embeddable":true,"href":"https:\/\/www.europesays.com\/fr\/wp-json\/wp\/v2\/media\/126838"}],"wp:attachment":[{"href":"https:\/\/www.europesays.com\/fr\/wp-json\/wp\/v2\/media?parent=126837"}],"wp:term":[{"taxonomy":"category","embeddable":true,"href":"https:\/\/www.europesays.com\/fr\/wp-json\/wp\/v2\/categories?post=126837"},{"taxonomy":"post_tag","embeddable":true,"href":"https:\/\/www.europesays.com\/fr\/wp-json\/wp\/v2\/tags?post=126837"}],"curies":[{"name":"wp","href":"https:\/\/api.w.org\/{rel}","templated":true}]}}