{"id":126844,"date":"2025-05-25T11:39:12","date_gmt":"2025-05-25T11:39:12","guid":{"rendered":"https:\/\/www.europesays.com\/fr\/126844\/"},"modified":"2025-05-25T11:39:12","modified_gmt":"2025-05-25T11:39:12","slug":"lue-demande-a-la-hongrie-de-retirer-une-loi-ciblant-des-ong-et-medias-critiques","status":"publish","type":"post","link":"https:\/\/www.europesays.com\/fr\/126844\/","title":{"rendered":"L&rsquo;UE demande \u00e0 la Hongrie de retirer une loi ciblant des ONG et m\u00e9dias critiques"},"content":{"rendered":"<p>La Commission europ\u00e9enne r\u00e9clame \u00e0 la Hongrie le retrait d&rsquo;un projet de loi accus\u00e9 de menacer des ONG et m\u00e9dias ind\u00e9pendants, estimant qu&rsquo;il constituerait \u00ab\u00a0une violation grave\u00a0\u00bb des principes de l&rsquo;Union europ\u00e9enne s&rsquo;il \u00e9tait adopt\u00e9.<\/p>\n<p>Le parti du Premier ministre nationaliste hongrois <a href=\"https:\/\/www.france24.com\/fr\/tag\/viktor-orb\u00e1n\/\" class=\"link \" rel=\"nofollow noopener\" target=\"_blank\" data-ylk=\"slk:Viktor Orban;elm:context_link;itc:0;sec:content-canvas\">Viktor Orban<\/a> a d\u00e9pos\u00e9 en d\u00e9but de semaine derni\u00e8re au parlement un texte sur \u00ab\u00a0la transparence de la vie publique\u00a0\u00bb, d\u00e9nonc\u00e9 par de nombreuses ONG comme une man\u0153uvre visant \u00e0 faire taire toute voix critique dans le pays.<\/p>\n<p>\u00ab\u00a0Nous n&rsquo;h\u00e9siterons pas \u00e0 prendre les mesures n\u00e9cessaires si ce projet est adopt\u00e9\u00a0\u00bb, a affirm\u00e9 un porte-parole de l&rsquo;ex\u00e9cutif europ\u00e9en dans un communiqu\u00e9 publi\u00e9 vendredi 23 mai au soir.<\/p>\n<p>\u00ab\u00a0La Commission a de vives inqui\u00e9tudes concernant ce projet\u00a0\u00bb, a-t-il expliqu\u00e9. \u00ab\u00a0S&rsquo;il \u00e9tait adopt\u00e9 en l&rsquo;\u00e9tat, il constituerait une violation grave des principes et du droit de l&rsquo;<a href=\"https:\/\/www.france24.com\/fr\/tag\/union-europ\u00e9enne\/\" class=\"link \" rel=\"nofollow noopener\" target=\"_blank\" data-ylk=\"slk:Union europ\u00e9enne;elm:context_link;itc:0;sec:content-canvas\">Union europ\u00e9enne<\/a>. Par cons\u00e9quent, nous demandons le retrait de ce projet du processus l\u00e9gislatif.\u00a0\u00bb<\/p>\n<p>Projet de loi sur \u00ab\u00a0la transparence de la vie publique\u00a0\u00bb<\/p>\n<p>Une vingtaine de d\u00e9put\u00e9s europ\u00e9ens ont appel\u00e9 la Commission \u00e0 geler tous les fonds destin\u00e9s \u00e0 la <a href=\"https:\/\/www.france24.com\/fr\/tag\/hongrie\/\" class=\"link \" rel=\"nofollow noopener\" target=\"_blank\" data-ylk=\"slk:Hongrie;elm:context_link;itc:0;sec:content-canvas\">Hongrie<\/a>, accusant le gouvernement de Viktor Orban de \u00ab\u00a0violations\u00a0\u00bb r\u00e9p\u00e9t\u00e9es des lois europ\u00e9ennes, dans une lettre rendue publique mercredi.<\/p>\n<p>En vertu du projet de loi, les organisations \u00ab\u00a0violant ou critiquant\u00a0\u00bb les valeurs inscrites dans la Constitution, notamment \u00ab\u00a0la primaut\u00e9 du mariage, de la famille et des sexes biologiques\u00a0\u00bb, pourront \u00eatre plac\u00e9es sur une liste noire.<\/p>\n<p><a href=\"https:\/\/www.france24.com\/fr\/info-en-continu\/20250524-hongrie-l-ue-demande-le-retrait-d-une-loi-ciblant-des-ong-et-m%C3%A9dias-critiques\" rel=\"nofollow noopener\" target=\"_blank\" data-ylk=\"slk:Lire la suite sur FRANCE 24;elm:context_link;itc:0;sec:content-canvas\" class=\"link \">Lire la suite sur FRANCE 24<\/a><\/p>\n<p>Lire aussi:<br \/><a href=\"https:\/\/www.france24.com\/fr\/europe\/20250418-union-europ%C3%A9enne-adh%C3%A9sion-ukraine-impasse-blocage-hongrie-viktor-orban\" rel=\"nofollow noopener\" target=\"_blank\" data-ylk=\"slk:L&#039;adh\u00e9sion de l&#039;Ukraine \u00e0 l&#039;UE est dans l&#039;impasse avec le blocage de Viktor Orban;elm:context_link;itc:0;sec:content-canvas\" class=\"link \">L&rsquo;adh\u00e9sion de l&rsquo;Ukraine \u00e0 l&rsquo;UE est dans l&rsquo;impasse avec le blocage de Viktor Orban<\/a><br \/><a href=\"https:\/\/www.france24.com\/fr\/info-en-continu\/20250414-lgbt-et-binationaux-nouveau-tour-de-vis-constitutionnel-en-hongrie\" rel=\"nofollow noopener\" target=\"_blank\" data-ylk=\"slk:\u00c0 un an des l\u00e9gislatives, la Hongrie restreint davantage les libert\u00e9s des LGBT+;elm:context_link;itc:0;sec:content-canvas\" class=\"link \">\u00c0 un an des l\u00e9gislatives, la Hongrie restreint davantage les libert\u00e9s des LGBT+<\/a><\/p>\n","protected":false},"excerpt":{"rendered":"La Commission europ\u00e9enne r\u00e9clame \u00e0 la Hongrie le retrait d&rsquo;un projet de loi accus\u00e9 de menacer des ONG&hellip;\n","protected":false},"author":2,"featured_media":126845,"comment_status":"","ping_status":"","sticky":false,"template":"","format":"standard","meta":{"footnotes":""},"categories":[1586],"tags":[11,1777,674,1779,1011,27,804,12,11356,25,1778,364,7247],"class_list":{"0":"post-126844","1":"post","2":"type-post","3":"status-publish","4":"format-standard","5":"has-post-thumbnail","7":"category-europe","8":"tag-actualites","9":"tag-eu","10":"tag-europe","11":"tag-european-union","12":"tag-fr","13":"tag-france","14":"tag-hongrie","15":"tag-news","16":"tag-ong","17":"tag-republique-francaise","18":"tag-ue","19":"tag-union-europeenne","20":"tag-viktor-orban"},"share_on_mastodon":{"url":"https:\/\/pubeurope.com\/@fr\/114568283029412326","error":""},"_links":{"self":[{"href":"https:\/\/www.europesays.com\/fr\/wp-json\/wp\/v2\/posts\/126844","targetHints":{"allow":["GET"]}}],"collection":[{"href":"https:\/\/www.europesays.com\/fr\/wp-json\/wp\/v2\/posts"}],"about":[{"href":"https:\/\/www.europesays.com\/fr\/wp-json\/wp\/v2\/types\/post"}],"author":[{"embeddable":true,"href":"https:\/\/www.europesays.com\/fr\/wp-json\/wp\/v2\/users\/2"}],"replies":[{"embeddable":true,"href":"https:\/\/www.europesays.com\/fr\/wp-json\/wp\/v2\/comments?post=126844"}],"version-history":[{"count":0,"href":"https:\/\/www.europesays.com\/fr\/wp-json\/wp\/v2\/posts\/126844\/revisions"}],"wp:featuredmedia":[{"embeddable":true,"href":"https:\/\/www.europesays.com\/fr\/wp-json\/wp\/v2\/media\/126845"}],"wp:attachment":[{"href":"https:\/\/www.europesays.com\/fr\/wp-json\/wp\/v2\/media?parent=126844"}],"wp:term":[{"taxonomy":"category","embeddable":true,"href":"https:\/\/www.europesays.com\/fr\/wp-json\/wp\/v2\/categories?post=126844"},{"taxonomy":"post_tag","embeddable":true,"href":"https:\/\/www.europesays.com\/fr\/wp-json\/wp\/v2\/tags?post=126844"}],"curies":[{"name":"wp","href":"https:\/\/api.w.org\/{rel}","templated":true}]}}