{"id":126846,"date":"2025-05-25T11:40:09","date_gmt":"2025-05-25T11:40:09","guid":{"rendered":"https:\/\/www.europesays.com\/fr\/126846\/"},"modified":"2025-05-25T11:40:09","modified_gmt":"2025-05-25T11:40:09","slug":"en-video-le-depart-catastrophique-du-gp-de-monaco-avec-un-carambolage-massif","status":"publish","type":"post","link":"https:\/\/www.europesays.com\/fr\/126846\/","title":{"rendered":"en vid\u00e9o, le d\u00e9part catastrophique du GP de Monaco avec un carambolage massif"},"content":{"rendered":"<p>Avant le d\u00e9part en Formule 1 ce dimanche apr\u00e8s-midi, la cat\u00e9gorie inf\u00e9rieure a offert un d\u00e9but de Grand Prix chaotique sur le circuit de la Principaut\u00e9. Sept pilotes ont d\u00fb abandonner.<\/p>\n<p class=\"fig-paragraph\">Chamboule-tout \u00e0\u00a0<a href=\"http:\/\/www.lefigaro.fr\/sports\/formule-1\/formule-1-a-quelle-heure-et-sur-quelle-chaine-regarder-le-grand-prix-de-monaco-2025-en-direct-20250525\" target=\"_blank\" data-fig-type=\"Article\" rel=\"noopener\" data-gtm-custom-categorie=\"navigation\" data-gtm-custom-action=\"crossclick\" data-gtm-custom-label=\"Contextuel\" data-gtm-event=\"customEventSPE\" data-fig-domain=\"LEFIGARO\">Monaco<\/a>. Ce dimanche matin, le d\u00e9part du Grand Prix au c\u0153ur de la Principaut\u00e9 en Formule 2 a d\u00e9bouch\u00e9 sur un important carambolage. Le pilote de l\u2019\u00e9curie Rodin, Alex Dunne, parti en pole position, a faut\u00e9 d\u00e8s le d\u00e9but de course en accrochant<a href=\"http:\/\/www.lefigaro.fr\/sports\/formule-1\/formule-1-victor-martins-recrute-par-l-ecurie-williams-20250331\" target=\"_blank\" data-fig-type=\"NewsFlash\" rel=\"noopener\" data-gtm-custom-categorie=\"navigation\" data-gtm-custom-action=\"crossclick\" data-gtm-custom-label=\"Contextuel\" data-gtm-event=\"customEventSPE\" data-fig-domain=\"LEFIGARO\">\u00a0le Fran\u00e7ais Victor Martins<\/a>\u00a0(ART Grand Prix). Le Tricolore de 19 ans, parti juste derri\u00e8re Dunne sur la grille, venait de d\u00e9passer son adversaire mais n\u2019a pu \u00e9viter l\u2019accrochage et a termin\u00e9 dans le mur.<\/p>\n<p>\u00abPour qui il se prend, pour Max Verstappen\u00a0?\u00bb<\/p>\n<p class=\"fig-paragraph\">\u00abPour qui il se prend, pour Max Verstappen?\u00bb, a enrag\u00e9 Martins, film\u00e9 dans les stands, \u00e0 propos de Dunne. Le circuit de Monaco \u00e9tant tr\u00e8s \u00e9troit, l\u2019accident en t\u00eate a provoqu\u00e9 un carambolage. Au vu des images, une dizaine de monoplaces ont \u00e9t\u00e9 ralenties voire stopp\u00e9es par cet incident. Si le drapeau rouge a sans surprise \u00e9t\u00e9 d\u00e9ploy\u00e9, interrompant les d\u00e9bats durant presque 40 minutes, aucun d\u00e9g\u00e2t majeur pour les pilotes n\u2019a \u00e9t\u00e9 signal\u00e9. Mais sept concurrents, dont Martins et le leader du championnat Dunne, n\u2019ont pas pu reprendre la course lors de sa relance.<\/p>\n<p class=\"fig-paragraph\">Suite au nouveau d\u00e9part, le N\u00e9erlandais Joshua D\u00fcrksen a provoqu\u00e9 un drapeau jaune puis a abandonn\u00e9 \u00e0 son tour. Esp\u00e9rons que\u00a0<a href=\"http:\/\/www.lefigaro.fr\/sports\/formule-1\/formule-1-lando-norris-partira-en-pole-position-du-gp-de-monaco-20250524\" target=\"_blank\" data-fig-type=\"NewsFlash\" rel=\"noopener\" data-gtm-custom-categorie=\"navigation\" data-gtm-custom-action=\"crossclick\" data-gtm-custom-label=\"Contextuel\" data-gtm-event=\"customEventSPE\" data-fig-domain=\"LEFIGARO\">le Grand Prix de la cat\u00e9gorie reine, la Formule 1<\/a>, qui d\u00e9butera \u00e0 15h, offrira un d\u00e9part moins chaotique.<\/p>\n","protected":false},"excerpt":{"rendered":"Avant le d\u00e9part en Formule 1 ce dimanche apr\u00e8s-midi, la cat\u00e9gorie inf\u00e9rieure a offert un d\u00e9but de Grand&hellip;\n","protected":false},"author":2,"featured_media":126847,"comment_status":"","ping_status":"","sticky":false,"template":"","format":"standard","meta":{"footnotes":""},"categories":[2],"tags":[11,1977,1976,525,1981,1979,1983,1451,1454,1011,27,1982,3127,12,1978,25,1980],"class_list":{"0":"post-126846","1":"post","2":"type-post","3":"status-publish","4":"format-standard","5":"has-post-thumbnail","7":"category-actualites","8":"tag-actualites","9":"tag-auto","10":"tag-auto-moto","11":"tag-calendrier","12":"tag-classement","13":"tag-constructeurs","14":"tag-essai","15":"tag-f1","16":"tag-formule-1","17":"tag-fr","18":"tag-france","19":"tag-grand-prix","20":"tag-monaco","21":"tag-news","22":"tag-pilotes","23":"tag-republique-francaise","24":"tag-resultats"},"share_on_mastodon":{"url":"https:\/\/pubeurope.com\/@fr\/114568286877968218","error":""},"_links":{"self":[{"href":"https:\/\/www.europesays.com\/fr\/wp-json\/wp\/v2\/posts\/126846","targetHints":{"allow":["GET"]}}],"collection":[{"href":"https:\/\/www.europesays.com\/fr\/wp-json\/wp\/v2\/posts"}],"about":[{"href":"https:\/\/www.europesays.com\/fr\/wp-json\/wp\/v2\/types\/post"}],"author":[{"embeddable":true,"href":"https:\/\/www.europesays.com\/fr\/wp-json\/wp\/v2\/users\/2"}],"replies":[{"embeddable":true,"href":"https:\/\/www.europesays.com\/fr\/wp-json\/wp\/v2\/comments?post=126846"}],"version-history":[{"count":0,"href":"https:\/\/www.europesays.com\/fr\/wp-json\/wp\/v2\/posts\/126846\/revisions"}],"wp:featuredmedia":[{"embeddable":true,"href":"https:\/\/www.europesays.com\/fr\/wp-json\/wp\/v2\/media\/126847"}],"wp:attachment":[{"href":"https:\/\/www.europesays.com\/fr\/wp-json\/wp\/v2\/media?parent=126846"}],"wp:term":[{"taxonomy":"category","embeddable":true,"href":"https:\/\/www.europesays.com\/fr\/wp-json\/wp\/v2\/categories?post=126846"},{"taxonomy":"post_tag","embeddable":true,"href":"https:\/\/www.europesays.com\/fr\/wp-json\/wp\/v2\/tags?post=126846"}],"curies":[{"name":"wp","href":"https:\/\/api.w.org\/{rel}","templated":true}]}}