{"id":126856,"date":"2025-05-25T11:46:09","date_gmt":"2025-05-25T11:46:09","guid":{"rendered":"https:\/\/www.europesays.com\/fr\/126856\/"},"modified":"2025-05-25T11:46:09","modified_gmt":"2025-05-25T11:46:09","slug":"roland-garros-ugo-humbert-pour-moi-cest-un-peu-une-surprise","status":"publish","type":"post","link":"https:\/\/www.europesays.com\/fr\/126856\/","title":{"rendered":"Roland Garros > Ugo Humbert : \u00ab\u00a0Pour moi, c\u2019est un peu une surprise\u2026\u00a0\u00bb"},"content":{"rendered":"<p>Touch\u00e9 \u00e0 la main, Ugo Humbert n\u2019a pas eu la pr\u00e9pa\u00adra\u00adtion la plus opti\u00admale pour Roland\u2010Garros. Assez logi\u00adque\u00adment, les r\u00e9sul\u00adtats sur ocre n\u2019\u00e9taient pas ceux escompt\u00e9s, avec des \u00e9limi\u00adna\u00adtions d\u00e8s son entr\u00e9e en lice, aux Masters 1000 de Monte\u2010Carlo, de Rome et de Madrid.<\/p>\n<p>L\u2019inqui\u00e9tude \u00e9tait forc\u00e9\u00adment de mise pour les obser\u00adva\u00adteurs. Questionn\u00e9 sur l\u2019\u00e9tat de sa bles\u00adsure, le num\u00e9ro deux fran\u00ad\u00e7ais a donn\u00e9 des nouvelles rassu\u00adrantes en conf\u00e9\u00adrence de presse.<\/p>\n<p><strong>\u00ab\u202fLa pr\u00e9pa\u00adra\u00adtion n\u2019a pas \u00e9t\u00e9 opti\u00admale dans le sens o\u00f9 je n\u2019ai pas pu jouer beau\u00adcoup de matches, parce que c\u2019\u00e9tait compliqu\u00e9 d\u2019aller matcher. Cela n\u2019a pas \u00e9t\u00e9 une p\u00e9riode tr\u00e8s facile. Physiquement, je me suis bien entra\u00een\u00e9, j\u2019ai continu\u00e9 \u00e0 faire mes s\u00e9ances, \u00e0 m\u2019en\u00adtra\u00eener dur et l\u2019ob\u00adjectif n\u2019\u00e9tait pas forc\u00e9\u00adment d\u2019aller gagner et d\u2019avoir des r\u00e9sul\u00adtats mais surtout de conti\u00adnuer \u00e0 \u00eatre dans la comp\u00e9\u00adti\u00adtion et conti\u00adnuer \u00e0 garder ce rythme\u2010l\u00e0. Je pense que je suis \u00e0 80 ou 90\u202f% sur mon revers, je suis pr\u00eat \u00e0 aller matcher. Rien que \u00e7a, je suis trop content. Pour moi, c\u2019est un peu une surprise\u00a0: je suis arriv\u00e9 cette semaine, j\u2019ai repris. Au d\u00e9but, j\u2019avais mal pendant un quart d\u2019heure, 20\u202fminutes, mais d\u2019ha\u00adbi\u00adtude la douleur reste constante et l\u00e0 au bout d\u2019une demi heure, trois quarts d\u2019heure, je commence \u00e0 un peu moins sentir et je peux l\u00e2cher mes revers. Je suis content quand j\u2019arrive \u00e0 faire mes revers long de ligne. Cela me\u00a0fait\u00a0plaisir\u202f\u00bb.<\/strong><\/p>\n<p class=\"post-published-date\" style=\"color: silver; font-size: 75%; text-align: left;\">Publi\u00e9 le dimanche 25 mai 2025 \u00e0 11:46<\/p>\n","protected":false},"excerpt":{"rendered":"Touch\u00e9 \u00e0 la main, Ugo Humbert n\u2019a pas eu la pr\u00e9pa\u00adra\u00adtion la plus opti\u00admale pour Roland\u2010Garros. Assez logi\u00adque\u00adment,&hellip;\n","protected":false},"author":2,"featured_media":126857,"comment_status":"","ping_status":"","sticky":false,"template":"","format":"standard","meta":{"footnotes":""},"categories":[1415],"tags":[1011,27,3769,60,1467],"class_list":{"0":"post-126856","1":"post","2":"type-post","3":"status-publish","4":"format-standard","5":"has-post-thumbnail","7":"category-tennis","8":"tag-fr","9":"tag-france","10":"tag-humbert","11":"tag-sports","12":"tag-tennis"},"share_on_mastodon":{"url":"https:\/\/pubeurope.com\/@fr\/114568310476341293","error":""},"_links":{"self":[{"href":"https:\/\/www.europesays.com\/fr\/wp-json\/wp\/v2\/posts\/126856","targetHints":{"allow":["GET"]}}],"collection":[{"href":"https:\/\/www.europesays.com\/fr\/wp-json\/wp\/v2\/posts"}],"about":[{"href":"https:\/\/www.europesays.com\/fr\/wp-json\/wp\/v2\/types\/post"}],"author":[{"embeddable":true,"href":"https:\/\/www.europesays.com\/fr\/wp-json\/wp\/v2\/users\/2"}],"replies":[{"embeddable":true,"href":"https:\/\/www.europesays.com\/fr\/wp-json\/wp\/v2\/comments?post=126856"}],"version-history":[{"count":0,"href":"https:\/\/www.europesays.com\/fr\/wp-json\/wp\/v2\/posts\/126856\/revisions"}],"wp:featuredmedia":[{"embeddable":true,"href":"https:\/\/www.europesays.com\/fr\/wp-json\/wp\/v2\/media\/126857"}],"wp:attachment":[{"href":"https:\/\/www.europesays.com\/fr\/wp-json\/wp\/v2\/media?parent=126856"}],"wp:term":[{"taxonomy":"category","embeddable":true,"href":"https:\/\/www.europesays.com\/fr\/wp-json\/wp\/v2\/categories?post=126856"},{"taxonomy":"post_tag","embeddable":true,"href":"https:\/\/www.europesays.com\/fr\/wp-json\/wp\/v2\/tags?post=126856"}],"curies":[{"name":"wp","href":"https:\/\/api.w.org\/{rel}","templated":true}]}}