{"id":126863,"date":"2025-05-25T11:51:09","date_gmt":"2025-05-25T11:51:09","guid":{"rendered":"https:\/\/www.europesays.com\/fr\/126863\/"},"modified":"2025-05-25T11:51:09","modified_gmt":"2025-05-25T11:51:09","slug":"comme-lol-ils-disputeront-la-ligue-europa-en-2025-2026","status":"publish","type":"post","link":"https:\/\/www.europesays.com\/fr\/126863\/","title":{"rendered":"Comme l&rsquo;OL, ils disputeront la Ligue Europa en 2025-2026"},"content":{"rendered":"<p>                            <img width=\"770\" height=\"433\" src=\"https:\/\/www.europesays.com\/fr\/wp-content\/uploads\/2025\/05\/000_FM8GW-770x433.jpg\" class=\"attachment-article size-article wp-post-image\" alt=\"\" decoding=\"async\" fetchpriority=\"high\"  \/><\/p>\n<p>Ligue Europa (Photo by VALERY HACHE \/ AFP)<\/p>\n<p>L&rsquo;OL devrait rego\u00fbter \u00e0 la Ligue Europa en 2025-2026. Si tous les championnats n&rsquo;ont pas encore livr\u00e9 leur verdict, on conna\u00eet d\u00e9j\u00e0 le nom de plusieurs participants en 2025-2026.<\/p>\n<p>Si elle n&rsquo;a pas pris la tournure esp\u00e9r\u00e9e, la saison de l&rsquo;Olympique lyonnais ne s&rsquo;ach\u00e8ve pas totalement en eau de boudin. A la fois parce qu&rsquo;il est parvenu \u00e0 battre Angers pour l&rsquo;ultime rencontre lors de la 34e journ\u00e9e (2-0). Mais aussi car Le Havre lui a permis de terminer sixi\u00e8me en l&#8217;emportant \u00e0 Strasbourg \u00e0 la derni\u00e8re seconde. Cela a ouvert les portes de la Ligue Europa \u00e0 l&rsquo;OL en 2025-2026. <\/p>\n<p>Mais pour y entrer de plain-pied, encore fallait-il que le Paris Saint-Germain fasse le travail et gagne la Coupe de France en battant Reims. Ce qu&rsquo;il a fait. Voil\u00e0 donc le club rhodanien, comme en 2024-2025, qualifi\u00e9 pour la phase d<a href=\"https:\/\/www.olympique-et-lyonnais.com\/lol-devrait-jouer-la-ligue-europa-en-2025-2026,362795.html\" target=\"_blank\" rel=\"noopener\">e classement de la C3<\/a>. Obtiendra-t-il un meilleur r\u00e9sultat que son quart de finale contre Manchester United cette ann\u00e9e ? D\u00e9j\u00e0, il faudra qu&rsquo;il puisse bien avoir le droit <a href=\"https:\/\/www.olympique-et-lyonnais.com\/licence-europeenne-de-la-fff-lol-fixe-dans-une-semaine,362812.html\" target=\"_blank\" rel=\"noopener\">de participer<\/a>. <\/p>\n<p>L&rsquo;OL accompagne Lille pour la France<\/p>\n<p>\u00c0 partir de septembre, 36 \u00e9quipes s&rsquo;affronteront dans un mini-championnat afin d&rsquo;acc\u00e9der \u00e0 la phase de classement. Les septuples champions de France devraient \u00eatre de la partie, et ils connaissent d\u00e9j\u00e0 certains potentiels futurs adversaires. Parmi les formations ayant officiellement leur billet, nous retrouvons <strong>Bologne <\/strong>vainqueur de la Coupe d&rsquo;Italie, le <strong>Real Betis<\/strong> et le <strong>Celta Vigo<\/strong>, sixi\u00e8me et septi\u00e8me en Espagne, ainsi que <strong>Stuttgart <\/strong>et <strong>Fribourg <\/strong>pour l&rsquo;Allemagne. <\/p>\n<p>Dans l&rsquo;Hexagone, <strong>Lille <\/strong>accompagnera l&rsquo;Olympique lyonnais gr\u00e2ce \u00e0 sa cinqui\u00e8me place. Enfin, sont \u00e9galement en course <strong>Go Ahead Eagles<\/strong>, en tant que gagnant de la Coupe des Pays-Bas, et <strong>Porto<\/strong>, troisi\u00e8me au Portugal. Avant les tours pr\u00e9liminaires, qui feront entrer d&rsquo;autres \u00e9curies via les barrages, l&rsquo;Angleterre et l&rsquo;Italie d\u00e9signeront un repr\u00e9sentant chacun gr\u00e2ce \u00e0 leur championnat. Ces derniers s&rsquo;ach\u00e8vent ce week-end. <\/p>\n<p>Pas de collusion avec Crystal Palace<\/p>\n<p>Il faut aussi pr\u00e9ciser que <strong>Crystal Palace<\/strong> jouera la Ligue Europa. En glanant la Coupe d&rsquo;Angleterre aux d\u00e9pens de Manchester City, l&rsquo;\u00e9quipe appartenant elle aussi \u00e0 la galaxie Eagle Football a remport\u00e9 le droit de vivre une aventure en C3. Mais comme <a href=\"https:\/\/www.olympique-et-lyonnais.com\/vers-un-probleme-entre-lol-et-crystal-palace-en-cas-de-ligue-europa,362130.html\" target=\"_blank\" rel=\"noopener\">nous l&rsquo;expliquions<\/a>, cela ne posera aucun souci \u00e0 l&rsquo;UEFA. John\u00a0<strong>Textor\u00a0<\/strong>n&rsquo;ayant que 25% de droits de contr\u00f4le dans le club londonien et pas de pouvoir d\u00e9cisionnel. <\/p>\n","protected":false},"excerpt":{"rendered":"Ligue Europa (Photo by VALERY HACHE \/ AFP) L&rsquo;OL devrait rego\u00fbter \u00e0 la Ligue Europa en 2025-2026. Si&hellip;\n","protected":false},"author":2,"featured_media":126864,"comment_status":"","ping_status":"","sticky":false,"template":"","format":"standard","meta":{"footnotes":""},"categories":[1410],"tags":[63,1011,27,5843,241,60],"class_list":{"0":"post-126863","1":"post","2":"type-post","3":"status-publish","4":"format-standard","5":"has-post-thumbnail","7":"category-football","8":"tag-football","9":"tag-fr","10":"tag-france","11":"tag-ligue-europa","12":"tag-ol","13":"tag-sports"},"share_on_mastodon":{"url":"https:\/\/pubeurope.com\/@fr\/114568330298642721","error":""},"_links":{"self":[{"href":"https:\/\/www.europesays.com\/fr\/wp-json\/wp\/v2\/posts\/126863","targetHints":{"allow":["GET"]}}],"collection":[{"href":"https:\/\/www.europesays.com\/fr\/wp-json\/wp\/v2\/posts"}],"about":[{"href":"https:\/\/www.europesays.com\/fr\/wp-json\/wp\/v2\/types\/post"}],"author":[{"embeddable":true,"href":"https:\/\/www.europesays.com\/fr\/wp-json\/wp\/v2\/users\/2"}],"replies":[{"embeddable":true,"href":"https:\/\/www.europesays.com\/fr\/wp-json\/wp\/v2\/comments?post=126863"}],"version-history":[{"count":0,"href":"https:\/\/www.europesays.com\/fr\/wp-json\/wp\/v2\/posts\/126863\/revisions"}],"wp:featuredmedia":[{"embeddable":true,"href":"https:\/\/www.europesays.com\/fr\/wp-json\/wp\/v2\/media\/126864"}],"wp:attachment":[{"href":"https:\/\/www.europesays.com\/fr\/wp-json\/wp\/v2\/media?parent=126863"}],"wp:term":[{"taxonomy":"category","embeddable":true,"href":"https:\/\/www.europesays.com\/fr\/wp-json\/wp\/v2\/categories?post=126863"},{"taxonomy":"post_tag","embeddable":true,"href":"https:\/\/www.europesays.com\/fr\/wp-json\/wp\/v2\/tags?post=126863"}],"curies":[{"name":"wp","href":"https:\/\/api.w.org\/{rel}","templated":true}]}}