{"id":126875,"date":"2025-05-25T11:57:12","date_gmt":"2025-05-25T11:57:12","guid":{"rendered":"https:\/\/www.europesays.com\/fr\/126875\/"},"modified":"2025-05-25T11:57:12","modified_gmt":"2025-05-25T11:57:12","slug":"le-film-pour-lequel-leonardo-dicaprio-dut-manger-du-foie-de-bison-cru","status":"publish","type":"post","link":"https:\/\/www.europesays.com\/fr\/126875\/","title":{"rendered":"le film pour lequel Leonardo DiCaprio dut manger du foie de bison cru"},"content":{"rendered":"<p>La sc\u00e8ne a fait frissonner la plan\u00e8te. Et pas uniquement la plan\u00e8te cin\u00e9ma. Un trappeur, seul face \u00e0 une nature plus qu&rsquo;hostile, se fait d\u00e9chiqueter par un grizzly face cam\u00e9ra. Une s\u00e9quence interminable, si r\u00e9aliste que l&rsquo;on croirait sentir l&rsquo;haleine de la b\u00eate, les lac\u00e9rations de ses griffes, la terreur g\u00e9missante de Leonardo DiCaprio, alias Hugh Glass. The Revenant d&rsquo;Alejandro Gonzalez I\u00f1arritu, sorti\u00a0en 2015, est avant tout un choc, une exp\u00e9rience de cin\u00e9ma comme on n&rsquo;en avait pas eu\u00a0depuis longtemps.<\/p>\n<p>Le film est partiellement adapt\u00e9 du roman\u00a0Le Revenant de Michael Punke, paru\u00a0en 2002, qui s&rsquo;appuie sur l&rsquo;histoire, vraie, du trappeur Hugh Glass. En 1823, laiss\u00e9 pour mort dans le Dakota du Sud, apr\u00e8s avoir \u00e9t\u00e9 attaqu\u00e9 par un grizzly, il parvint, sans arme, \u00e0 regagner le Fort Kiowa, \u00e0\u00a0300\u00a0kilom\u00e8tres, en \u00e0 peine six semaines.<\/p>\n<p>L&rsquo;ours num\u00e9rique de The Revenant<\/p>\n<p>\u00c0 sa sortie, les articles de presse et\u00a0les reportages se multiplient pour d\u00e9crypter la sc\u00e8ne horrifique, point de d\u00e9part de ce r\u00e9cit \u00e9pique. Mais non, nous ne sommes pas\u00a0ici\u00a0face \u00e0 un ours (particuli\u00e8rement bien) dress\u00e9, quitte \u00e0 d\u00e9cevoir ceux qui imaginaient d\u00e9j\u00e0 Leonardo DiCaprio risquant sa peau \u00e0 la fa\u00e7on du bravache Tom Cruise dans ses plus dangereuses cascades pour la franchise des Mission\u00a0: Impossible.\u00c0 LIRE AUSSI <strong class=\"strong\"><a href=\"https:\/\/www.lepoint.fr\/pop-culture\/the-revenant-la-scene-de-l-ours-et-de-dicaprio-decodee-par-son-createur-25-02-2016-2020871_2920.php\" rel=\"nofollow noopener\" target=\"_blank\" data-ylk=\"slk:\u00ab\u00a0The Revenant\u00a0\u00bb\u00a0: la sc\u00e8ne de l&#039;ours et de DiCaprio d\u00e9cod\u00e9e par son cr\u00e9ateur;elm:context_link;itc:0;sec:content-canvas\" class=\"link \"> \u00ab\u00a0The Revenant\u00a0\u00bb\u00a0: la sc\u00e8ne de l&rsquo;ours et de DiCaprio d\u00e9cod\u00e9e par son cr\u00e9ateur<\/a><\/strong><\/p>\n<p>Mais le\u00a0Mexicain Alejandro Gonzalez I\u00f1arritu, soucieux de faire monter la mayonnaise, entretient longtemps le [&#8230;] <a href=\"https:\/\/www.lepoint.fr\/pop-culture\/the-revenant-le-film-pour-lequel-leonardo-dicaprio-dut-manger-du-foie-de-bison-cru-25-05-2025-2590460_2920.php\" rel=\"nofollow noopener\" target=\"_blank\" data-ylk=\"slk:Lire la suite;elm:context_link;itc:0;sec:content-canvas\" class=\"link \">Lire la suite<\/a><\/p>\n","protected":false},"excerpt":{"rendered":"La sc\u00e8ne a fait frissonner la plan\u00e8te. Et pas uniquement la plan\u00e8te cin\u00e9ma. Un trappeur, seul face \u00e0&hellip;\n","protected":false},"author":2,"featured_media":126876,"comment_status":"","ping_status":"","sticky":false,"template":"","format":"standard","meta":{"footnotes":""},"categories":[1354],"tags":[25051,25049,25050,58,59,1346,1011,27,25047,2132,25048,1360],"class_list":{"0":"post-126875","1":"post","2":"type-post","3":"status-publish","4":"format-standard","5":"has-post-thumbnail","7":"category-films","8":"tag-alejandro-gonzalez-inarritu","9":"tag-articles-de-presse","10":"tag-dakota-du-sud","11":"tag-divertissement","12":"tag-entertainment","13":"tag-films","14":"tag-fr","15":"tag-france","16":"tag-hugh-glass","17":"tag-leonardo-dicaprio","18":"tag-michael-punke","19":"tag-movies"},"share_on_mastodon":{"url":"https:\/\/pubeurope.com\/@fr\/114568353758748759","error":""},"_links":{"self":[{"href":"https:\/\/www.europesays.com\/fr\/wp-json\/wp\/v2\/posts\/126875","targetHints":{"allow":["GET"]}}],"collection":[{"href":"https:\/\/www.europesays.com\/fr\/wp-json\/wp\/v2\/posts"}],"about":[{"href":"https:\/\/www.europesays.com\/fr\/wp-json\/wp\/v2\/types\/post"}],"author":[{"embeddable":true,"href":"https:\/\/www.europesays.com\/fr\/wp-json\/wp\/v2\/users\/2"}],"replies":[{"embeddable":true,"href":"https:\/\/www.europesays.com\/fr\/wp-json\/wp\/v2\/comments?post=126875"}],"version-history":[{"count":0,"href":"https:\/\/www.europesays.com\/fr\/wp-json\/wp\/v2\/posts\/126875\/revisions"}],"wp:featuredmedia":[{"embeddable":true,"href":"https:\/\/www.europesays.com\/fr\/wp-json\/wp\/v2\/media\/126876"}],"wp:attachment":[{"href":"https:\/\/www.europesays.com\/fr\/wp-json\/wp\/v2\/media?parent=126875"}],"wp:term":[{"taxonomy":"category","embeddable":true,"href":"https:\/\/www.europesays.com\/fr\/wp-json\/wp\/v2\/categories?post=126875"},{"taxonomy":"post_tag","embeddable":true,"href":"https:\/\/www.europesays.com\/fr\/wp-json\/wp\/v2\/tags?post=126875"}],"curies":[{"name":"wp","href":"https:\/\/api.w.org\/{rel}","templated":true}]}}