{"id":126881,"date":"2025-05-25T12:00:10","date_gmt":"2025-05-25T12:00:10","guid":{"rendered":"https:\/\/www.europesays.com\/fr\/126881\/"},"modified":"2025-05-25T12:00:10","modified_gmt":"2025-05-25T12:00:10","slug":"en-iran-la-palme-dor-du-cineaste-dissident-jafar-panahi-accueillie-par-un-silence-mediatique-et-politique","status":"publish","type":"post","link":"https:\/\/www.europesays.com\/fr\/126881\/","title":{"rendered":"En Iran, la palme d\u2019or du cin\u00e9aste dissident Jafar Panahi accueillie par un silence m\u00e9diatique et politique"},"content":{"rendered":"<p>La distinction re\u00e7ue par le cin\u00e9aste iranien a suscit\u00e9 tr\u00e8s peu de commentaires m\u00e9diatiques et aucun commentaire du pouvoir dans son pays d\u2019origine.<\/p>\n<p class=\"fig-paragraph\">Les autorit\u00e9s iraniennes gardent le silence dimanche, apr\u00e8s la cons\u00e9cration au Festival de Cannes\u00a0<a href=\"http:\/\/www.lefigaro.fr\/festival-de-cannes\/jafar-panahi-le-resistant-gagne-la-palme-d-or-20250524\" data-fig-type=\"Article\" data-gtm-custom-categorie=\"navigation\" data-gtm-custom-action=\"crossclick\" data-gtm-custom-label=\"Contextuel\" data-gtm-event=\"customEventSPE\" data-fig-domain=\"LEFIGARO\" rel=\"nofollow noopener\" target=\"_blank\">du cin\u00e9aste dissident Jafar Panahi<\/a>, prim\u00e9 d&rsquo;une Palme d&rsquo;or pour son film \u00abUn simple accident\u00bb, tourn\u00e9 clandestinement.<\/p>\n<p class=\"fig-paragraph\">Jafar Panahi, 64 ans, a re\u00e7u samedi le prestigieux prix pour un br\u00fblot politique dans lequel d&rsquo;anciens d\u00e9tenus sont tent\u00e9s de se venger de leur tortionnaire. Au m\u00e9pris des lois de la R\u00e9publique islamique, plusieurs de ses actrices apparaissent sans voile.<\/p>\n<p class=\"fig-body-link\">\n            \u00c0 lire aussi<br \/>\n        <a class=\"fig-body-link__link\" href=\"https:\/\/www.lefigaro.fr\/festival-de-cannes\/cannes-2025-palme-d-or-direct-cloture-ceremonie-festival-de-cannes-palmares-binoche-prix-jury-surprise-20250524\" data-fig-type=\"Live\" data-gtm-custom-categorie=\"navigation\" data-gtm-custom-action=\"crossclick\" data-gtm-custom-label=\"Contextuel\" data-gtm-event=\"customEventSPE\" data-fig-domain=\"LEFIGARO\" rel=\"nofollow noopener\" target=\"_blank\">Festival de Cannes\u00a0: la palme d\u2019or pour Un simple accident, film comme une \u00ab\u00a0\u00e9vidence\u00a0\u00bb pour Juliette Binoche<br \/>\n    <\/a>\n<\/p>\n<p class=\"fig-paragraph\">Critique du pouvoir, le cin\u00e9aste a \u00e9t\u00e9 incarc\u00e9r\u00e9 \u00e0 deux reprises en Iran\u00a0: 86 jours en 2010 et pr\u00e8s de sept mois entre 2022 et 2023. Il avait entam\u00e9 une gr\u00e8ve de la faim pour obtenir sa lib\u00e9ration.<\/p>\n<p class=\"fig-paragraph\">Aucun responsable n&rsquo;avait comment\u00e9 dimanche la deuxi\u00e8me cons\u00e9cration \u00e0 Cannes d&rsquo;un Iranien, apr\u00e8s celle d&rsquo;Abbas Kiarostami pour \u00abLe go\u00fbt de la cerise\u00bb en 1997.<\/p>\n<p class=\"fig-paragraph\">L&rsquo;agence de presse conservatrice Fars a affirm\u00e9 que le choix du jury \u00e9tait politique. Les quotidiens r\u00e9formateurs Etemad, Shargh et Ham Mihan ont rapport\u00e9 en ligne de fa\u00e7on factuelle la victoire de Jafar Panahi, sans la commenter. Mais aucune mention n&rsquo;est faite sur leur version papier. Pour sa part, la t\u00e9l\u00e9vision d&rsquo;\u00c9tat a pass\u00e9 sous silence la Palme d&rsquo;or, mettant l&rsquo;accent sur le Festival du film de la R\u00e9sistance, un \u00e9v\u00e9nement officiel qui prime des \u0153uvres pro-palestiniennes ou sur la guerre Iran-Irak (1980-1988).<\/p>\n<p class=\"fig-paragraph\">Grand nom du cin\u00e9ma iranien, Jafar Panahi a vu ses \u0153uvres r\u00e9guli\u00e8rement prim\u00e9es dans les plus grands festivals, de Cannes \u00e0 Venise en passant par Berlin. Le r\u00e9alisateur doit rentrer dimanche en Iran, un retour, a-t-il d\u00e9clar\u00e9 \u00e0 l&rsquo;AFP, qui ne lui fait \u00abpas du tout\u00bb peur.<\/p>\n","protected":false},"excerpt":{"rendered":"La distinction re\u00e7ue par le cin\u00e9aste iranien a suscit\u00e9 tr\u00e8s peu de commentaires m\u00e9diatiques et aucun commentaire du&hellip;\n","protected":false},"author":2,"featured_media":126882,"comment_status":"","ping_status":"","sticky":false,"template":"","format":"standard","meta":{"footnotes":""},"categories":[8],"tags":[259,260,58,59,1011,27,14,3019,261,262],"class_list":{"0":"post-126881","1":"post","2":"type-post","3":"status-publish","4":"format-standard","5":"has-post-thumbnail","7":"category-divertissement","8":"tag-actualite-internationale","9":"tag-affaires-etrangeres","10":"tag-divertissement","11":"tag-entertainment","12":"tag-fr","13":"tag-france","14":"tag-international","15":"tag-iran","16":"tag-ministere-des-affaires-etrangeres","17":"tag-politique-etrangere"},"share_on_mastodon":{"url":"https:\/\/pubeurope.com\/@fr\/114568365631828335","error":""},"_links":{"self":[{"href":"https:\/\/www.europesays.com\/fr\/wp-json\/wp\/v2\/posts\/126881","targetHints":{"allow":["GET"]}}],"collection":[{"href":"https:\/\/www.europesays.com\/fr\/wp-json\/wp\/v2\/posts"}],"about":[{"href":"https:\/\/www.europesays.com\/fr\/wp-json\/wp\/v2\/types\/post"}],"author":[{"embeddable":true,"href":"https:\/\/www.europesays.com\/fr\/wp-json\/wp\/v2\/users\/2"}],"replies":[{"embeddable":true,"href":"https:\/\/www.europesays.com\/fr\/wp-json\/wp\/v2\/comments?post=126881"}],"version-history":[{"count":0,"href":"https:\/\/www.europesays.com\/fr\/wp-json\/wp\/v2\/posts\/126881\/revisions"}],"wp:featuredmedia":[{"embeddable":true,"href":"https:\/\/www.europesays.com\/fr\/wp-json\/wp\/v2\/media\/126882"}],"wp:attachment":[{"href":"https:\/\/www.europesays.com\/fr\/wp-json\/wp\/v2\/media?parent=126881"}],"wp:term":[{"taxonomy":"category","embeddable":true,"href":"https:\/\/www.europesays.com\/fr\/wp-json\/wp\/v2\/categories?post=126881"},{"taxonomy":"post_tag","embeddable":true,"href":"https:\/\/www.europesays.com\/fr\/wp-json\/wp\/v2\/tags?post=126881"}],"curies":[{"name":"wp","href":"https:\/\/api.w.org\/{rel}","templated":true}]}}