{"id":126885,"date":"2025-05-25T12:02:08","date_gmt":"2025-05-25T12:02:08","guid":{"rendered":"https:\/\/www.europesays.com\/fr\/126885\/"},"modified":"2025-05-25T12:02:08","modified_gmt":"2025-05-25T12:02:08","slug":"le-ministre-de-leconomie-ne-pourra-pas-soccuper-de-la-cdc-de-la-poste-ou-de-bpifrance-selon-un-decret","status":"publish","type":"post","link":"https:\/\/www.europesays.com\/fr\/126885\/","title":{"rendered":"Le ministre de l&rsquo;\u00c9conomie ne pourra pas s&rsquo;occuper de la CDC, de La Poste ou de Bpifrance, selon un d\u00e9cret"},"content":{"rendered":"<p>Ce d\u00e9cret de d\u00e9port a \u00e9t\u00e9 propos\u00e9 par \u00c9ric Lombard lui-m\u00eame, en raison de possibles \u00abconflits d\u2019int\u00e9r\u00eats\u00bb entre sa fonction et des d\u00e9cisions concernant tel ou tel organisme.<\/p>\n<p class=\"fig-paragraph\">Le\u00a0<a href=\"http:\/\/www.lefigaro.fr\/flash-eco\/financement-du-modele-social-eric-lombard-veut-laisser-les-partenaires-sociaux-en-debattre-20250515\" data-fig-type=\"NewsFlash\" data-gtm-custom-categorie=\"navigation\" data-gtm-custom-action=\"crossclick\" data-gtm-custom-label=\"Contextuel\" data-gtm-event=\"customEventSPE\" data-fig-domain=\"LEFIGARO\" rel=\"nofollow noopener\" target=\"_blank\">ministre de l&rsquo;\u00c9conomie et des Finances \u00c9ric Lombard<\/a>\u00a0ne pourra pas s&rsquo;occuper de sujets li\u00e9s \u00e0 la Caisse des d\u00e9p\u00f4ts, \u00e0 La Poste, \u00e0 la banque publique Bpifrance, indique un d\u00e9cret du Premier ministre paru dimanche au Journal officiel. Toutes les attributions list\u00e9es dans ce d\u00e9cret seront d\u00e9sormais exerc\u00e9es par le premier ministre. Ce d\u00e9cret de d\u00e9port, pris cinq mois apr\u00e8s l&rsquo;arriv\u00e9e d\u2019\u00c9ric Lombard au gouvernement, est propos\u00e9 par le ministre de l&rsquo;\u00c9conomie lui-m\u00eame, en raison de possibles \u00abconflits d&rsquo;int\u00e9r\u00eats\u00bb entre sa fonction et des d\u00e9cisions concernant tel ou tel organisme. De telles mesures sont pr\u00e9vues dans un d\u00e9cret du 22 janvier 1959.<\/p>\n<p class=\"fig-paragraph\">Le d\u00e9cret publi\u00e9 dimanche interdit donc d\u00e9sormais \u00e0 \u00c9ric Lombard, qui l&rsquo;a dirig\u00e9e de 2017 \u00e0 2024, de \u00abconna\u00eetre des actes de toute nature\u00bb relatifs au groupe Caisse des d\u00e9p\u00f4ts et consignations. Cela concerne, souligne le d\u00e9cret, les nominations de ses successeurs, des membres de la commission de surveillance ou la d\u00e9termination du versement annuel de la CDC \u00e0 l&rsquo;\u00c9tat. Selon le d\u00e9cret de dimanche, \u00c9ric Lombard ne pourra plus non plus conna\u00eetre d&rsquo;actes relatifs \u00e0 La Poste et aux soci\u00e9t\u00e9s de son groupe, ni des actes de Bpifrance (hormis Bpifrance Assurance Export).<\/p>\n<p>\u00abConflit d\u2019int\u00e9r\u00eats\u00bb<\/p>\n<p class=\"fig-paragraph\">Le d\u00e9cret le contraint \u00e9galement \u00e0 se d\u00e9porter d&rsquo;entit\u00e9s aussi vari\u00e9es que le Grand th\u00e9\u00e2tre des Champs-\u00c9lys\u00e9es, le Fonds Marguerite (Fonds europ\u00e9en 2020 pour l&rsquo;\u00e9nergie, le changement climatique et les infrastructures, NDLR), la South Champagne Business School (SCBS, anciennement ESC Troyes) et la soci\u00e9t\u00e9 Halmahera et ses filiales. Pour les trois derni\u00e8res, il doit m\u00eame \u00abs&rsquo;abstenir de toute relation\u00bb avec elles. Il doit \u00e9galement se d\u00e9porter de tout acte concernant le Cercle des \u00e9conomistes.<\/p>\n<p class=\"fig-paragraph\">Le d\u00e9cret du 22 janvier 1959 relatif aux attributions des ministres pr\u00e9cise que \u00able ministre qui estime se trouver en situation de conflit d&rsquo;int\u00e9r\u00eats en informe par \u00e9crit le premier ministre en pr\u00e9cisant la teneur des questions pour lesquelles il estime ne pas devoir exercer ses attributions\u00bb, puis \u00abqu&rsquo;un d\u00e9cret d\u00e9termine, en cons\u00e9quence, les attributions que le premier ministre exerce \u00e0 la place du ministre int\u00e9ress\u00e9\u00bb. Ce dernier, pr\u00e9cise le d\u00e9cret \u00abs&rsquo;abstient de donner des instructions aux administrations plac\u00e9es sous son autorit\u00e9 ou dont il dispose, lesquelles re\u00e7oivent leurs instructions directement du Premier ministre\u00bb.<\/p>\n","protected":false},"excerpt":{"rendered":"Ce d\u00e9cret de d\u00e9port a \u00e9t\u00e9 propos\u00e9 par \u00c9ric Lombard lui-m\u00eame, en raison de possibles \u00abconflits d\u2019int\u00e9r\u00eats\u00bb entre&hellip;\n","protected":false},"author":2,"featured_media":126886,"comment_status":"","ping_status":"","sticky":false,"template":"","format":"standard","meta":{"footnotes":""},"categories":[6],"tags":[339,340,35,343,345,350,25052,130,344,352,349,33,34,341,313,6310,1011,27,346,342,353,351,347,348,354],"class_list":{"0":"post-126885","1":"post","2":"type-post","3":"status-publish","4":"format-standard","5":"has-post-thumbnail","7":"category-economie","8":"tag-actualite-economique","9":"tag-bourse","10":"tag-business","11":"tag-cac-40","12":"tag-chef-dentreprise","13":"tag-concurrence","14":"tag-conflit-dinteret","15":"tag-consommation","16":"tag-creation-dentreprise","17":"tag-crise","18":"tag-delocalisations","19":"tag-economie","20":"tag-economy","21":"tag-emploi","22":"tag-entreprises","23":"tag-eric-lombard","24":"tag-fr","25":"tag-france","26":"tag-grands-patrons","27":"tag-impots","28":"tag-licenciements","29":"tag-monopole","30":"tag-multinationales","31":"tag-privatisation","32":"tag-unio"},"share_on_mastodon":{"url":"https:\/\/pubeurope.com\/@fr\/114568373489403949","error":""},"_links":{"self":[{"href":"https:\/\/www.europesays.com\/fr\/wp-json\/wp\/v2\/posts\/126885","targetHints":{"allow":["GET"]}}],"collection":[{"href":"https:\/\/www.europesays.com\/fr\/wp-json\/wp\/v2\/posts"}],"about":[{"href":"https:\/\/www.europesays.com\/fr\/wp-json\/wp\/v2\/types\/post"}],"author":[{"embeddable":true,"href":"https:\/\/www.europesays.com\/fr\/wp-json\/wp\/v2\/users\/2"}],"replies":[{"embeddable":true,"href":"https:\/\/www.europesays.com\/fr\/wp-json\/wp\/v2\/comments?post=126885"}],"version-history":[{"count":0,"href":"https:\/\/www.europesays.com\/fr\/wp-json\/wp\/v2\/posts\/126885\/revisions"}],"wp:featuredmedia":[{"embeddable":true,"href":"https:\/\/www.europesays.com\/fr\/wp-json\/wp\/v2\/media\/126886"}],"wp:attachment":[{"href":"https:\/\/www.europesays.com\/fr\/wp-json\/wp\/v2\/media?parent=126885"}],"wp:term":[{"taxonomy":"category","embeddable":true,"href":"https:\/\/www.europesays.com\/fr\/wp-json\/wp\/v2\/categories?post=126885"},{"taxonomy":"post_tag","embeddable":true,"href":"https:\/\/www.europesays.com\/fr\/wp-json\/wp\/v2\/tags?post=126885"}],"curies":[{"name":"wp","href":"https:\/\/api.w.org\/{rel}","templated":true}]}}