{"id":126891,"date":"2025-05-25T12:05:08","date_gmt":"2025-05-25T12:05:08","guid":{"rendered":"https:\/\/www.europesays.com\/fr\/126891\/"},"modified":"2025-05-25T12:05:08","modified_gmt":"2025-05-25T12:05:08","slug":"aux-pays-bas-le-poids-secret-de-la-mort-programmee","status":"publish","type":"post","link":"https:\/\/www.europesays.com\/fr\/126891\/","title":{"rendered":"aux Pays-Bas, le poids secret de la mort programm\u00e9e"},"content":{"rendered":"<p data-module=\"fig-standfirst\" data-context=\"@media (min-width:48em)\"><strong>REPORTAGE &#8211;<\/strong> Au pays des polders, l\u2019euthanasie et le suicide assist\u00e9 sont l\u00e9gaux depuis vingt-trois ans. Ici, commanditer sa propre mort n\u2019est ni honteux ni exceptionnel\u00a0: 10.000 personnes sont mortes d\u2019une injection l\u00e9tale l\u2019ann\u00e9e derni\u00e8re.<\/p>\n<p class=\"fig-paragraph fig-paragraph--dropped\">\u00ab Mourir \u00e0 deux, c\u2019est la nouvelle tendance. Dans notre jargon, on appelle cela\u00a0<a href=\"http:\/\/www.lefigaro.fr\/flash-actu\/aux-pays-bas-des-euthanasies-en-duo-et-des-chiffres-records-pour-l-annee-2024-20250326\" data-fig-type=\"Article\" data-gtm-custom-categorie=\"navigation\" data-gtm-custom-action=\"crossclick\" data-gtm-custom-label=\"Contextuel\" data-gtm-event=\"customEventSPE\" data-fig-domain=\"LEFIGARO\" target=\"_blank\" rel=\"noopener\">les duo-euthanasies<\/a> , sourit Fransien van ter Beek, plantureuse brune aux cheveux boucl\u00e9s qui pr\u00e9side aux Pays-Bas, l\u2019association pour une fin de vie volontaire (NVVE). En f\u00e9vrier\u00a02024, l\u2019ancien premier ministre Dries van Agt et son \u00e9pouse se sont donn\u00e9 la mort ensemble. Depuis, les demandes ont bondi\u00a0: de 33 couples en 2023, on est pass\u00e9 \u00e0 54 en 2024. Pour pouvoir \u00eatre euthanasi\u00e9 avec son partenaire, chacun doit remplir des crit\u00e8res stricts, rassure-t-elle. Et deux m\u00e9decins injectent la substance l\u00e9tale afin d\u2019\u00e9viter que l\u2019un voie l\u2019autre mourir.\u00a0\u00bb<\/p>\n<p class=\"fig-paragraph fig-paragraph--dropped\">L\u00e0 est l\u2019objectif de toute\u00a0<a href=\"http:\/\/www.lefigaro.fr\/langue-francaise\/actu-des-mots\/pres-d-un-francais-sur-deux-ignore-la-difference-entre-euthanasie-aide-a-mourir-et-suicide-assiste-20250505\" data-fig-type=\"Article\" data-gtm-custom-categorie=\"navigation\" data-gtm-custom-action=\"crossclick\" data-gtm-custom-label=\"Contextuel\" data-gtm-event=\"customEventSPE\" data-fig-domain=\"LEFIGARO\" target=\"_blank\" rel=\"noopener\">demande d\u2019euthanasie<\/a>\u00a0: \u00e9viter la souffrance, quelle qu\u2019elle soit. Et garder le contr\u00f4le jusqu\u2019au bout. \u00ab\u00a0\u00c0 70\u00a0ans, ma tante \u00e9tait en pleine forme physique, mais elle a commenc\u00e9 \u00e0 d\u00e9velopper des sympt\u00f4mes d\u2019Alzheimer. Peu \u00e0 peu, elle perdait son chemin dans les rues, elle oubliait des choses, raconte Mascha. Son corps aurait\u2026<\/p>\n<p class=\"fig-premium-paywall__infos\">\n        Cet article est r\u00e9serv\u00e9 aux abonn\u00e9s.        Il vous reste 93% \u00e0 d\u00e9couvrir.\n    <\/p>\n<p>                <img  data- alt=\"Le Figaro\" class=\"fig-img--complete fig-img\"\/><\/p>\n<p class=\"fig-premium-paywall__title\">Vente Flash<\/p>\n<p class=\"fig-premium-paywall__subtitle\">4,99\u20ac par mois pendant 12 mois. Sans engagement.<\/p>\n<p class=\"fig-premium-paywall__connect\">\n                D\u00e9j\u00e0 abonn\u00e9\u00a0?                <a class=\"fig-premium-paywall__connect-link\" href=\"https:\/\/connect.lefigaro.fr\/login?client=horizon_web&amp;type=main&amp;redirect_uri=https%3A%2F%2Fwww.lefigaro.fr%2Factualite-france%2Fles-medecins-preferent-euthanasier-en-fin-de-journee-pour-rentrer-chez-eux-apres-aux-pays-bas-le-poids-secret-de-la-mort-programmee-20250525\" data-js-gtm=\"{&quot;customCategorie&quot;: &quot;conversion&quot;, &quot;customAction&quot;: &quot;before_Landing_Connexion_paywall_auto&quot;, &quot;customLabel&quot;: &quot;bGVmaWdhcm8uZnJfXzFmMDM2ZWI0LTkyZTItNjJkNC1hYTdjLTBkYWVhMGI3MWVjNF9fQXJ0aWNsZQ==_\u00abLes m\u00e9decins pr\u00e9f\u00e8rent euthanasier en fin de journ\u00e9e pour rentrer chez eux apr\u00e8s\u00bb\u00a0: aux Pays-Bas, le poids secret de la mort programm\u00e9e_355&quot;, &quot;customIDSPE&quot;: &quot;bGVmaWdhcm8uZnJfXzFmMDM2ZWI0LTkyZTItNjJkNC1hYTdjLTBkYWVhMGI3MWVjNF9fQXJ0aWNsZQ==&quot;, &quot;event&quot;: &quot;customEventSPE&quot;}\" target=\"_blank\" rel=\"noopener\"><br \/>\n                    Connectez-vous<br \/>\n                <\/a>\n            <\/p>\n","protected":false},"excerpt":{"rendered":"REPORTAGE &#8211; Au pays des polders, l\u2019euthanasie et le suicide assist\u00e9 sont l\u00e9gaux depuis vingt-trois ans. Ici, commanditer&hellip;\n","protected":false},"author":2,"featured_media":126892,"comment_status":"","ping_status":"","sticky":false,"template":"","format":"standard","meta":{"footnotes":""},"categories":[2],"tags":[47,1058,1054,1059,1060,1055,11,1057,17193,118,7977,1011,27,1061,303,12,934,1062,656,104,1056,809],"class_list":{"0":"post-126891","1":"post","2":"type-post","3":"status-publish","4":"format-standard","5":"has-post-thumbnail","7":"category-actualites","8":"tag-actualite","9":"tag-actualite-education","10":"tag-actualite-france","11":"tag-actualite-justice","12":"tag-actualite-securite","13":"tag-actualite-societe","14":"tag-actualites","15":"tag-education","16":"tag-euthanasie","17":"tag-faits-divers","18":"tag-fin-de-vie","19":"tag-fr","20":"tag-france","21":"tag-immigration","22":"tag-justice","23":"tag-news","24":"tag-pays-bas","25":"tag-polemique","26":"tag-securite","27":"tag-societe","28":"tag-societe-francaise","29":"tag-violence"},"share_on_mastodon":{"url":"https:\/\/pubeurope.com\/@fr\/114568385214255377","error":""},"_links":{"self":[{"href":"https:\/\/www.europesays.com\/fr\/wp-json\/wp\/v2\/posts\/126891","targetHints":{"allow":["GET"]}}],"collection":[{"href":"https:\/\/www.europesays.com\/fr\/wp-json\/wp\/v2\/posts"}],"about":[{"href":"https:\/\/www.europesays.com\/fr\/wp-json\/wp\/v2\/types\/post"}],"author":[{"embeddable":true,"href":"https:\/\/www.europesays.com\/fr\/wp-json\/wp\/v2\/users\/2"}],"replies":[{"embeddable":true,"href":"https:\/\/www.europesays.com\/fr\/wp-json\/wp\/v2\/comments?post=126891"}],"version-history":[{"count":0,"href":"https:\/\/www.europesays.com\/fr\/wp-json\/wp\/v2\/posts\/126891\/revisions"}],"wp:featuredmedia":[{"embeddable":true,"href":"https:\/\/www.europesays.com\/fr\/wp-json\/wp\/v2\/media\/126892"}],"wp:attachment":[{"href":"https:\/\/www.europesays.com\/fr\/wp-json\/wp\/v2\/media?parent=126891"}],"wp:term":[{"taxonomy":"category","embeddable":true,"href":"https:\/\/www.europesays.com\/fr\/wp-json\/wp\/v2\/categories?post=126891"},{"taxonomy":"post_tag","embeddable":true,"href":"https:\/\/www.europesays.com\/fr\/wp-json\/wp\/v2\/tags?post=126891"}],"curies":[{"name":"wp","href":"https:\/\/api.w.org\/{rel}","templated":true}]}}