{"id":126906,"date":"2025-05-25T12:15:25","date_gmt":"2025-05-25T12:15:25","guid":{"rendered":"https:\/\/www.europesays.com\/fr\/126906\/"},"modified":"2025-05-25T12:15:25","modified_gmt":"2025-05-25T12:15:25","slug":"terrains-de-football-de-tennis-city-stade-un-tout-nouveau-complexe-sportif-va-voir-le-jour-pres-de-rouen","status":"publish","type":"post","link":"https:\/\/www.europesays.com\/fr\/126906\/","title":{"rendered":"Terrains de football, de tennis, city stade&#8230; Un tout nouveau complexe sportif va voir le jour pr\u00e8s de Rouen"},"content":{"rendered":"<p>            Par<br \/>\n        <strong><br \/>\n            <a href=\"https:\/\/actu.fr\/auteur\/laredaction\" title=\"Consulter tous les articles de R\u00e9daction Normandie\" rel=\"nofollow noopener\" target=\"_blank\">R\u00e9daction Normandie<\/a><br \/>\n        <\/strong><\/p>\n<p>        Publi\u00e9 le<\/p>\n<p>            24 mai 2025 \u00e0 18h04        <\/p>\n<p>L\u2019am\u00e9nagement du <strong>stade Bilyk, au Mesnil-Esnard,<\/strong> <a href=\"https:\/\/actu.fr\/normandie\/rouen_76540\" rel=\"nofollow noopener\" target=\"_blank\">pr\u00e8s de Rouen (Seine-Maritime)<\/a> est un projet inscrit dans le programme de la majorit\u00e9, mais d\u00e8s la premi\u00e8re r\u00e9union publique, il a <strong>largement \u00e9t\u00e9 contest\u00e9<\/strong> par les riverains. Depuis le mardi 13\u00a0mai, il est <strong>pourtant devenu une r\u00e9alit\u00e9<\/strong> \u00ab\u2009apr\u00e8s de nombreuses consultations o\u00f9 toutes les demandes des habitants ont \u00e9t\u00e9 retenues\u2009\u00bb.<\/p>\n<p class=\" wall-content\">Ainsi, en introduction du conseil municipal, le maire Jean-Marc Vennin a donn\u00e9 la parole \u00e0 J\u00e9r\u00f4me Vial, PDG de la soci\u00e9t\u00e9 Vic Ouest, afin de pr\u00e9senter la version finale\u2009: les travaux d\u00e9buteront d\u2019ici \u00e0 un mois.<\/p>\n<p>Les am\u00e9nagements en d\u00e9tail<\/p>\n<p class=\" wall-content\">\u00ab\u2009Le prochain complexe sportif va comprendre un <strong>terrain synth\u00e9tique de football<\/strong> \u00e0 11, 5e g\u00e9n\u00e9ration sans entretien, un <strong>terrain en gazon naturel de football<\/strong> \u00e0 8, un terrain synth\u00e9tique de football \u00e0 5 grillag\u00e9, quatre<strong> courts de tennis en r\u00e9sine<\/strong>, un <strong>terrain de basket<\/strong> 3\u00d73, un <strong>City stade<\/strong>, un mur de sout\u00e8nement pour rattraper la pente, trois bassins de r\u00e9gulation des eaux pluviales et un parking de 44 places\u2009\u00bb.<\/p>\n<p>L\u2019all\u00e9e de tilleuls conserv\u00e9e<\/p>\n<p class=\" wall-content\">Selon l\u2019\u00e9volution, il y aura un Street Workout (sport m\u00ealant la gymnastique et la musculation) et fin 2026, <a href=\"https:\/\/actu.fr\/normandie\/le-havre_76351\/terrains-nouvelle-tribune-ou-en-est-le-chantier-du-stade-gagarine-au-havre_61915933.html\" rel=\"nofollow noopener\" target=\"_blank\">la construction de vestiaires et d\u2019une tribune<\/a>. Le tout est en acc\u00e8s pour personnes \u00e0 mobilit\u00e9 r\u00e9duite (PMR) sur tout le site.<\/p>\n<p>    <img   decoding=\"async\" loading=\"lazy\" class=\"size-large\" src=\"https:\/\/www.europesays.com\/fr\/wp-content\/uploads\/2025\/05\/ae69747af62869279747af62886797v-960x640.jpg\" alt=\"Le Mesnil Esnard stade Bilyk\" width=\"960\" height=\"640\"\/><br \/>\n    Quatre courts de tennis en r\u00e9sine seront r\u00e9alis\u00e9s dans la premi\u00e8re tranche. \u00a9Le Bulletin<\/p>\n<p class=\" wall-content\">C\u00f4t\u00e9, le chantier va commencer \u00ab\u2009par le terrassement, la viabilisation des r\u00e9seaux, les courts de tennis. Le parking sera fait \u00e0 la fin. L\u2019ensemble sera cl\u00f4tur\u00e9 et des pare ballons seront pos\u00e9s tout autour des zones de jeux\u2009\u00bb.<\/p>\n<p>    <img   decoding=\"async\" loading=\"lazy\" src=\"https:\/\/www.europesays.com\/fr\/wp-content\/uploads\/2025\/05\/a3cd357af628678cd357af6289ccd3v-960x640.jpg\" alt=\"\u00a0Toutes les zones de jeux seront dot\u00e9es de pare-ballons.\u00a0\" width=\"960\" height=\"640\"\/><br \/>\n    Toutes les zones de jeux seront dot\u00e9es de pare-ballons. (\u00a9Le Bulletin)<\/p>\n<p class=\" wall-content\">\u00ab\u2009L\u2019all\u00e9e de tilleuls sera conserv\u00e9e et prot\u00e9g\u00e9e et <a href=\"https:\/\/actu.fr\/normandie\/le-mesnil-esnard_76429\/pres-de-rouen-le-parc-saint-jean-un-lieu-de-vie-pour-toutes-les-familles_61685116.html\" rel=\"nofollow noopener\" target=\"_blank\">des plantations suppl\u00e9mentaires<\/a> sont pr\u00e9vues sur les espaces verts\u2009\u00bb, a compl\u00e9t\u00e9 le dirigeant.<\/p>\n<p>Co\u00fbt\u2009: quatre millions d\u2019euros<\/p>\n<p class=\" wall-content\">D\u2019un co\u00fbt de quatre millions d\u2019euros (TTC), la plus grande partie du site sera livr\u00e9e fin 2025, hors vestiaires.<\/p>\n<p class=\" wall-content\">Lors des questions, notamment des oppositions sur la s\u00e9curit\u00e9 et contre les incivilit\u00e9s, le maire a pr\u00e9cis\u00e9 \u00ab\u2009que le complexe sportif sera dot\u00e9 de cam\u00e9ras et de contr\u00f4les d\u2019acc\u00e8s. Il n\u2019y aura pas d\u2019acc\u00e8s libre sauf pour le City stade positionn\u00e9 en bord de route. L\u2019id\u00e9e est d\u2019interdire toute intrusion la nuit\u2009\u00bb.<\/p>\n<p>Suivez l\u2019actualit\u00e9 de Rouen <a href=\"https:\/\/www.whatsapp.com\/channel\/0029VaKfnf99hXF2ddApFB1D\" rel=\"nofollow noopener\" target=\"_blank\">sur notre cha\u00eene WhatsApp<\/a> et <a href=\"https:\/\/www.tiktok.com\/@76actu.fr?lang=fr\" rel=\"nofollow noopener\" target=\"_blank\">sur notre compte TikTok<\/a><\/p>\n<p class=\" wall-content\">Suivez toute l\u2019actualit\u00e9 de vos villes et m\u00e9dias favoris en vous inscrivant \u00e0 <a href=\"https:\/\/moncompte.actu.fr\" title=\"D\u00e9couvez Mon Actu\" rel=\"nofollow noopener\" data-trk=\"{&quot;cta&quot;:{&quot;action&quot;:&quot;https:\\\/\\\/moncompte.actu.fr&quot;,&quot;category&quot;:&quot;mon compte&quot;,&quot;from&quot;:&quot;article footer&quot;,&quot;name&quot;:&quot;Mon actu&quot;,&quot;type&quot;:&quot;cta&quot;}}\" target=\"_blank\">Mon Actu<\/a>.<\/p>\n<p>                    <script async src=\"\/\/www.tiktok.com\/embed.js\"><\/script><\/p>\n","protected":false},"excerpt":{"rendered":"Par R\u00e9daction Normandie Publi\u00e9 le 24 mai 2025 \u00e0 18h04 L\u2019am\u00e9nagement du stade Bilyk, au Mesnil-Esnard, pr\u00e8s de&hellip;\n","protected":false},"author":2,"featured_media":126907,"comment_status":"","ping_status":"","sticky":false,"template":"","format":"standard","meta":{"footnotes":""},"categories":[9587],"tags":[1111,11,1777,674,1011,27,12,5161,25,9590,104,517,2086,1352],"class_list":{"0":"post-126906","1":"post","2":"type-post","3":"status-publish","4":"format-standard","5":"has-post-thumbnail","7":"category-rouen","8":"tag-actu","9":"tag-actualites","10":"tag-eu","11":"tag-europe","12":"tag-fr","13":"tag-france","14":"tag-news","15":"tag-normandie","16":"tag-republique-francaise","17":"tag-rouen","18":"tag-societe","19":"tag-sport","20":"tag-travaux","21":"tag-urbanisme"},"share_on_mastodon":{"url":"https:\/\/pubeurope.com\/@fr\/114568424882576808","error":""},"_links":{"self":[{"href":"https:\/\/www.europesays.com\/fr\/wp-json\/wp\/v2\/posts\/126906","targetHints":{"allow":["GET"]}}],"collection":[{"href":"https:\/\/www.europesays.com\/fr\/wp-json\/wp\/v2\/posts"}],"about":[{"href":"https:\/\/www.europesays.com\/fr\/wp-json\/wp\/v2\/types\/post"}],"author":[{"embeddable":true,"href":"https:\/\/www.europesays.com\/fr\/wp-json\/wp\/v2\/users\/2"}],"replies":[{"embeddable":true,"href":"https:\/\/www.europesays.com\/fr\/wp-json\/wp\/v2\/comments?post=126906"}],"version-history":[{"count":0,"href":"https:\/\/www.europesays.com\/fr\/wp-json\/wp\/v2\/posts\/126906\/revisions"}],"wp:featuredmedia":[{"embeddable":true,"href":"https:\/\/www.europesays.com\/fr\/wp-json\/wp\/v2\/media\/126907"}],"wp:attachment":[{"href":"https:\/\/www.europesays.com\/fr\/wp-json\/wp\/v2\/media?parent=126906"}],"wp:term":[{"taxonomy":"category","embeddable":true,"href":"https:\/\/www.europesays.com\/fr\/wp-json\/wp\/v2\/categories?post=126906"},{"taxonomy":"post_tag","embeddable":true,"href":"https:\/\/www.europesays.com\/fr\/wp-json\/wp\/v2\/tags?post=126906"}],"curies":[{"name":"wp","href":"https:\/\/api.w.org\/{rel}","templated":true}]}}