{"id":126920,"date":"2025-05-25T12:25:07","date_gmt":"2025-05-25T12:25:07","guid":{"rendered":"https:\/\/www.europesays.com\/fr\/126920\/"},"modified":"2025-05-25T12:25:07","modified_gmt":"2025-05-25T12:25:07","slug":"un-podcast-sur-les-dissidents-antillais-de-la-seconde-guerre-realise-a-nantes","status":"publish","type":"post","link":"https:\/\/www.europesays.com\/fr\/126920\/","title":{"rendered":"Un podcast sur les dissidents antillais de la Seconde Guerre r\u00e9alis\u00e9 \u00e0 Nantes"},"content":{"rendered":"<p>Les historiens disent qu\u2019ils \u00e9taient 3\u00a0000, consid\u00e9r\u00e9s comme des tra\u00eetres par le r\u00e9gime de Vichy, d\u2019o\u00f9 leur appellation de dissidents. <a href=\"https:\/\/metropole.nantes.fr\/associations\/annuaire-des-associations-nantaises\/association-des-antillais-et-guyanais-de-la-loire-atlantique\" rel=\"nofollow noopener\" target=\"_blank\">L\u2019association des Antillais et Guyanais de Loire-Atlantique (AAGLA) <\/a>a particip\u00e9 \u00e0 la collecte de t\u00e9moignages de ces hommes ayant particip\u00e9 \u00e0 lib\u00e9rer la France du joug de l\u2019Allemagne nazie, durant la Seconde Guerre mondiale.<\/p>\n<p>\u00c0 l\u2019instar de celle des <a href=\"https:\/\/rennes.maville.com\/actu\/actudet_-qui-etaient-les-tirailleurs-senegalais-qui-ont-combattu-lors-des-deux-guerres-mondiales-_54135-5575165_actu.Htm\" rel=\"nofollow noopener\" target=\"_blank\">tirailleurs s\u00e9n\u00e9galais<\/a>, l\u2019histoire des dissidents antillais reste m\u00e9connue du grand public. Pourtant, comme on peut l\u2019entendre dans un podcast r\u00e9alis\u00e9 \u00e0 Nantes, <strong>\u00ab\u00a0pour les FFI <\/strong>[Forces fran\u00e7aises de l\u2019int\u00e9rieur, NDLR], l<strong>es FFI chocolats \u00e9taient des fr\u00e8res\u00a0\u00bb.<\/strong><\/p>\n<p>Dans le cadre du <a href=\"https:\/\/nantes.maville.com\/actu\/actudet_-journee-nationale-des-memoires-de-la-traite-et-de-l-esclavage-le-programme-a-nantes-_8-6800445_actu.Htm\" rel=\"nofollow noopener\" target=\"_blank\">mois des m\u00e9moires et de la transmission<\/a>, \u00e0 Nantes, l\u2019AAGLA et Pop\u2019m\u00e9dia, association locale d\u2019\u00e9ducation aux m\u00e9dias, pr\u00e9sentent ce podcast in\u00e9dit consacr\u00e9 aux dissidents antillais engag\u00e9s dans la lib\u00e9ration de la France.<\/p>\n<p>Un contenu \u00e9difiant et \u00e9mouvant<\/p>\n<p>R\u00e9alis\u00e9 \u00e0 partir de t\u00e9moignages de descendants, agr\u00e9ment\u00e9 d\u2019une musique d\u2019ambiance, de bruitages, de chansons cr\u00e9oles ou encore du Chant des partisans, il donne une voix \u00e0 ces invisibilis\u00e9s, engag\u00e9s aux c\u00f4t\u00e9s de la France libre\u00a0; des jeunes hommes noirs ou m\u00e9tis ayant risqu\u00e9 leur vie pour d\u00e9fendre la libert\u00e9.<\/p>\n<p>Pour beaucoup d\u2019Antillais, lors du second conflit mondial, rejoindre la France libre signifiait refuser une soumission impos\u00e9e, comme leurs a\u00efeux avaient refus\u00e9 la servitude esclavagiste. Une s\u00e9ance d\u2019\u00e9coute publique (d\u2019une dur\u00e9e de cinquante\u00a0minutes) suivie d\u2019un d\u00e9bat autour de la th\u00e9matique des dissidents antillais aura lieu mardi 27\u00a0mai.<\/p>\n<p><strong>Mardi 27\u00a0mai,<\/strong> \u00e0 20\u00a0h, \u00e0 la Maison des haubans, 1\u00a0bis, boulevard de Berlin, \u00e0 Nantes, www.popmedia.fr\/episode\/antillais-dissidents-et-engages-volontaires.<\/p>\n<p>\u00a0<\/p>\n","protected":false},"excerpt":{"rendered":"Les historiens disent qu\u2019ils \u00e9taient 3\u00a0000, consid\u00e9r\u00e9s comme des tra\u00eetres par le r\u00e9gime de Vichy, d\u2019o\u00f9 leur appellation&hellip;\n","protected":false},"author":2,"featured_media":126921,"comment_status":"","ping_status":"","sticky":false,"template":"","format":"standard","meta":{"footnotes":""},"categories":[2818],"tags":[1111,11,25054,25053,1777,674,1011,27,1146,766,12,2636,3725,21226,25,10040],"class_list":{"0":"post-126920","1":"post","2":"type-post","3":"status-publish","4":"format-standard","5":"has-post-thumbnail","7":"category-nantes","8":"tag-actu","9":"tag-actualites","10":"tag-antillais","11":"tag-dissidents","12":"tag-eu","13":"tag-europe","14":"tag-fr","15":"tag-france","16":"tag-guerre","17":"tag-nantes","18":"tag-news","19":"tag-pays-de-la-loire","20":"tag-podcast","21":"tag-realise","22":"tag-republique-francaise","23":"tag-seconde"},"share_on_mastodon":{"url":"https:\/\/pubeurope.com\/@fr\/114568464479873874","error":""},"_links":{"self":[{"href":"https:\/\/www.europesays.com\/fr\/wp-json\/wp\/v2\/posts\/126920","targetHints":{"allow":["GET"]}}],"collection":[{"href":"https:\/\/www.europesays.com\/fr\/wp-json\/wp\/v2\/posts"}],"about":[{"href":"https:\/\/www.europesays.com\/fr\/wp-json\/wp\/v2\/types\/post"}],"author":[{"embeddable":true,"href":"https:\/\/www.europesays.com\/fr\/wp-json\/wp\/v2\/users\/2"}],"replies":[{"embeddable":true,"href":"https:\/\/www.europesays.com\/fr\/wp-json\/wp\/v2\/comments?post=126920"}],"version-history":[{"count":0,"href":"https:\/\/www.europesays.com\/fr\/wp-json\/wp\/v2\/posts\/126920\/revisions"}],"wp:featuredmedia":[{"embeddable":true,"href":"https:\/\/www.europesays.com\/fr\/wp-json\/wp\/v2\/media\/126921"}],"wp:attachment":[{"href":"https:\/\/www.europesays.com\/fr\/wp-json\/wp\/v2\/media?parent=126920"}],"wp:term":[{"taxonomy":"category","embeddable":true,"href":"https:\/\/www.europesays.com\/fr\/wp-json\/wp\/v2\/categories?post=126920"},{"taxonomy":"post_tag","embeddable":true,"href":"https:\/\/www.europesays.com\/fr\/wp-json\/wp\/v2\/tags?post=126920"}],"curies":[{"name":"wp","href":"https:\/\/api.w.org\/{rel}","templated":true}]}}