{"id":126922,"date":"2025-05-25T12:26:10","date_gmt":"2025-05-25T12:26:10","guid":{"rendered":"https:\/\/www.europesays.com\/fr\/126922\/"},"modified":"2025-05-25T12:26:10","modified_gmt":"2025-05-25T12:26:10","slug":"ateliers-de-danse-spectacles-et-battles-pour-les-10-ans-du-festival-nantes-danse-hip-hop","status":"publish","type":"post","link":"https:\/\/www.europesays.com\/fr\/126922\/","title":{"rendered":"Ateliers de danse, spectacles et battles pour les 10\u00a0ans du festival Nantes danse hip-hop"},"content":{"rendered":"<p><a href=\"https:\/\/nantes.maville.com\/info\/info-locale\/des-ateliers-de-danse-hip-hop-au-quartier-bottiere-443158\" target=\"_blank\" rel=\"noopener\">Le festival Nantes danse hip-hop <\/a>souffle sa dixi\u00e8me bougie, cette ann\u00e9e. \u00ab\u00a0<strong>C\u2019est le plus grand \u00e9v\u00e9nement de pratiquants de danse hip-hop \u00e0 Nantes et le premier festival de danse hip-hop pour les \u00e9coles, coll\u00e8ges et lyc\u00e9es de la r\u00e9gion Pays de la Loire\u00a0\u00bb,<\/strong> explique Esthelle Gaombalet, directrice de l<a href=\"https:\/\/nantes.maville.com\/actu\/actudet_-nantes.-ambiance-survoltee-au-battle-de-hip-hop-_52716-5112132_actu.Htm\" target=\"_blank\" rel=\"noopener\">\u2019association nantaise Make a move<\/a>, fond\u00e9e en 2008 et cr\u00e9atrice du festival.<\/p>\n<p>Ateliers, spectacles, concours de danse\u2026<\/p>\n<p>Le festival a d\u00e9but\u00e9 le 24\u00a0avril, au sein des coll\u00e8ges et lyc\u00e9es de Loire-Atlantique, et se cl\u00f4turera au parc des expositions de la Beaujoire, \u00e0 Nantes. Apr\u00e8s une journ\u00e9e r\u00e9serv\u00e9e aux coll\u00e8ges et lyc\u00e9es, mardi 27\u00a0mai, il s\u2019ouvrira au grand public, le lendemain. Ateliers de danse, flashmob, spectacles et battles de danse seront au rendez-vous.<\/p>\n<p>Cr\u00e9atrice du <a href=\"https:\/\/nantes.maville.com\/actu\/actudet_-danse.-le-deuxieme-centre-culturel-hip-hop-de-france-ouvre-a-nantes-_8-4571461_actu.Htm\" target=\"_blank\" rel=\"noopener\">premier centre culturel hip-hop de l\u2019Ouest<\/a>, situ\u00e9 \u00e0 l\u2019est de Nantes, Make a move a f\u00e9d\u00e9r\u00e9 20\u00a0000\u00a0adh\u00e9rents depuis ses d\u00e9buts. \u00ab\u00a0<strong>C\u2019est le moteur de cette danse, depuis 2008, sur le plan de l\u2019accompagnement \u00e9ducatif, artistique et culturel, sur la formation des danseurs et danseuses (de 4 \u00e0 45\u00a0ans), sur l\u2019insertion, la professionnalisation et l\u2019emploi dans la danse hip-hop\u00a0\u00bb,<\/strong> assure Esthelle Gaombalet.<\/p>\n<p><strong>Mercredi 28\u00a0mai,<\/strong> au parc des expositions de la Beaujoire, route de Saint-Joseph-de-Porterie, \u00e0 Nantes, www.makeamovenantes.com.<\/p>\n<p>\u00a0<\/p>\n","protected":false},"excerpt":{"rendered":"Le festival Nantes danse hip-hop souffle sa dixi\u00e8me bougie, cette ann\u00e9e. \u00ab\u00a0C\u2019est le plus grand \u00e9v\u00e9nement de pratiquants&hellip;\n","protected":false},"author":2,"featured_media":126923,"comment_status":"","ping_status":"","sticky":false,"template":"","format":"standard","meta":{"footnotes":""},"categories":[2818],"tags":[5481,1111,11,1764,10036,25055,5972,1777,674,849,1011,27,3617,766,12,2636,25,853],"class_list":{"0":"post-126922","1":"post","2":"type-post","3":"status-publish","4":"format-standard","5":"has-post-thumbnail","7":"category-nantes","8":"tag-5481","9":"tag-actu","10":"tag-actualites","11":"tag-ans","12":"tag-ateliers","13":"tag-battles","14":"tag-danse","15":"tag-eu","16":"tag-europe","17":"tag-festival","18":"tag-fr","19":"tag-france","20":"tag-hip-hop","21":"tag-nantes","22":"tag-news","23":"tag-pays-de-la-loire","24":"tag-republique-francaise","25":"tag-spectacles"},"share_on_mastodon":{"url":"https:\/\/pubeurope.com\/@fr\/114568467790234126","error":""},"_links":{"self":[{"href":"https:\/\/www.europesays.com\/fr\/wp-json\/wp\/v2\/posts\/126922","targetHints":{"allow":["GET"]}}],"collection":[{"href":"https:\/\/www.europesays.com\/fr\/wp-json\/wp\/v2\/posts"}],"about":[{"href":"https:\/\/www.europesays.com\/fr\/wp-json\/wp\/v2\/types\/post"}],"author":[{"embeddable":true,"href":"https:\/\/www.europesays.com\/fr\/wp-json\/wp\/v2\/users\/2"}],"replies":[{"embeddable":true,"href":"https:\/\/www.europesays.com\/fr\/wp-json\/wp\/v2\/comments?post=126922"}],"version-history":[{"count":0,"href":"https:\/\/www.europesays.com\/fr\/wp-json\/wp\/v2\/posts\/126922\/revisions"}],"wp:featuredmedia":[{"embeddable":true,"href":"https:\/\/www.europesays.com\/fr\/wp-json\/wp\/v2\/media\/126923"}],"wp:attachment":[{"href":"https:\/\/www.europesays.com\/fr\/wp-json\/wp\/v2\/media?parent=126922"}],"wp:term":[{"taxonomy":"category","embeddable":true,"href":"https:\/\/www.europesays.com\/fr\/wp-json\/wp\/v2\/categories?post=126922"},{"taxonomy":"post_tag","embeddable":true,"href":"https:\/\/www.europesays.com\/fr\/wp-json\/wp\/v2\/tags?post=126922"}],"curies":[{"name":"wp","href":"https:\/\/api.w.org\/{rel}","templated":true}]}}