{"id":126927,"date":"2025-05-25T12:29:12","date_gmt":"2025-05-25T12:29:12","guid":{"rendered":"https:\/\/www.europesays.com\/fr\/126927\/"},"modified":"2025-05-25T12:29:12","modified_gmt":"2025-05-25T12:29:12","slug":"voici-a-quoi-elle-ressemble-2","status":"publish","type":"post","link":"https:\/\/www.europesays.com\/fr\/126927\/","title":{"rendered":"voici \u00e0 quoi elle ressemble"},"content":{"rendered":"<p>            Par<br \/>\n        <strong><br \/>\n            <a href=\"https:\/\/actu.fr\/auteur\/lea-afonso\" title=\"Consulter tous les articles de L\u00e9a Afonso\" rel=\"nofollow noopener\" target=\"_blank\">L\u00e9a Afonso<\/a><br \/>\n        <\/strong><\/p>\n<p>        Publi\u00e9 le<\/p>\n<p>            25 mai 2025 \u00e0 13h18        <\/p>\n<p>Les travaux d\u00e9butent et se terminent \u00e0 <a href=\"https:\/\/actu.fr\/toulouse\/\" rel=\"nofollow noopener\" target=\"_blank\">Toulouse<\/a>. Une ville qui est en pleine mutation ces derni\u00e8res ann\u00e9es et \u00e7a ne devrait pas s\u2019arr\u00eater l\u00e0. En cette fin mai 2025, c\u2019est un nouveau <strong>chantier qui est achev\u00e9<\/strong>, celui de la<strong> place du Parlement,<\/strong> situ\u00e9e juste \u00e0 c\u00f4t\u00e9 du palais de justice.<\/p>\n<p>    <a href=\"https:\/\/www.google.com\/maps\/embed?pb=!1m18!1m12!1m3!1d2889.6193087675697!2d1.443940566277952!3d43.59364527016913!2m3!1f0!2f0!3f0!3m2!1i1024!2i768!4f13.1!3m3!1m2!1s0x12aebc81c29a9adf%3A0x92bbca47e631ad4b!2sPl.%20du%20Parlement%2C%2031000%20Toulouse!5e0!3m2!1sfr!2sfr!4v1748159163725!5m2!1sfr!2sfr\" title=\"Ouvrie le lien\" rel=\"nofollow noopener\" target=\"_blank\">Cliquez ici pour visualiser le contenu<\/a><\/p>\n<p>En route vers la v\u00e9g\u00e9talisation<\/p>\n<p class=\" wall-content\">La ville, en pleine <strong>transition vers le v\u00e9g\u00e9tal<\/strong>, voit son visage changer peu \u00e0 peu. Espaces publics r\u00e9nov\u00e9s, plantations d\u2019arbres, jardins cr\u00e9\u00e9s et supression de places de parking\u2026 <strong>Toulouse mute.<\/strong> Et la place du Parlement, situ\u00e9e tout pr\u00e8s du palais de Justice, en est le parfait exemple.<\/p>\n<p>    <img   decoding=\"async\" loading=\"lazy\" src=\"https:\/\/www.europesays.com\/fr\/wp-content\/uploads\/2025\/05\/capture-decran-2025-05-25-a-092934-960x640.png\" alt=\"La place du Parlement, avant les travaux \" width=\"960\" height=\"640\"\/><br \/>\n    La place du Parlement, avant les travaux (\u00a9Capture d\u2019\u00e9cran google maps)<\/p>\n<p class=\" wall-content\"><a href=\"https:\/\/actu.fr\/occitanie\/toulouse_31555\/toulouse-cette-place-du-centre-ville-est-en-pleine-renovation-voici-ce-qui-est-prevu_62204570.html\" rel=\"nofollow noopener\" target=\"_blank\">Actu Toulouse vous en parlait il y a quelques semaines<\/a>, cette place tr\u00e8s passante devait \u00eatre v\u00e9g\u00e9talis\u00e9e. Auparavant, elle comprenait de nombreuses <strong>places de parking<\/strong>, et un <strong>terre-plein inutilis\u00e9<\/strong> si ce n\u2019est par les passants. La volont\u00e9 de la ville\u2009: v\u00e9g\u00e9taliser en coh\u00e9rence avec le plan 100\u2009000 arbres lanc\u00e9 par la mairie.<\/p>\n<p>Des arbres et des arbustes<br \/>\n    <img   decoding=\"async\" loading=\"lazy\" src=\"https:\/\/www.europesays.com\/fr\/wp-content\/uploads\/2025\/05\/img-2774-1-960x640.jpeg\" alt=\"Un tout nouveau visage pour la place \" width=\"960\" height=\"640\"\/><br \/>\n    Un tout nouveau visage pour la place (\u00a9L\u00e9a Afonso \/ Actu Toulouse)Vid\u00e9os : en ce moment sur Actu<\/p>\n<p class=\" wall-content\">Ce sont donc tous types de v\u00e9g\u00e9taux qui ont \u00e9t\u00e9 apport\u00e9s ici\u2009: \u00ab<strong>\u200914 nouveaux arbres<\/strong> vont \u00eatre plant\u00e9s. Nous allons aussi positionner des <strong>arbustes<\/strong>, et installer du <strong>mobilier urbain<\/strong>, afin d\u2019am\u00e9nager l\u2019espace dans la continuit\u00e9 de la place du Salin\u2009\u00bb, expliquait Laurence Katzenmayer, maire de quartier \u00e0\u00a0<a href=\"https:\/\/actu.fr\/occitanie\/toulouse_31555\/toulouse-cette-place-du-centre-ville-est-en-pleine-renovation-voici-ce-qui-est-prevu_62204570.html\" rel=\"nofollow noopener\" target=\"_blank\">Actu Toulouse <\/a>en f\u00e9vrier dernier.<\/p>\n<p class=\" wall-content\">Promesse tenue donc avec des arbres tout fra\u00eechement plant\u00e9s, une continuit\u00e9 de la piste cyclable depuis la place du salin et surtout un <strong>parterre plus clair<\/strong>, qui retient moins la chaleur l\u2019\u00e9t\u00e9.<\/p>\n<p class=\" wall-content\">Rappelons que pour ces travaux, le budget \u00e9tait de <strong>plus d\u2019un million d\u2019euros.<\/strong><\/p>\n<p class=\" wall-content\">Suivez toute l\u2019actualit\u00e9 de vos villes et m\u00e9dias favoris en vous inscrivant \u00e0 <a href=\"https:\/\/moncompte.actu.fr\" title=\"D\u00e9couvez Mon Actu\" rel=\"nofollow noopener\" data-trk=\"{&quot;cta&quot;:{&quot;action&quot;:&quot;https:\\\/\\\/moncompte.actu.fr&quot;,&quot;category&quot;:&quot;mon compte&quot;,&quot;from&quot;:&quot;article footer&quot;,&quot;name&quot;:&quot;Mon actu&quot;,&quot;type&quot;:&quot;cta&quot;}}\" target=\"_blank\">Mon Actu<\/a>.<\/p>\n","protected":false},"excerpt":{"rendered":"Par L\u00e9a Afonso Publi\u00e9 le 25 mai 2025 \u00e0 13h18 Les travaux d\u00e9butent et se terminent \u00e0 Toulouse.&hellip;\n","protected":false},"author":2,"featured_media":126928,"comment_status":"","ping_status":"","sticky":false,"template":"","format":"standard","meta":{"footnotes":""},"categories":[2816],"tags":[1111,11,1777,674,1011,27,12,2680,25,104,2312,1352],"class_list":{"0":"post-126927","1":"post","2":"type-post","3":"status-publish","4":"format-standard","5":"has-post-thumbnail","7":"category-toulouse","8":"tag-actu","9":"tag-actualites","10":"tag-eu","11":"tag-europe","12":"tag-fr","13":"tag-france","14":"tag-news","15":"tag-occitanie","16":"tag-republique-francaise","17":"tag-societe","18":"tag-toulouse","19":"tag-urbanisme"},"share_on_mastodon":{"url":"https:\/\/pubeurope.com\/@fr\/114568479778338262","error":""},"_links":{"self":[{"href":"https:\/\/www.europesays.com\/fr\/wp-json\/wp\/v2\/posts\/126927","targetHints":{"allow":["GET"]}}],"collection":[{"href":"https:\/\/www.europesays.com\/fr\/wp-json\/wp\/v2\/posts"}],"about":[{"href":"https:\/\/www.europesays.com\/fr\/wp-json\/wp\/v2\/types\/post"}],"author":[{"embeddable":true,"href":"https:\/\/www.europesays.com\/fr\/wp-json\/wp\/v2\/users\/2"}],"replies":[{"embeddable":true,"href":"https:\/\/www.europesays.com\/fr\/wp-json\/wp\/v2\/comments?post=126927"}],"version-history":[{"count":0,"href":"https:\/\/www.europesays.com\/fr\/wp-json\/wp\/v2\/posts\/126927\/revisions"}],"wp:featuredmedia":[{"embeddable":true,"href":"https:\/\/www.europesays.com\/fr\/wp-json\/wp\/v2\/media\/126928"}],"wp:attachment":[{"href":"https:\/\/www.europesays.com\/fr\/wp-json\/wp\/v2\/media?parent=126927"}],"wp:term":[{"taxonomy":"category","embeddable":true,"href":"https:\/\/www.europesays.com\/fr\/wp-json\/wp\/v2\/categories?post=126927"},{"taxonomy":"post_tag","embeddable":true,"href":"https:\/\/www.europesays.com\/fr\/wp-json\/wp\/v2\/tags?post=126927"}],"curies":[{"name":"wp","href":"https:\/\/api.w.org\/{rel}","templated":true}]}}