{"id":126937,"date":"2025-05-25T12:35:10","date_gmt":"2025-05-25T12:35:10","guid":{"rendered":"https:\/\/www.europesays.com\/fr\/126937\/"},"modified":"2025-05-25T12:35:10","modified_gmt":"2025-05-25T12:35:10","slug":"ca-coute-1e-pour-reserver-mais-cest-toujours-la-meme-galere","status":"publish","type":"post","link":"https:\/\/www.europesays.com\/fr\/126937\/","title":{"rendered":"\u00e7a co\u00fbte 1\u20ac pour r\u00e9server mais c\u2019est toujours la m\u00eame gal\u00e8re"},"content":{"rendered":"<p>Un euro presque symbolique qui permet de r\u00e9server une place pour son v\u00e9lo dans le train. Cela a tout de la bonne id\u00e9e pour limiter les mauvaises surprises \u00e0 quai. Pour les cyclotouristes, le s\u00e9jour peut vite virer au casse-t\u00eate. Les voyageurs sont agac\u00e9s, certains restent \u00e0 quai en attendant le prochain train, parfois une heure plus tard.<\/p>\n<p>Alors est-ce que payer un euro changera la donne\u00a0? Pour l\u2019instant, c\u2019est mitig\u00e9. Via un groupe Facebook sur le v\u00e9lo-train, Emilie partage son exp\u00e9rience. Le premier week-end de mai, elle a r\u00e9serv\u00e9 pour un euro sa place de v\u00e9lo. Elle faisait alors le trajet entre Boll\u00e8ne (au nord d\u2019Avignon)&#8230;<\/p>\n","protected":false},"excerpt":{"rendered":"Un euro presque symbolique qui permet de r\u00e9server une place pour son v\u00e9lo dans le train. Cela a&hellip;\n","protected":false},"author":2,"featured_media":126938,"comment_status":"","ping_status":"","sticky":false,"template":"","format":"standard","meta":{"footnotes":""},"categories":[1889],"tags":[1111,11,2738,2430,4523,130,33,2757,1777,674,107,1011,27,4002,1826,3367,2428,2756,12,25,2429,4604,104,2803],"class_list":{"0":"post-126937","1":"post","2":"type-post","3":"status-publish","4":"format-standard","5":"has-post-thumbnail","7":"category-lyon","8":"tag-actu","9":"tag-actualites","10":"tag-ain","11":"tag-auvergne-rhone-alpes","12":"tag-conseils-pratiques","13":"tag-consommation","14":"tag-economie","15":"tag-edition-lyon-villeurbanne","16":"tag-eu","17":"tag-europe","18":"tag-fil-info","19":"tag-fr","20":"tag-france","21":"tag-haute-loire","22":"tag-jura","23":"tag-loire","24":"tag-lyon","25":"tag-lyon-bassin","26":"tag-news","27":"tag-republique-francaise","28":"tag-rhone","29":"tag-selection-abonne","30":"tag-societe","31":"tag-transport"},"share_on_mastodon":{"url":"https:\/\/pubeurope.com\/@fr\/114568503187287715","error":""},"_links":{"self":[{"href":"https:\/\/www.europesays.com\/fr\/wp-json\/wp\/v2\/posts\/126937","targetHints":{"allow":["GET"]}}],"collection":[{"href":"https:\/\/www.europesays.com\/fr\/wp-json\/wp\/v2\/posts"}],"about":[{"href":"https:\/\/www.europesays.com\/fr\/wp-json\/wp\/v2\/types\/post"}],"author":[{"embeddable":true,"href":"https:\/\/www.europesays.com\/fr\/wp-json\/wp\/v2\/users\/2"}],"replies":[{"embeddable":true,"href":"https:\/\/www.europesays.com\/fr\/wp-json\/wp\/v2\/comments?post=126937"}],"version-history":[{"count":0,"href":"https:\/\/www.europesays.com\/fr\/wp-json\/wp\/v2\/posts\/126937\/revisions"}],"wp:featuredmedia":[{"embeddable":true,"href":"https:\/\/www.europesays.com\/fr\/wp-json\/wp\/v2\/media\/126938"}],"wp:attachment":[{"href":"https:\/\/www.europesays.com\/fr\/wp-json\/wp\/v2\/media?parent=126937"}],"wp:term":[{"taxonomy":"category","embeddable":true,"href":"https:\/\/www.europesays.com\/fr\/wp-json\/wp\/v2\/categories?post=126937"},{"taxonomy":"post_tag","embeddable":true,"href":"https:\/\/www.europesays.com\/fr\/wp-json\/wp\/v2\/tags?post=126937"}],"curies":[{"name":"wp","href":"https:\/\/api.w.org\/{rel}","templated":true}]}}