{"id":126946,"date":"2025-05-25T12:42:08","date_gmt":"2025-05-25T12:42:08","guid":{"rendered":"https:\/\/www.europesays.com\/fr\/126946\/"},"modified":"2025-05-25T12:42:08","modified_gmt":"2025-05-25T12:42:08","slug":"paris-a-montmartre-les-jo-et-le-tour-de-france-dopent-la-passion-du-velo-sur-les-paves-de-la-butte","status":"publish","type":"post","link":"https:\/\/www.europesays.com\/fr\/126946\/","title":{"rendered":"Paris\u00a0: \u00e0 Montmartre, les JO et le Tour de France dopent la passion du v\u00e9lo sur les pav\u00e9s de la butte"},"content":{"rendered":"<p class=\"paragraph text_align_left\">\u00ab Tu as baiss\u00e9 ton cintre ? \u00bb Il n\u2019est pas encore 7h30 ce samedi du mois de mai que les copains de la \u00ab Fissure \u00bb se retrouvent devant <a href=\"https:\/\/www.leparisien.fr\/paris-75\/paris-75018\/\" target=\"_blank\" rel=\"noreferrer nofollow noopener\">la mairie du XVIIIe<\/a>. Une dizaine de cyclistes aguerris s\u2019appr\u00eatent \u00e0 prendre la direction du nord de la r\u00e9gion sous la grisaille parisienne. Derniers r\u00e9glages techniques avant de partir pour 150 km et 1 800 m de d\u00e9nivel\u00e9. \u00ab J\u2019ai choisi un cintre plus a\u00e9rodynamique \u00bb, r\u00e9torque un second membre.<\/p>\n<p class=\"paragraph text_align_left\">Ces amoureux de la p\u00e9dale s\u2019orientent vers le Vexin et ses \u00ab nombreuses bosses \u00bb, une sortie de quatre heures et demie. \u00c0 8 heures, le groupe \u00ab Camaraderie \u00bb prend \u00e0 son tour le d\u00e9part, cette fois depuis les escaliers du Sacr\u00e9-C\u0153ur. <a href=\"https:\/\/www.leparisien.fr\/sports\/cyclisme\/tour-de-france\/tour-de-france-le-butte-montmartre-pourrait-revenir-tous-les-ans-sauf-en-cas-de-travaux-rue-lepic-21-05-2025-ZY3F7EWHTRBH3LMB5ES57TNIBE.php\" target=\"_blank\" rel=\"noreferrer nofollow noopener\">Des pav\u00e9s de la rue Lamarck<\/a>, ils auront pour cap la commune de Beaumont-sur-Oise (Val-d\u2019Oise) pour une boucle de 110 km r\u00e9alis\u00e9e en un peu plus de quatre heures. Nous avons rencontr\u00e9 les adh\u00e9rents du Montmartre V\u00e9lo Club (MVC).<\/p>\n","protected":false},"excerpt":{"rendered":"\u00ab Tu as baiss\u00e9 ton cintre ? \u00bb Il n\u2019est pas encore 7h30 ce samedi du mois de&hellip;\n","protected":false},"author":2,"featured_media":126947,"comment_status":"","ping_status":"","sticky":false,"template":"","format":"standard","meta":{"footnotes":""},"categories":[1888],"tags":[11,1777,674,1011,27,1944,12,626,25,60],"class_list":{"0":"post-126946","1":"post","2":"type-post","3":"status-publish","4":"format-standard","5":"has-post-thumbnail","7":"category-paris","8":"tag-actualites","9":"tag-eu","10":"tag-europe","11":"tag-fr","12":"tag-france","13":"tag-ma-ville","14":"tag-news","15":"tag-paris","16":"tag-republique-francaise","17":"tag-sports"},"share_on_mastodon":{"url":"https:\/\/pubeurope.com\/@fr\/114568530728988603","error":""},"_links":{"self":[{"href":"https:\/\/www.europesays.com\/fr\/wp-json\/wp\/v2\/posts\/126946","targetHints":{"allow":["GET"]}}],"collection":[{"href":"https:\/\/www.europesays.com\/fr\/wp-json\/wp\/v2\/posts"}],"about":[{"href":"https:\/\/www.europesays.com\/fr\/wp-json\/wp\/v2\/types\/post"}],"author":[{"embeddable":true,"href":"https:\/\/www.europesays.com\/fr\/wp-json\/wp\/v2\/users\/2"}],"replies":[{"embeddable":true,"href":"https:\/\/www.europesays.com\/fr\/wp-json\/wp\/v2\/comments?post=126946"}],"version-history":[{"count":0,"href":"https:\/\/www.europesays.com\/fr\/wp-json\/wp\/v2\/posts\/126946\/revisions"}],"wp:featuredmedia":[{"embeddable":true,"href":"https:\/\/www.europesays.com\/fr\/wp-json\/wp\/v2\/media\/126947"}],"wp:attachment":[{"href":"https:\/\/www.europesays.com\/fr\/wp-json\/wp\/v2\/media?parent=126946"}],"wp:term":[{"taxonomy":"category","embeddable":true,"href":"https:\/\/www.europesays.com\/fr\/wp-json\/wp\/v2\/categories?post=126946"},{"taxonomy":"post_tag","embeddable":true,"href":"https:\/\/www.europesays.com\/fr\/wp-json\/wp\/v2\/tags?post=126946"}],"curies":[{"name":"wp","href":"https:\/\/api.w.org\/{rel}","templated":true}]}}