{"id":126948,"date":"2025-05-25T12:43:09","date_gmt":"2025-05-25T12:43:09","guid":{"rendered":"https:\/\/www.europesays.com\/fr\/126948\/"},"modified":"2025-05-25T12:43:09","modified_gmt":"2025-05-25T12:43:09","slug":"lunion-europeenne-appelle-a-la-plus-forte-pression-internationale-contre-la-russie","status":"publish","type":"post","link":"https:\/\/www.europesays.com\/fr\/126948\/","title":{"rendered":"l\u2019Union europ\u00e9enne appelle \u00e0 \u00ab\u00a0la plus forte pression internationale\u00a0\u00bb contre la Russie"},"content":{"rendered":"<p class=\"article-p mdl\">Dans la nuit du samedi 24 au dimanche 25 mai, des attaques a\u00e9riennes russes ont fait <strong>au moins douze morts<\/strong> dans trois r\u00e9gions diff\u00e9rentes de l\u2019Ukraine, au moins deux enfants et un adolescents ont perdu la vie dans cet assaut.<\/p>\n<p class=\"article-p mdl\">Face \u00e0 cette recrudescence des attaques russes massives, la cheffe de la diplomatie de l&rsquo;Union europ\u00e9enne, Kaja Kallas, a appel\u00e9 \u00e0 des sanctions internationales contre Moscou. <strong>\u00ab\u00a0Nous avons besoin de la plus forte pression internationale sur la Russie pour arr\u00eater cette guerre\u00a0\u00bb<\/strong>, a-t-elle \u00e9crit sur X.<\/p>\n<p class=\"article-p mdl\">Plus t\u00f4t,\u00a0<a class=\"link\" href=\"https:\/\/www.rtl.fr\/actu\/international\/guerre-en-ukraine-zelensky-ne-croit-pas-que-la-russie-respectera-le-cessez-le-feu-de-trois-jours-7900501237\" title=\"Guerre en Ukraine : Zelensky &quot;ne croit pas&quot; que la Russie respectera le cessez-le-feu de trois jours\" rel=\"nofollow noopener\" target=\"_blank\">Volodymyr Zelensky<\/a>\u00a0avait \u00e9galement alert\u00e9 la communaut\u00e9 internationale : \u00ab\u00a0Sans pression vraiment forte sur les dirigeants russes, cette brutalit\u00e9 ne peut \u00eatre stopp\u00e9e. Les sanctions aideront certainement\u00a0\u00bb. <strong>Le pr\u00e9sident ukrainien appelle \u00e0 cibler notamment \u00ab\u00a0les faiblesses de l&rsquo;\u00e9conomie russe\u00a0\u00bb<\/strong> qui, selon lui, \u00ab\u00a0sont connues\u00a0\u00bb du monde entier, et a demand\u00e9 aux \u00c9tats-Unis, aux pays europ\u00e9ens et \u00ab\u00a0tous ceux cherchant la paix\u00a0\u00bb \u00e0 faire preuve de \u00ab\u00a0d\u00e9termination\u00a0\u00bb pour pousser son homologue russe Vladimir Poutine \u00e0 \u00ab\u00a0terminer la guerre\u00a0\u00bb.<\/p>\n<p>            Deux nuits d&rsquo;attaque cons\u00e9cutives<\/p>\n<p class=\"article-p mdl\">\u00ab\u00a0Les attaques de la nuit derni\u00e8re montrent une fois de plus que la Russie est d\u00e9termin\u00e9e \u00e0 accro\u00eetre les souffrances et \u00e0 an\u00e9antir l&rsquo;Ukraine. <strong>Il est \u00e9pouvantable de voir des enfants parmi les victimes innocentes bless\u00e9es et tu\u00e9es<\/strong>\u00ab\u00a0, a-t-elle \u00e9galement d\u00e9clar\u00e9 Kaja Kallas.<\/p>\n<p class=\"article-p mdl\">I\u200b\u200bl s&rsquo;agit de <strong>la deuxi\u00e8me nuit d&rsquo;attaques importantes contre l&rsquo;Ukraine<\/strong>, apr\u00e8s quelque 250 drones et 14 missiles balistiques d\u00e9tect\u00e9s dans la nuit de vendredi \u00e0 samedi par les forces a\u00e9riennes ukrainiennes, ciblant en majorit\u00e9 la capitale. Cette fois, l&rsquo;arm\u00e9e de l&rsquo;air ukrainienne a affirm\u00e9 que le pays avait subi dans la nuit de samedi \u00e0 dimanche une attaque combin\u00e9e de 367 projectiles, dont 69 missiles et 298 drones.<\/p>\n<p>    La r\u00e9daction vous recommande<\/p>\n<p class=\"s-newsletter__title\">\n                L\u2019actualit\u00e9 par la r\u00e9daction de RTL dans votre bo\u00eete mail.\n            <\/p>\n<p class=\"s-newsletter__subtitle\">\n                Gr\u00e2ce \u00e0 votre compte RTL abonnez-vous \u00e0 la newsletter RTL info pour suivre toute l&rsquo;actualit\u00e9 au quotidien\n            <\/p>\n<p>\n                                    Lire la suite\n                                <\/p>\n","protected":false},"excerpt":{"rendered":"Dans la nuit du samedi 24 au dimanche 25 mai, des attaques a\u00e9riennes russes ont fait au moins&hellip;\n","protected":false},"author":2,"featured_media":126949,"comment_status":"","ping_status":"","sticky":false,"template":"","format":"standard","meta":{"footnotes":""},"categories":[1591],"tags":[11,1887,107,131,14,12,1885,1886,132,220,364,135,134],"class_list":{"0":"post-126948","1":"post","2":"type-post","3":"status-publish","4":"format-standard","5":"has-post-thumbnail","7":"category-russie","8":"tag-actualites","9":"tag-federation-de-russie","10":"tag-fil-info","11":"tag-guerre-en-ukraine","12":"tag-international","13":"tag-news","14":"tag-russia","15":"tag-russian-federation","16":"tag-russie","17":"tag-ukraine","18":"tag-union-europeenne","19":"tag-vladimir-poutine","20":"tag-volodymyr-zelensky"},"share_on_mastodon":{"url":"https:\/\/pubeurope.com\/@fr\/114568534694484956","error":""},"_links":{"self":[{"href":"https:\/\/www.europesays.com\/fr\/wp-json\/wp\/v2\/posts\/126948","targetHints":{"allow":["GET"]}}],"collection":[{"href":"https:\/\/www.europesays.com\/fr\/wp-json\/wp\/v2\/posts"}],"about":[{"href":"https:\/\/www.europesays.com\/fr\/wp-json\/wp\/v2\/types\/post"}],"author":[{"embeddable":true,"href":"https:\/\/www.europesays.com\/fr\/wp-json\/wp\/v2\/users\/2"}],"replies":[{"embeddable":true,"href":"https:\/\/www.europesays.com\/fr\/wp-json\/wp\/v2\/comments?post=126948"}],"version-history":[{"count":0,"href":"https:\/\/www.europesays.com\/fr\/wp-json\/wp\/v2\/posts\/126948\/revisions"}],"wp:featuredmedia":[{"embeddable":true,"href":"https:\/\/www.europesays.com\/fr\/wp-json\/wp\/v2\/media\/126949"}],"wp:attachment":[{"href":"https:\/\/www.europesays.com\/fr\/wp-json\/wp\/v2\/media?parent=126948"}],"wp:term":[{"taxonomy":"category","embeddable":true,"href":"https:\/\/www.europesays.com\/fr\/wp-json\/wp\/v2\/categories?post=126948"},{"taxonomy":"post_tag","embeddable":true,"href":"https:\/\/www.europesays.com\/fr\/wp-json\/wp\/v2\/tags?post=126948"}],"curies":[{"name":"wp","href":"https:\/\/api.w.org\/{rel}","templated":true}]}}