{"id":126956,"date":"2025-05-25T12:47:09","date_gmt":"2025-05-25T12:47:09","guid":{"rendered":"https:\/\/www.europesays.com\/fr\/126956\/"},"modified":"2025-05-25T12:47:09","modified_gmt":"2025-05-25T12:47:09","slug":"cest-le-defi-de-six-membres-de-ce-jumelage-pres-de-caen","status":"publish","type":"post","link":"https:\/\/www.europesays.com\/fr\/126956\/","title":{"rendered":"c&rsquo;est le d\u00e9fi de six membres de ce jumelage pr\u00e8s de Caen\u00a0!"},"content":{"rendered":"<p>            Par<br \/>\n        <strong><br \/>\n            <a href=\"https:\/\/actu.fr\/auteur\/journaliste-liberte\" title=\"Consulter tous les articles de R\u00e9daction Caen\" target=\"_blank\" rel=\"noopener\">R\u00e9daction Caen<\/a><br \/>\n        <\/strong><\/p>\n<p>        Publi\u00e9 le<\/p>\n<p>            25 mai 2025 \u00e0 10h12        <\/p>\n<p>En cette ann\u00e9e 2025, c\u2019est le <b>comit\u00e9 de jumelage du Val d\u2019Odon-Gauk\u00f6nigshofen<\/b>, au sud de <a href=\"https:\/\/actu.fr\/normandie\/caen_14118\" target=\"_blank\" rel=\"noopener\">Caen<\/a> (Calvados), qui se d\u00e9place en Allemagne. Le s\u00e9jour se d\u00e9roulera du 28 mai 2025 au 2 juin 2025.<\/p>\n<p>1 200\u00a0km \u00e0 parcourir en 16 \u00e9tapes<\/p>\n<p class=\" wall-content\">Six membres du comit\u00e9 anticipent la rencontre, ils ont d\u00e9cid\u00e9 de <b>rejoindre Gauk\u00f6nigshofen \u00e0 v\u00e9lo<\/b> : Jean-Claude, Evelyne, Annick, Colette, Louis et Dominique sont partis \u00e0 v\u00e9lo le 12 mai, pour rejoindre la commune allemande.<\/p>\n<p class=\" wall-content\">Ces six voyageurs se sont laiss\u00e9s<b> 16 \u00e9tapes pour parcourir les 1 200 kilom\u00e8tres<\/b> qui les s\u00e9parent de leurs h\u00f4tes allemands. Le p\u00e9riple est savamment organis\u00e9 : les villes \u00e9tapes sont planifi\u00e9es et l\u2019h\u00e9bergement r\u00e9serv\u00e9. Un trafic pilot\u00e9 par un des six \u00e9quipiers transporte l\u2019intendance et l\u2019assistance. <\/p>\n<blockquote class=\"ac-article-quote wall-content\">\n<p>Il permettra \u00e0 chacun de faire un break le moment voulu. Notre objectif est de rejoindre les bords du Rhin le plus vite possible, nous allons suivre les voies EuroV\u00e9lo. Nous comptons parcourir entre 50 et 100 kilom\u00e8tres par jour. Nous avons pr\u00e9vu une journ\u00e9e de repos \u00e0 Aix-la-Chapelle. Des Allemands viendront \u00e0 notre rencontre \u00e0 Wurtzbourg.<\/p>\n<p>Evelyne, tr\u00e8s motiv\u00e9e<\/p><\/blockquote>\n<p>61\u00a0personnes cette ann\u00e9e<\/p>\n<p class=\" wall-content\">Les cyclistes seront accueillis le 29\u00a0mai \u00e0 Acholshausen lors d\u2019une <b>f\u00eate des familles<\/b> dans le parc des loisirs.<\/p>\n<p>Vid\u00e9os : en ce moment sur Actu<\/p>\n<p class=\" wall-content\">\u00ab Au programme cette ann\u00e9e : une f\u00eate du vin, des jeux sans fronti\u00e8re, une visite de la brasserie Kausen \u00e0 Ochsenfurt, une visite de la ville de Nuremberg dont le centre de documentation du site des congr\u00e8s du parti nazi \u00bb, commente Georges Laignel, pr\u00e9sident du comit\u00e9 de jumelage et maire de Baron-sur-Odon. 61 personnes feront le voyage cette ann\u00e9e.<\/p>\n<p class=\" wall-content\">Suivez toute l\u2019actualit\u00e9 de vos villes et m\u00e9dias favoris en vous inscrivant \u00e0 <a href=\"https:\/\/moncompte.actu.fr\" title=\"D\u00e9couvez Mon Actu\" rel=\"nofollow noopener\" data-trk=\"{&quot;cta&quot;:{&quot;action&quot;:&quot;https:\\\/\\\/moncompte.actu.fr&quot;,&quot;category&quot;:&quot;mon compte&quot;,&quot;from&quot;:&quot;article footer&quot;,&quot;name&quot;:&quot;Mon actu&quot;,&quot;type&quot;:&quot;cta&quot;}}\" target=\"_blank\">Mon Actu<\/a>.<\/p>\n","protected":false},"excerpt":{"rendered":"Par R\u00e9daction Caen Publi\u00e9 le 25 mai 2025 \u00e0 10h12 En cette ann\u00e9e 2025, c\u2019est le comit\u00e9 de&hellip;\n","protected":false},"author":2,"featured_media":126957,"comment_status":"","ping_status":"","sticky":false,"template":"","format":"standard","meta":{"footnotes":""},"categories":[1587],"tags":[11,672,1804,5492,1805,1803,1777,674,1801,12,1802,104,208],"class_list":{"0":"post-126956","1":"post","2":"type-post","3":"status-publish","4":"format-standard","5":"has-post-thumbnail","7":"category-allemagne","8":"tag-actualites","9":"tag-allemagne","10":"tag-bundesrepublik-deutschland","11":"tag-caen","12":"tag-de","13":"tag-deutschland","14":"tag-eu","15":"tag-europe","16":"tag-germany","17":"tag-news","18":"tag-republique-federale-dallemagne","19":"tag-societe","20":"tag-velo"},"share_on_mastodon":{"url":"https:\/\/pubeurope.com\/@fr\/114568550399350640","error":""},"_links":{"self":[{"href":"https:\/\/www.europesays.com\/fr\/wp-json\/wp\/v2\/posts\/126956","targetHints":{"allow":["GET"]}}],"collection":[{"href":"https:\/\/www.europesays.com\/fr\/wp-json\/wp\/v2\/posts"}],"about":[{"href":"https:\/\/www.europesays.com\/fr\/wp-json\/wp\/v2\/types\/post"}],"author":[{"embeddable":true,"href":"https:\/\/www.europesays.com\/fr\/wp-json\/wp\/v2\/users\/2"}],"replies":[{"embeddable":true,"href":"https:\/\/www.europesays.com\/fr\/wp-json\/wp\/v2\/comments?post=126956"}],"version-history":[{"count":0,"href":"https:\/\/www.europesays.com\/fr\/wp-json\/wp\/v2\/posts\/126956\/revisions"}],"wp:featuredmedia":[{"embeddable":true,"href":"https:\/\/www.europesays.com\/fr\/wp-json\/wp\/v2\/media\/126957"}],"wp:attachment":[{"href":"https:\/\/www.europesays.com\/fr\/wp-json\/wp\/v2\/media?parent=126956"}],"wp:term":[{"taxonomy":"category","embeddable":true,"href":"https:\/\/www.europesays.com\/fr\/wp-json\/wp\/v2\/categories?post=126956"},{"taxonomy":"post_tag","embeddable":true,"href":"https:\/\/www.europesays.com\/fr\/wp-json\/wp\/v2\/tags?post=126956"}],"curies":[{"name":"wp","href":"https:\/\/api.w.org\/{rel}","templated":true}]}}