{"id":126958,"date":"2025-05-25T12:48:09","date_gmt":"2025-05-25T12:48:09","guid":{"rendered":"https:\/\/www.europesays.com\/fr\/126958\/"},"modified":"2025-05-25T12:48:09","modified_gmt":"2025-05-25T12:48:09","slug":"thouars-leurope-au-lycee-jean-moulin","status":"publish","type":"post","link":"https:\/\/www.europesays.com\/fr\/126958\/","title":{"rendered":"Thouars : l\u2019Europe au lyc\u00e9e Jean-Moulin"},"content":{"rendered":"<p>Le titre de la derni\u00e8re soir\u00e9e propos\u00e9e par l\u2019Universit\u00e9 citoyenne expliquait bien le sujet abord\u00e9\u00a0: L\u2019Europe, \u00e7a int\u00e9resse. Dans les coulisses des sections europ\u00e9ennes du lyc\u00e9e Jean-Moulin. Deux t\u00e9moins privil\u00e9gi\u00e9s sont venus parler de leur quotidien et de celui des \u00e9l\u00e8ves ayant choisi de suivre leurs \u00e9tudes \u00e0 la cit\u00e9 scolaire thouarsaise en section Europe. Les deux professeurs d\u2019histoire-g\u00e9ographie qui sont au c\u0153ur\u00a0de ces sections ont apport\u00e9 le t\u00e9moignage\u00a0de leur ressenti et des retours qu\u2019ils ont recueillis du c\u00f4t\u00e9 des \u00e9l\u00e8ves.<\/p>\n<p>Apr\u00e8s une introduction sur ce qu\u2019est l\u2019Union europ\u00e9enne, souvent appel\u00e9e\u00a0abusivement l\u2019Europe, les professeurs ont mis l\u2019accent sur le fait qu\u2019au-del\u00e0 de l\u2019apprentissage d\u2019une\u00a0langue \u00e9trang\u00e8re, les jeunes doivent\u00a0d\u2019abord s\u2019impr\u00e9gner d\u2019une culture. De leur c\u00f4t\u00e9, les lyc\u00e9ens, sont int\u00e9ress\u00e9s par l\u2019obtention d\u2019un baccalaur\u00e9at section europ\u00e9enne\u00a0qui t\u00e9moigne d\u2019une ouverture sur le monde. Les \u00e9changes permettent de voir l\u2019importance de\u00a0ce qui unit les lyc\u00e9ens europ\u00e9ens.<\/p>\n<p>Pourtant, la devise Unis dans la diversit\u00e9 se v\u00e9rifie bien au niveau des modes de vie. Alors que beaucoup d\u2019Allemands de Diepholz (ville jumel\u00e9e avec Thouars) vivent dans des maisons tr\u00e8s grandes et circulent pour la plupart \u00e0 v\u00e9lo, les Espagnols de Saragosse (presque 700.000 habitants\u00a0!) habitent en appartement, mais sont souvent de sortie, parcourant g\u00e9n\u00e9ralement \u00e0 pied de nombreux kilom\u00e8tres. Quand les Fran\u00e7ais sont fid\u00e8les aux sacro-saints trois repas quotidiens, les Espagnols en font cinq et les Allemands mangent un peu toute la journ\u00e9e.<\/p>\n<p>Au moment de faire le bilan de l\u2019utilit\u00e9 de ces classes europ\u00e9ennes, un intervenant dans la salle t\u00e9moigne qu\u2019en observant ses enfants et leurs amis r\u00e9partis aujourd\u2019hui aux quatre coins de la Terre, les jeunes Fran\u00e7ais ne sont d\u00e9sormais plus europ\u00e9ens\u00a0: ils sont mondiaux.<\/p>\n","protected":false},"excerpt":{"rendered":"Le titre de la derni\u00e8re soir\u00e9e propos\u00e9e par l\u2019Universit\u00e9 citoyenne expliquait bien le sujet abord\u00e9\u00a0: L\u2019Europe, \u00e7a int\u00e9resse.&hellip;\n","protected":false},"author":2,"featured_media":126959,"comment_status":"","ping_status":"","sticky":false,"template":"","format":"standard","meta":{"footnotes":""},"categories":[1586],"tags":[11,1674,1057,1777,674,1011,27,12,25,2665],"class_list":{"0":"post-126958","1":"post","2":"type-post","3":"status-publish","4":"format-standard","5":"has-post-thumbnail","7":"category-europe","8":"tag-actualites","9":"tag-communes","10":"tag-education","11":"tag-eu","12":"tag-europe","13":"tag-fr","14":"tag-france","15":"tag-news","16":"tag-republique-francaise","17":"tag-thouars"},"share_on_mastodon":{"url":"https:\/\/pubeurope.com\/@fr\/114568554325108852","error":""},"_links":{"self":[{"href":"https:\/\/www.europesays.com\/fr\/wp-json\/wp\/v2\/posts\/126958","targetHints":{"allow":["GET"]}}],"collection":[{"href":"https:\/\/www.europesays.com\/fr\/wp-json\/wp\/v2\/posts"}],"about":[{"href":"https:\/\/www.europesays.com\/fr\/wp-json\/wp\/v2\/types\/post"}],"author":[{"embeddable":true,"href":"https:\/\/www.europesays.com\/fr\/wp-json\/wp\/v2\/users\/2"}],"replies":[{"embeddable":true,"href":"https:\/\/www.europesays.com\/fr\/wp-json\/wp\/v2\/comments?post=126958"}],"version-history":[{"count":0,"href":"https:\/\/www.europesays.com\/fr\/wp-json\/wp\/v2\/posts\/126958\/revisions"}],"wp:featuredmedia":[{"embeddable":true,"href":"https:\/\/www.europesays.com\/fr\/wp-json\/wp\/v2\/media\/126959"}],"wp:attachment":[{"href":"https:\/\/www.europesays.com\/fr\/wp-json\/wp\/v2\/media?parent=126958"}],"wp:term":[{"taxonomy":"category","embeddable":true,"href":"https:\/\/www.europesays.com\/fr\/wp-json\/wp\/v2\/categories?post=126958"},{"taxonomy":"post_tag","embeddable":true,"href":"https:\/\/www.europesays.com\/fr\/wp-json\/wp\/v2\/tags?post=126958"}],"curies":[{"name":"wp","href":"https:\/\/api.w.org\/{rel}","templated":true}]}}