{"id":126965,"date":"2025-05-25T12:52:12","date_gmt":"2025-05-25T12:52:12","guid":{"rendered":"https:\/\/www.europesays.com\/fr\/126965\/"},"modified":"2025-05-25T12:52:12","modified_gmt":"2025-05-25T12:52:12","slug":"mathieu-kassovitz-sur-lci-on-ne-peut-pas-vivre-dans-une-france-que-blanche","status":"publish","type":"post","link":"https:\/\/www.europesays.com\/fr\/126965\/","title":{"rendered":"Mathieu Kassovitz sur LCI : \u00ab\u00a0On ne peut pas vivre dans une France que blanche\u00a0\u00bb"},"content":{"rendered":"<p class=\"jsx-4170996143 jsx-2164199691 ExpandableText__Text\"> \u00ab\u00a0Il y a des Fran\u00e7ais de souche, \u00e7a s&rsquo;appelle des fins de race. Leurs enfants vont se m\u00e9langer avec les autres et c&rsquo;est tant mieux pour nous tous (&#8230;) Vous voulez fermer les fronti\u00e8res et rester entre blancs ? \u00c7a ne marche pas !\u00a0\u00bb, fustige Mathieu Kassovitz, qui d\u00e9nonce la x\u00e9nophobie en France.  Invit\u00e9 de LCI, l&rsquo;acteur et r\u00e9alisateur Mathieu Kassovitz s\u2019est expliqu\u00e9 sur ses propos concernant les \u00ab\u00a0Fran\u00e7ais de souche\u00a0\u00bb qui avaient fait pol\u00e9mique.<\/p>\n<p>Lire plusReplier<\/p>\n","protected":false},"excerpt":{"rendered":"\u00ab\u00a0Il y a des Fran\u00e7ais de souche, \u00e7a s&rsquo;appelle des fins de race. Leurs enfants vont se m\u00e9langer&hellip;\n","protected":false},"author":2,"featured_media":126966,"comment_status":"","ping_status":"","sticky":false,"template":"","format":"standard","meta":{"footnotes":""},"categories":[4],"tags":[11,1011,27,23735,12,25,17255,133,4530],"class_list":{"0":"post-126965","1":"post","2":"type-post","3":"status-publish","4":"format-standard","5":"has-post-thumbnail","7":"category-france","8":"tag-actualites","9":"tag-fr","10":"tag-france","11":"tag-mathieu-kassovitz","12":"tag-news","13":"tag-republique-francaise","14":"tag-tf1info-shorts","15":"tag-video","16":"tag-video-politique"},"share_on_mastodon":{"url":"https:\/\/pubeurope.com\/@fr\/114568570014341523","error":""},"_links":{"self":[{"href":"https:\/\/www.europesays.com\/fr\/wp-json\/wp\/v2\/posts\/126965","targetHints":{"allow":["GET"]}}],"collection":[{"href":"https:\/\/www.europesays.com\/fr\/wp-json\/wp\/v2\/posts"}],"about":[{"href":"https:\/\/www.europesays.com\/fr\/wp-json\/wp\/v2\/types\/post"}],"author":[{"embeddable":true,"href":"https:\/\/www.europesays.com\/fr\/wp-json\/wp\/v2\/users\/2"}],"replies":[{"embeddable":true,"href":"https:\/\/www.europesays.com\/fr\/wp-json\/wp\/v2\/comments?post=126965"}],"version-history":[{"count":0,"href":"https:\/\/www.europesays.com\/fr\/wp-json\/wp\/v2\/posts\/126965\/revisions"}],"wp:featuredmedia":[{"embeddable":true,"href":"https:\/\/www.europesays.com\/fr\/wp-json\/wp\/v2\/media\/126966"}],"wp:attachment":[{"href":"https:\/\/www.europesays.com\/fr\/wp-json\/wp\/v2\/media?parent=126965"}],"wp:term":[{"taxonomy":"category","embeddable":true,"href":"https:\/\/www.europesays.com\/fr\/wp-json\/wp\/v2\/categories?post=126965"},{"taxonomy":"post_tag","embeddable":true,"href":"https:\/\/www.europesays.com\/fr\/wp-json\/wp\/v2\/tags?post=126965"}],"curies":[{"name":"wp","href":"https:\/\/api.w.org\/{rel}","templated":true}]}}