{"id":126975,"date":"2025-05-25T13:00:08","date_gmt":"2025-05-25T13:00:08","guid":{"rendered":"https:\/\/www.europesays.com\/fr\/126975\/"},"modified":"2025-05-25T13:00:08","modified_gmt":"2025-05-25T13:00:08","slug":"giro-tour-ditalie-david-gaudu-cest-un-peu-la-galere-je-commence-a-etre-habitue","status":"publish","type":"post","link":"https:\/\/www.europesays.com\/fr\/126975\/","title":{"rendered":"Giro. Tour d&rsquo;Italie &#8211; David Gaudu: \u00abC&rsquo;est un peu la gal\u00e8re&#8230; je commence \u00e0 \u00eatre habitu\u00e9\u00bb"},"content":{"rendered":"<p>Pour la premi\u00e8re fois depuis plusieurs jours, <strong><a href=\"https:\/\/www.cyclismactu.net\/..\/news-tour-d-italie-route-gaudu-sa-defaillance-un-abandon-faut-faire-point-87984.html\" target=\"_blank\" rel=\"nofollow noopener\">David Gaudu<\/a><\/strong> s&rsquo;est pr\u00e9sent\u00e9 devant les m\u00e9dias au d\u00e9part de la 15e \u00e9tape du <strong><a href=\"https:\/\/www.cyclismactu.net\/..\/news-giro-route-tour-d-italie-la-15e-etape-du-giro-monte-grappa-parcours-et-profil-88033.html\" target=\"_blank\" rel=\"nofollow noopener\">Tour d&rsquo;Italie<\/a><\/strong> ce dimanche matin. L&rsquo;occasion pour le Fran\u00e7ais de la Groupama-FDJ de faire le point sur sa forme et son \u00e9tat de sant\u00e9, lui qui a v\u00e9cu un calvaire lors de cette deuxi\u00e8me semaine sur le <strong>Giro<\/strong>, perdant tout espoir de jouer le g\u00e9n\u00e9ral apr\u00e8s avoir explos\u00e9 sur la 11e \u00e9tape. Toujours affect\u00e9 par cette chute et cette blessure \u00e0 la main qui l&rsquo;a contraint de suivre un traitement antibiotique ces derniers jours, le grimpeur breton prend son mal en patience et s&rsquo;accroche, avec l&rsquo;espoir de sortir la t\u00eate de l&rsquo;eau lors de cette ultime semaine tr\u00e8s montagneuse qui pourrait lui convenir&#8230; s&rsquo;il retrouve ses jambes d&rsquo;ici-l\u00e0. \u00ab\u00a0C&rsquo;est un peu la gal\u00e8re\u00a0\u00bb, a-t-il sans surprise r\u00e9sum\u00e9 pour commencer cette interview.<\/p>\n<p>Vid\u00e9o &#8211; David Gaudu en gal\u00e8re depuis sa chute sur la 7e \u00e9tape Lire la suite de l&rsquo;article&#13;<\/p>\n<p>\u00a0<\/p>\n<p>&#13;<br \/>\n\u00ab\u00a0Je m&rsquo;accroche tous les jours&#8230;\u00a0j&rsquo;ai toujours su rebondir, donc on va revondir\u00a0\u00bb&#13;<\/p>\n<p>\u00ab\u00a0C&rsquo;est comme \u00e7a. Je m&rsquo;accroche tous les jours \u00e0 la place o\u00f9 je suis. Je n&rsquo;ai pas pass\u00e9 de bonnes journ\u00e9es. On essaye de g\u00e9rer au mieux les \u00e9tapes pour r\u00e9cup\u00e9rer, rallier l&rsquo;arriv\u00e9e&#8230; Et voil\u00e0, on verra bien ce qu&rsquo;il va se passer par la suite. Des \u00e9volutions positives ? Oui et non&#8230; La main d\u00e9j\u00e0 a d\u00e9senfl\u00e9, je n&rsquo;ai plus de points de suture. Je viens d&rsquo;arr\u00eater les antibios. C&rsquo;est d\u00e9j\u00e0 une premi\u00e8re \u00e9tape franchie. On va essayer encore aujourd&rsquo;hui (dimanche) de bien g\u00e9rer cette \u00e9tape, puis la journ\u00e9e de repos demain, et on fera cap sur la 3e semaine. C&rsquo;est ce qui me motive encore \u00e0 continuer. La montagne qui arrive, forc\u00e9ment c&rsquo;est motivant. Maintenant, il faudra voir comment la forme \u00e9volue. Moralement, c&rsquo;est mitig\u00e9, ce n&rsquo;est pas le Giro que j&rsquo;esp\u00e9rais au d\u00e9but. Mais voil\u00e0, on va dire que depuis 3 ou 4 ans, je commence \u00e0 \u00eatre habitu\u00e9 aux d\u00e9ceptions. Mais j&rsquo;ai toujours su rebondir, donc on va revondir\u00a0\u00bb, a conclu un <strong>David Gaudu<\/strong> r\u00e9aliste mais optimiste. Et cela se ressent d\u00e8s ce dimanche, puisqu&rsquo;il a r\u00e9ussi \u00e0 prendre la bonne \u00e9chapp\u00e9e du jour sur cette 15e \u00e9tape&#8230;<\/p>\n","protected":false},"excerpt":{"rendered":"Pour la premi\u00e8re fois depuis plusieurs jours, David Gaudu s&rsquo;est pr\u00e9sent\u00e9 devant les m\u00e9dias au d\u00e9part de la&hellip;\n","protected":false},"author":2,"featured_media":126976,"comment_status":"","ping_status":"","sticky":false,"template":"","format":"standard","meta":{"footnotes":""},"categories":[1411],"tags":[1154,207,1011,27,209,60,3318,208],"class_list":{"0":"post-126975","1":"post","2":"type-post","3":"status-publish","4":"format-standard","5":"has-post-thumbnail","7":"category-cyclisme","8":"tag-cycling","9":"tag-cyclisme","10":"tag-fr","11":"tag-france","12":"tag-route","13":"tag-sports","14":"tag-tour-d","15":"tag-velo"},"share_on_mastodon":{"url":"https:\/\/pubeurope.com\/@fr\/114568601523566548","error":""},"_links":{"self":[{"href":"https:\/\/www.europesays.com\/fr\/wp-json\/wp\/v2\/posts\/126975","targetHints":{"allow":["GET"]}}],"collection":[{"href":"https:\/\/www.europesays.com\/fr\/wp-json\/wp\/v2\/posts"}],"about":[{"href":"https:\/\/www.europesays.com\/fr\/wp-json\/wp\/v2\/types\/post"}],"author":[{"embeddable":true,"href":"https:\/\/www.europesays.com\/fr\/wp-json\/wp\/v2\/users\/2"}],"replies":[{"embeddable":true,"href":"https:\/\/www.europesays.com\/fr\/wp-json\/wp\/v2\/comments?post=126975"}],"version-history":[{"count":0,"href":"https:\/\/www.europesays.com\/fr\/wp-json\/wp\/v2\/posts\/126975\/revisions"}],"wp:featuredmedia":[{"embeddable":true,"href":"https:\/\/www.europesays.com\/fr\/wp-json\/wp\/v2\/media\/126976"}],"wp:attachment":[{"href":"https:\/\/www.europesays.com\/fr\/wp-json\/wp\/v2\/media?parent=126975"}],"wp:term":[{"taxonomy":"category","embeddable":true,"href":"https:\/\/www.europesays.com\/fr\/wp-json\/wp\/v2\/categories?post=126975"},{"taxonomy":"post_tag","embeddable":true,"href":"https:\/\/www.europesays.com\/fr\/wp-json\/wp\/v2\/tags?post=126975"}],"curies":[{"name":"wp","href":"https:\/\/api.w.org\/{rel}","templated":true}]}}