{"id":126979,"date":"2025-05-25T13:02:08","date_gmt":"2025-05-25T13:02:08","guid":{"rendered":"https:\/\/www.europesays.com\/fr\/126979\/"},"modified":"2025-05-25T13:02:08","modified_gmt":"2025-05-25T13:02:08","slug":"malika-menard-maman-elle-a-accouche-de-son-premier-enfant-au-prenom-tres-symbolique-annonce-en-image","status":"publish","type":"post","link":"https:\/\/www.europesays.com\/fr\/126979\/","title":{"rendered":"Malika M\u00e9nard maman ! Elle a accouch\u00e9 de son premier enfant au pr\u00e9nom tr\u00e8s symbolique, annonce en image"},"content":{"rendered":"<p><a href=\"https:\/\/www.closermag.fr\/people\/des-mois-que-je-cachais-mon-ventre-enceinte-et-radieuse-malika-menard-devoile-son-joli-baby-bump-3516205\" rel=\"nofollow noopener\" target=\"_blank\"><br \/>\nMalika M\u00e9nard<\/a> d\u00e9couvre les <strong>joies de la<br \/>\nmaternit\u00e9<\/strong>. \u00c0 37 ans, <a href=\"https:\/\/www.closermag.fr\/people\/malika-menard-enceinte-oups-une-ancienne-miss-devoile-par-erreur-le-sexe-de-son-bebe-3538371\" rel=\"nofollow noopener\" target=\"_blank\"><br \/>\nl\u2019ancienne Miss France<\/a> a accueilli son premier enfant avec son<br \/>\nmari <strong>Karim<\/strong>, un homme d&rsquo;affaires belgo-marocain.<br \/>\nC\u2019est \u00e0 l\u2019occasion de la <strong>f\u00eate des m\u00e8res<\/strong> qu\u2019elle a<br \/>\npartag\u00e9 la nouvelle sur son compte Instagram. Elle y a<br \/>\nd\u00e9voil\u00e9 une <strong>vid\u00e9o d\u00e9licate<\/strong> montrant la main de<br \/>\nleur b\u00e9b\u00e9 entre les leurs.<\/p>\n<p>Elle r\u00e9v\u00e8le ainsi le pr\u00e9nom de leur fille :<br \/>\n<strong>Sherazade<\/strong>. En l\u00e9gende, elle \u00e9crit.<br \/>\n\u201c<strong>Une f\u00eate des m\u00e8res avec un go\u00fbt tout particulier, une<br \/>\nsaveur inoubliable pour moi cette ann\u00e9e : la premi\u00e8re en tant que<br \/>\nmaman<\/strong>.\u2019\u2019 Une annonce remplie d\u2019\u00e9motion qui a<br \/>\nimm\u00e9diatement fait r\u00e9agir sa communaut\u00e9.<\/p>\n<p>Une grossesse v\u00e9cue dans la douceur et le partage pour Malika<br \/>\nM\u00e9nard<\/p>\n<p>D\u00e8s f\u00e9vrier 2025, <a href=\"https:\/\/www.closermag.fr\/people\/malika-menard-enceinte-elle-devoile-le-sexe-de-son-premier-enfant-contrainte-et-forcee-3540124\" rel=\"nofollow noopener\" target=\"_blank\"><br \/>\nl\u2019ancienne Miss Malika M\u00e9nard<\/a> avait confi\u00e9 sa<br \/>\n<strong>grossesse<\/strong> dans les pages du magazine<br \/>\nGala, posant avec Karim. C\u2019est \u00e9galement sur Instagram<br \/>\nqu\u2019elle avait officialis\u00e9 sa grossesse. \u201cJe dois vous partager<br \/>\nun <strong>grand secret.<\/strong> Enfin un secret qui est encore<br \/>\n<strong>petit mais qui est tr\u00e8s pr\u00e9cieux et que je ch\u00e9ris tr\u00e8s<br \/>\nfort.<\/strong>\u2019\u2019 disait-elle avec \u00e9motion.<\/p>\n<p>\u201cDepuis plusieurs mois maintenant, <strong>un miracle a pris<br \/>\nvie \u00e0 l\u2019int\u00e9rieur de mon corps<\/strong> et ma <strong>plus belle<br \/>\nhistoire d\u2019amour<\/strong> a d\u00e9but\u00e9.\u2019\u2019 Tr\u00e8s suivie, Malika<br \/>\nM\u00e9nard a tenu \u00e0 faire vivre chaque \u00e9tape avec<br \/>\n<strong>discr\u00e9tion<\/strong> et authenticit\u00e9 \u00e0 ses abonn\u00e9s, tout en<br \/>\nmaintenant une certaine <strong>pudeur.<\/strong><\/p>\n<blockquote class=\"instagram-media\" style=\"background: #ffffff;border: 0;margin: 1px;width: 100%;padding: 0;max-width: 500px;\" data-instgrm-permalink=\"https:\/\/www.instagram.com\/reel\/DKEoCk9IS5U\/?utm_source=ig_embed\" data-instgrm-version=\"14\"\/><p>\nUne nouvelle famille recompos\u00e9e pour<br \/>\nl\u2019ancienne Miss France<\/p>\n<p>Si Sherazade est le <strong>premier enfant de Malika<br \/>\nM\u00e9nard,<\/strong> elle est en revanche le <strong>septi\u00e8me de son<br \/>\nmari,<\/strong> d\u00e9j\u00e0 p\u00e8re de six enfants. Cette configuration<br \/>\nfamiliale est <strong>atypique<\/strong>. La jeune maman l\u2019\u00e9voquait<br \/>\nen toute franchise lors d\u2019une session de questions\/r\u00e9ponses sur<br \/>\nInstagram en f\u00e9vrier dernier. \u201c<strong>La tribu de mon<br \/>\nmari interroge. \u00c7a sort des standards classiques actuels, une<br \/>\nfamille si nombreuse<\/strong>.\u2019\u2019\u00a0<\/p>\n<p>Elle confiait aussi ses doutes sur ce sujet. \u201cBien s\u00fbr qu\u2019au<br \/>\nd\u00e9but, <strong>j\u2019appr\u00e9hendais d\u2019int\u00e9grer autant d\u2019enfants dans ma<br \/>\nvie.<\/strong> J\u2019avais peur de ne pas <strong>donner assez<br \/>\nd\u2019attention \u00e0 chacun<\/strong>.\u2019\u2019 Mais visiblement, l\u2019amour a<br \/>\ntout \u00e9quilibr\u00e9 dans la vie de Malika M\u00e9nard. \u201c<strong>Si vous<br \/>\nles connaissiez, tout vous semblerait<br \/>\n\u00e9vident.<\/strong>\u2019\u2019\u00a0<\/p>\n<p><script async src=\"\/\/www.instagram.com\/embed.js\"><\/script><\/p>\n","protected":false},"excerpt":{"rendered":"Malika M\u00e9nard d\u00e9couvre les joies de la maternit\u00e9. \u00c0 37 ans, l\u2019ancienne Miss France a accueilli son premier&hellip;\n","protected":false},"author":2,"featured_media":126980,"comment_status":"","ping_status":"","sticky":false,"template":"","format":"standard","meta":{"footnotes":""},"categories":[1359],"tags":[548,58,59,1011,27,14525,973],"class_list":{"0":"post-126979","1":"post","2":"type-post","3":"status-publish","4":"format-standard","5":"has-post-thumbnail","7":"category-people","8":"tag-article-simple","9":"tag-divertissement","10":"tag-entertainment","11":"tag-fr","12":"tag-france","13":"tag-malika-menard","14":"tag-people"},"share_on_mastodon":{"url":"https:\/\/pubeurope.com\/@fr\/114568609400541305","error":""},"_links":{"self":[{"href":"https:\/\/www.europesays.com\/fr\/wp-json\/wp\/v2\/posts\/126979","targetHints":{"allow":["GET"]}}],"collection":[{"href":"https:\/\/www.europesays.com\/fr\/wp-json\/wp\/v2\/posts"}],"about":[{"href":"https:\/\/www.europesays.com\/fr\/wp-json\/wp\/v2\/types\/post"}],"author":[{"embeddable":true,"href":"https:\/\/www.europesays.com\/fr\/wp-json\/wp\/v2\/users\/2"}],"replies":[{"embeddable":true,"href":"https:\/\/www.europesays.com\/fr\/wp-json\/wp\/v2\/comments?post=126979"}],"version-history":[{"count":0,"href":"https:\/\/www.europesays.com\/fr\/wp-json\/wp\/v2\/posts\/126979\/revisions"}],"wp:featuredmedia":[{"embeddable":true,"href":"https:\/\/www.europesays.com\/fr\/wp-json\/wp\/v2\/media\/126980"}],"wp:attachment":[{"href":"https:\/\/www.europesays.com\/fr\/wp-json\/wp\/v2\/media?parent=126979"}],"wp:term":[{"taxonomy":"category","embeddable":true,"href":"https:\/\/www.europesays.com\/fr\/wp-json\/wp\/v2\/categories?post=126979"},{"taxonomy":"post_tag","embeddable":true,"href":"https:\/\/www.europesays.com\/fr\/wp-json\/wp\/v2\/tags?post=126979"}],"curies":[{"name":"wp","href":"https:\/\/api.w.org\/{rel}","templated":true}]}}