{"id":126983,"date":"2025-05-25T13:04:16","date_gmt":"2025-05-25T13:04:16","guid":{"rendered":"https:\/\/www.europesays.com\/fr\/126983\/"},"modified":"2025-05-25T13:04:16","modified_gmt":"2025-05-25T13:04:16","slug":"alessandro-baricco-tire-plus-vite-que-son-ombre","status":"publish","type":"post","link":"https:\/\/www.europesays.com\/fr\/126983\/","title":{"rendered":"Alessandro Baricco tire plus vite que son ombre"},"content":{"rendered":"<p class=\"ap-StoryElement ap-StoryElement--mb js-paywall-target ap-StoryText\">Abel est un livre d\u00e9routant, difficilement classable. Baricco l&rsquo;a qualifi\u00e9 de western m\u00e9taphysique, deux mots rarement associ\u00e9s.<\/p>\n<p><a href=\"https:\/\/www.lalibre.be\/culture\/livres-bd\/2020\/02\/07\/qui-est-alessandro-baricco-lun-des-trois-invites-dhonneur-a-la-foire-du-livre-de-bruxelles-6IMHJOVGXJE3XCUCKAGAWMAKOU\/\" target=\"_blank\" rel=\"noopener noreferrer nofollow\" class=\"ap-StoryInterstitialLink ap-StoryElement ap-StoryElement--mb\">Qui est Alessandro Baricco, l&rsquo;un des trois invit\u00e9s d&rsquo;honneur \u00e0 la Foire du livre de Bruxelles ?<\/a><\/p>\n<p class=\"ap-StoryElement ap-StoryElement--mb ap-StoryText\">Le western est son d\u00e9cor avec l&rsquo;Infini de l&rsquo;Ouest. Le personnage central dont on va suivre des \u00e9pisodes de la vie, Abel Crow, est un pistolero, un as du tir, au point de r\u00e9ussir le coup appel\u00e9 Mystique quand le pistolero d\u00e9gaine deux pistolets \u00e0 la fois pour atteindre simultan\u00e9ment \u00e0 l&rsquo;aveugle deux cibles ! Abel devenu une l\u00e9gende est choisi comme sh\u00e9rif.<\/p>\n<blockquote class=\"ap-StoryQuote ap-StoryQuote--pullquote\"><p>guillement<\/p>\n<p class=\"ap-StoryQuote-text\">A l&rsquo;\u00e9poque, ils existaient encore &#8211; des espaces jamais vus,  des terres dont on n&rsquo;avait pas conscience.<\/p>\n<\/blockquote>\n<p class=\"ap-StoryElement ap-StoryElement--mb ap-StoryText\">Abel fait partie d&rsquo;une famille o\u00f9 tous les enfants portent des pr\u00e9noms bibliques : Isaac mort jeune, Samuel \u00ab\u00a0qui creuse la terre\u00a0\u00bb, David le pasteur, Joshua le fou et la s\u0153ur Lilith, pr\u00e9nom de la premi\u00e8re compagne d&rsquo;Adam, avant Eve.<\/p>\n<p><b>Chronique m\u00e9taphysique<\/b><\/p>\n<p class=\"ap-StoryElement ap-StoryElement--mb ap-StoryText\">Leur chronique est racont\u00e9e en courts chapitres, parfois sans encha\u00eenements chronologiques bien clairs. Dans l&rsquo;un, on apprend que le p\u00e8re tira une balle tout pr\u00e8s de la joue de son fils David pour que celui-ci \u00ab\u00a0sente le souffle fugace, comme un lasso invisible entre le c\u0153ur du tireur et celui de sa cible\u00a0\u00bb.<\/p>\n<p class=\"ap-StoryElement ap-StoryElement--mb ap-StoryText\">Un th\u00e8me central est la condamnation \u00e0 la pendaison de la m\u00e8re, accus\u00e9e d&rsquo;avoir vol\u00e9 un \u00e9talon. Les enfants vont tenter de la sauver en faisant exploser l&rsquo;\u00e9glise locale et en demandant \u00e0 Abel de couper d&rsquo;un tir miraculeux la corde au cou de sa m\u00e8re.<\/p>\n<p class=\"ap-StoryElement ap-StoryElement--mb ap-StoryText\">Il y a des \u00e9pisodes dans lesquels peut surgir l&rsquo;\u00e9trange comme celui du duel o\u00f9 la cause suit l&rsquo;effet et pas le contraire.<\/p>\n<p class=\"ap-StoryElement ap-StoryElement--mb ap-StoryText\">On croise un docteur, un juge, des Indiens qui chassent les baleines ou encore le Ma\u00eetre, le gourou d&rsquo;Abel qui lui apprend \u00e0 ma\u00eetriser ses peurs en lui expliquant : \u00ab\u00a0Mourir n&rsquo;est pas le probl\u00e8me. Un pistolero n&rsquo;a pas peur de mourir. Il a peur d&rsquo;\u00e9chouer. Tirer est une mani\u00e8re d&rsquo;exister, dramatique et rare. D\u00e9couvrir qu&rsquo;on n&rsquo;est pas \u00e0 la hauteur, voil\u00e0 qui fait peur. \u00c0 c\u00f4t\u00e9, mourir est une promenade.\u00a0\u00bb<\/p>\n<p class=\"ap-StoryElement ap-StoryElement--mb ap-StoryText\">Trois femmes entourent Abel : Lilith, une bruja (une sorci\u00e8re), et Hallelujah Wood avec qui il entretient une relation \u00e9pisodique. \u00ab\u00a0Elle passe dans ma vie sans s&rsquo;arr\u00eater, je le sais. Je suis son homme, elle est ma femme. Nous passons sans nous arr\u00eater, c&rsquo;est entendu ainsi.\u00a0\u00bb<\/p>\n<p><a href=\"https:\/\/www.lalibre.be\/culture\/livres-bd\/2015\/07\/10\/le-poche-de-la-semaine-alessandro-baricco-mr-gwyn-WYLBN63ZSBAXLNNOTWBB4NBMP4\/\" target=\"_blank\" rel=\"noopener noreferrer nofollow\" class=\"ap-StoryInterstitialLink ap-StoryElement ap-StoryElement--mb\">Alessandro Baricco, \u00ab\u00a0Mr Gwyn\u00a0\u00bb<\/a><\/p>\n<p class=\"ap-StoryElement ap-StoryElement--mb ap-StoryText\">Alessandro Baricco m\u00eale \u00e0 son r\u00e9cit des r\u00e9f\u00e9rences m\u00e9taphysiques et philosophiques, \u00e0 la Bible, \u00e0 Aristote, Platon et Hume.<\/p>\n<p class=\"ap-StoryElement ap-StoryElement--mb ap-StoryText\">Le roman devient un puzzle dont chaque pi\u00e8ce est un chapitre avec un questionnement existentiel, une r\u00e9flexion sur la vie, la justice et ses fondements, les cons\u00e9quences de nos actes.<\/p>\n<p class=\"ap-StoryElement ap-StoryElement--mb ap-StoryText\">M\u00eame si on peut parfois se perdre dans ce r\u00e9cit \u00e9clat\u00e9, l&rsquo;\u00e9criture de Baricco est port\u00e9e par une belle po\u00e9sie et par la force des grands espaces du western.<\/p>\n<p class=\"ap-StoryElement ap-StoryElement--mb ap-StoryText\">\u21d2 <b>Abel<\/b> | Roman | Alessandro Baricco, traduit de l&rsquo;italien par Lise Caillat | Gallimard, 166 pp. 20,50 \u20ac, num\u00e9rique 14 \u20ac<\/p>\n<p class=\"ap-StoryElement ap-StoryElement--mb ap-StoryText\"><b>EXTRAIT<\/b><\/p>\n<p class=\"ap-StoryElement ap-StoryElement--mb ap-StoryText\">\u00ab\u00a0Mais pourquoi ces nuits sans sommeil, et cette terreur dans l&rsquo;obscurit\u00e9, quand personne ne peut me faire du mal ? De quelle terre, de quel ventre viennent les d\u00e9mons qui au coucher du soleil serpentent sournoisement \u00e0 ma rencontre pour nicher dans mon \u00e2me, et d\u00e9poser les \u0153ufs de la folie dans les replis de ma joie ? \u00c0 quoi bon alors garder le dos droit face au regard des hommes et \u00e0 leurs pistolets, si de toute fa\u00e7on la peur se tapit dans la caverne de mes nuits ?\u00a0\u00bb<\/p>\n","protected":false},"excerpt":{"rendered":"Abel est un livre d\u00e9routant, difficilement classable. Baricco l&rsquo;a qualifi\u00e9 de western m\u00e9taphysique, deux mots rarement associ\u00e9s. Qui&hellip;\n","protected":false},"author":2,"featured_media":126984,"comment_status":"","ping_status":"","sticky":false,"template":"","format":"standard","meta":{"footnotes":""},"categories":[1357],"tags":[1379,1154,58,59,3057,1011,27,1227,1380],"class_list":{"0":"post-126983","1":"post","2":"type-post","3":"status-publish","4":"format-standard","5":"has-post-thumbnail","7":"category-livres","8":"tag-books","9":"tag-cycling","10":"tag-divertissement","11":"tag-entertainment","12":"tag-essential","13":"tag-fr","14":"tag-france","15":"tag-horizontal","16":"tag-livres"},"share_on_mastodon":{"url":"https:\/\/pubeurope.com\/@fr\/114568617318302225","error":""},"_links":{"self":[{"href":"https:\/\/www.europesays.com\/fr\/wp-json\/wp\/v2\/posts\/126983","targetHints":{"allow":["GET"]}}],"collection":[{"href":"https:\/\/www.europesays.com\/fr\/wp-json\/wp\/v2\/posts"}],"about":[{"href":"https:\/\/www.europesays.com\/fr\/wp-json\/wp\/v2\/types\/post"}],"author":[{"embeddable":true,"href":"https:\/\/www.europesays.com\/fr\/wp-json\/wp\/v2\/users\/2"}],"replies":[{"embeddable":true,"href":"https:\/\/www.europesays.com\/fr\/wp-json\/wp\/v2\/comments?post=126983"}],"version-history":[{"count":0,"href":"https:\/\/www.europesays.com\/fr\/wp-json\/wp\/v2\/posts\/126983\/revisions"}],"wp:featuredmedia":[{"embeddable":true,"href":"https:\/\/www.europesays.com\/fr\/wp-json\/wp\/v2\/media\/126984"}],"wp:attachment":[{"href":"https:\/\/www.europesays.com\/fr\/wp-json\/wp\/v2\/media?parent=126983"}],"wp:term":[{"taxonomy":"category","embeddable":true,"href":"https:\/\/www.europesays.com\/fr\/wp-json\/wp\/v2\/categories?post=126983"},{"taxonomy":"post_tag","embeddable":true,"href":"https:\/\/www.europesays.com\/fr\/wp-json\/wp\/v2\/tags?post=126983"}],"curies":[{"name":"wp","href":"https:\/\/api.w.org\/{rel}","templated":true}]}}