{"id":126990,"date":"2025-05-25T13:08:11","date_gmt":"2025-05-25T13:08:11","guid":{"rendered":"https:\/\/www.europesays.com\/fr\/126990\/"},"modified":"2025-05-25T13:08:11","modified_gmt":"2025-05-25T13:08:11","slug":"sexologie-quels-sont-les-dangers-du-somnambulisme-sexuel","status":"publish","type":"post","link":"https:\/\/www.europesays.com\/fr\/126990\/","title":{"rendered":"Sexologie. Quels sont les dangers du somnambulisme sexuel ?"},"content":{"rendered":"<p>\u00ab Cela reste tr\u00e8s rare \u00bb, constate S\u00e9bastien Garnero, docteur en psychologie et sexologue, qui n\u2019a rencontr\u00e9 au cours de sa carri\u00e8re qu\u2019une poign\u00e9e de cas de personnes souffrant de sexomnie. Autrement dit, un trouble du sommeil \u2013 faisant partie des parasomnies \u2013 qui implique, dans le cas pr\u00e9sent, un comportement sexuel : en solo \u00e0 travers la masturbation ou en impliquant le ou la partenaire (caresses, frottements, acte sexuel\u2026). Il pr\u00e9cise : \u00e0 l\u2019image du somnambulisme, \u00ab le patient est inconscient \u00bb.<\/p>\n<p>Pas de conscience\u2026<\/p>\n<p>Dans une th\u00e8se r\u00e9alis\u00e9e sur le sujet, Tuong Bao Truong (Universit\u00e9 de Caen Normandie) pr\u00e9cise que \u00ab durant ces \u00e9pisodes, le sujet est confus et pr\u00e9sente une amn\u00e9sie partielle voire compl\u00e8te \u00bb. La sexomnie ne doit pas \u00eatre confondue avec \u00ab les \u00e9rections nocturnes qui se produisent de mani\u00e8re physiologique chez les hommes en raison d\u2019une vasodilatation involontaire du p\u00e9nis \u00bb.<\/p>\n<p>\u00ab Le diagnostic n\u2019est pas ais\u00e9 \u00bb, reprend S\u00e9bastien Garnero qui a rencontr\u00e9 le cas aupr\u00e8s de \u00ab jeunes adultes masculins. Bien souvent c\u2019est le partenaire qui s\u2019en aper\u00e7oit \u00bb. Avec des cons\u00e9quences potentiellement graves : \u00ab faute de consentement \u00bb et \u00e9tant donn\u00e9 que la personne n\u2019est pas v\u00e9ritablement consciente, le risque sous-jacent d\u2019agression sexuelle et donc de responsabilit\u00e9 p\u00e9nale existent.<\/p>\n<p>Des facteurs associ\u00e9s<\/p>\n<p>Sur le plan clinique, le psycho-sexologue a pu constater que ces cas de sexomnie \u00e9taient rarement isol\u00e9s. \u00ab Ils peuvent \u00eatre associ\u00e9s \u00e0 l\u2019existence de troubles anxieux et\/ou du sommeil (apn\u00e9es\u2026) voire \u00e0 des addictions (substances, pornographie\u2026) \u00bb, d\u00e9crit-il. Des ant\u00e9c\u00e9dents de somnambulisme ou de somniloquie ? On ne les retrouve \u00ab pas de fa\u00e7on syst\u00e9matique \u00bb.<\/p>\n<p>\u00c0\u00a0l\u2019image du diagnostic, la prise en charge peut aussi s\u2019av\u00e9rer complexe et tr\u00e8s d\u00e9pendante d\u2019un patient \u00e0 un autre. \u00ab En pr\u00e9sence de troubles du sommeil \u00e9valu\u00e9s par polysomnographie \u00bb, encha\u00eene S\u00e9bastien Garnero, \u00ab l\u2019enjeu consiste d\u2019abord \u00e0 les traiter et \u00e0 r\u00e9guler le sommeil. Ce qui passe donc par une bonne hygi\u00e8ne de celui-ci \u00bb. Il cite \u00e9galement \u00ab les th\u00e9rapies cognitivo-comportementales voire une approche au niveau sexologique, afin par exemple d\u2019explorer la pr\u00e9sence ou non de probl\u00e9matiques sp\u00e9cifiques comme des ph\u00e9nom\u00e8nes d\u2019inhibition ou, au contraire, de d\u00e9sinhibition \u00bb. A noter enfin, que selon certains travaux, l\u2019hypnose peut aussi \u00eatre pr\u00e9conis\u00e9e.<\/p>\n","protected":false},"excerpt":{"rendered":"\u00ab Cela reste tr\u00e8s rare \u00bb, constate S\u00e9bastien Garnero, docteur en psychologie et sexologue, qui n\u2019a rencontr\u00e9 au&hellip;\n","protected":false},"author":2,"featured_media":126991,"comment_status":"","ping_status":"","sticky":false,"template":"","format":"standard","meta":{"footnotes":""},"categories":[10],"tags":[107,1011,27,329,72,1031,5362,71,16936],"class_list":{"0":"post-126990","1":"post","2":"type-post","3":"status-publish","4":"format-standard","5":"has-post-thumbnail","7":"category-sante","8":"tag-fil-info","9":"tag-fr","10":"tag-france","11":"tag-france-monde","12":"tag-health","13":"tag-magazine","14":"tag-magazine-sante","15":"tag-sante","16":"tag-sexologie"},"share_on_mastodon":{"url":"https:\/\/pubeurope.com\/@fr\/114568632977373590","error":""},"_links":{"self":[{"href":"https:\/\/www.europesays.com\/fr\/wp-json\/wp\/v2\/posts\/126990","targetHints":{"allow":["GET"]}}],"collection":[{"href":"https:\/\/www.europesays.com\/fr\/wp-json\/wp\/v2\/posts"}],"about":[{"href":"https:\/\/www.europesays.com\/fr\/wp-json\/wp\/v2\/types\/post"}],"author":[{"embeddable":true,"href":"https:\/\/www.europesays.com\/fr\/wp-json\/wp\/v2\/users\/2"}],"replies":[{"embeddable":true,"href":"https:\/\/www.europesays.com\/fr\/wp-json\/wp\/v2\/comments?post=126990"}],"version-history":[{"count":0,"href":"https:\/\/www.europesays.com\/fr\/wp-json\/wp\/v2\/posts\/126990\/revisions"}],"wp:featuredmedia":[{"embeddable":true,"href":"https:\/\/www.europesays.com\/fr\/wp-json\/wp\/v2\/media\/126991"}],"wp:attachment":[{"href":"https:\/\/www.europesays.com\/fr\/wp-json\/wp\/v2\/media?parent=126990"}],"wp:term":[{"taxonomy":"category","embeddable":true,"href":"https:\/\/www.europesays.com\/fr\/wp-json\/wp\/v2\/categories?post=126990"},{"taxonomy":"post_tag","embeddable":true,"href":"https:\/\/www.europesays.com\/fr\/wp-json\/wp\/v2\/tags?post=126990"}],"curies":[{"name":"wp","href":"https:\/\/api.w.org\/{rel}","templated":true}]}}