{"id":1270,"date":"2025-04-02T23:48:13","date_gmt":"2025-04-02T23:48:13","guid":{"rendered":"https:\/\/www.europesays.com\/fr\/1270\/"},"modified":"2025-04-02T23:48:13","modified_gmt":"2025-04-02T23:48:13","slug":"avec-la-fermeture-du-reseau-cuivre-que-va-faire-orange-de-tout-son-magot-enterre-sous-nos-pieds","status":"publish","type":"post","link":"https:\/\/www.europesays.com\/fr\/1270\/","title":{"rendered":"Avec la fermeture du r\u00e9seau cuivre, que va faire Orange de tout son magot enterr\u00e9 sous nos pieds\u00a0?"},"content":{"rendered":"<p>Le signal a \u00e9t\u00e9 d\u00e9finitivement coup\u00e9. Depuis ce mercredi, Rennes est la premi\u00e8re grande ville de France \u00e0 faire ses adieux \u00e0 l\u2019ADSL, cette technologie qui a permis l\u2019arriv\u00e9e de l\u2019Internet haut d\u00e9bit dans les foyers fran\u00e7ais dans les ann\u00e9es\u00a02000. Le d\u00e9ploiement progressif de <a href=\"https:\/\/www.20minutes.fr\/dossier\/fibre_optique\" class=\"color-ultramarine c-link\" rel=\"nofollow noopener\" target=\"_blank\">la fibre optique<\/a> a en effet donn\u00e9 un sacr\u00e9 coup de vieux au r\u00e9seau cuivre, dont les prises en forme de T permettent encore \u00e0 certains de t\u00e9l\u00e9phoner et de naviguer sur la Toile.<\/p>\n<p>Avec la mont\u00e9e en puissance de nouveaux usages qui n\u00e9cessitent toujours plus de bande passante, le bon vieux r\u00e9seau d\u00e9ploy\u00e9 massivement dans les ann\u00e9es\u00a01970 par France T\u00e9l\u00e9com est aujourd\u2019hui incapable de suivre la cadence. Quatre fois plus \u00e9nergivore que la fibre, le r\u00e9seau cuivre co\u00fbte \u00e9galement tr\u00e8s cher \u00e0 l\u2019op\u00e9rateur historique, devenu entre-temps <a href=\"https:\/\/www.20minutes.fr\/dossier\/orange\" class=\"color-ultramarine c-link\" rel=\"nofollow noopener\" target=\"_blank\">Orange<\/a>, qui investit 500\u00a0millions d\u2019euros chaque ann\u00e9e pour entretenir le million de kilom\u00e8tres de c\u00e2bles enterr\u00e9s sous nos pieds et les 15\u00a0millions de poteaux install\u00e9s sur le territoire.<\/p>\n<p>Une fermeture progressive jusqu\u2019en\u00a02030<\/p>\n<p>Autant de raisons qui ont sign\u00e9 l\u2019arr\u00eat de mort du cuivre, act\u00e9 fin\u00a02019. Mais d\u00e9brancher tout ce r\u00e9seau ne se fait pas en un claquement de doigts sachant que des millions de lignes, tous op\u00e9rateurs confondus, sont encore actives. La disparition du cuivre va donc se faire <a href=\"https:\/\/www.20minutes.fr\/societe\/4111570-20240923-comment-orange-va-prendre-eteindre-progressivement-vieux-reseau-cuivre\" class=\"color-ultramarine c-link\" rel=\"nofollow noopener\" target=\"_blank\">de mani\u00e8re progressive jusqu\u2019en\u00a02030<\/a>. Ce vaste chantier a d\u00e9marr\u00e9 le 31\u00a0janvier 2025 avec 162 petites communes d\u00e9branch\u00e9es, juste avant Rennes. Et d\u2019ici \u00e0\u00a02030, toutes les communes fran\u00e7aises suivront, avec une fermeture du r\u00e9seau par lots qui aura lieu chaque ann\u00e9e.<\/p>\n<p>\u00ab\u00a0Les zones de fermeture sont d\u00e9termin\u00e9es en fonction de crit\u00e8res d\u2019\u00e9ligibilit\u00e9 comme l\u2019avanc\u00e9e du d\u00e9ploiement de la fibre dans telle ou telle commune ou le nombre de lignes qui sont encore actives sur le r\u00e9seau cuivre\u00a0\u00bb, souligne Eric Grand, directeur d\u2019Orange dans le Grand Ouest. Pendant au moins cinq ann\u00e9es, les agents de l\u2019op\u00e9rateur vont donc avoir du boulot pour retirer tous les c\u00e2bles de cuivre enterr\u00e9s dans le sol. \u00ab\u00a0On a d\u00e9j\u00e0 commenc\u00e9 \u00e0 en enlever mais c\u2019est vrai que \u00e7a va s\u2019acc\u00e9l\u00e9rer dans les prochains mois\u00a0\u00bb, indique Jan Charny, chef du projet arr\u00eat du cuivre pour Orange dans le Grand Ouest.<\/p>\n<p>Un tr\u00e9sor enfoui de plusieurs milliards d\u2019euros<\/p>\n<p>Colossal, le chantier est aussi sensible. Car si ces fils enrob\u00e9s de plastique ne serviront bient\u00f4t plus \u00e0 rien, ils valent tout de m\u00eame de l\u2019or, avec un prix de la tonne de cuivre qui s\u2019est envol\u00e9 ces derni\u00e8res ann\u00e9es pour s\u2019approcher des 9.000 euros. Un tr\u00e9sor cach\u00e9 sous terre qui suscite bien des convoitises,<a href=\"https:\/\/www.20minutes.fr\/societe\/4128995-20241213-bretagne-gendarmerie-invite-population-denoncer-voleurs-cuivre\" class=\"color-ultramarine c-link\" rel=\"nofollow noopener\" target=\"_blank\"> avec des vols qui explosent<\/a>. Rien qu\u2019au premier semestre\u00a02024, Orange a ainsi enregistr\u00e9 plus de 1.300 vols sur son r\u00e9seau, contre 1.500 sur toute l\u2019ann\u00e9e\u00a02023 et 200 en\u00a02021. \u00ab\u00a0C\u2019est infernal\u00a0\u00bb, assure Eric Grand, \u00e9voquant le chiffre \u00ab\u00a0d\u2019un vol par jour\u00a0\u00bb sur sa zone. \u00ab\u00a0Mais je n\u2019en dirai pas plus pour ne pas donner de mauvaises id\u00e9es\u00a0\u00bb, pr\u00e9vient-il.<\/p>\n<\/p>\n<p>On l\u2019aura compris, chaque chantier de d\u00e9pose du r\u00e9seau cuivre se fera donc sous \u00e9troite surveillance et dans la plus grande discr\u00e9tion. Une fois le magot cach\u00e9 sous terre r\u00e9cup\u00e9r\u00e9, il sera confi\u00e9 <a href=\"https:\/\/www.20minutes.fr\/planete\/4122236-20241120-france-pourrait-mieux-recycler-dechets-metalliques-pointe-rapport\" class=\"color-ultramarine c-link\" rel=\"nofollow noopener\" target=\"_blank\">\u00e0 des entreprises de recyclage<\/a> pour \u00eatre revendu. Un tr\u00e9sor que le quotidien La Tribune avait estim\u00e9 en\u00a02022 \u00e0 plus de 8\u00a0milliards d\u2019euros, un chiffre que l\u2019op\u00e9rateur n\u2019avait pas confirm\u00e9, le jugeant m\u00eame \u00ab\u00a0excessivement \u00e9lev\u00e9.\u00a0\u00bb \u00ab\u00a0Ce d\u00e9mant\u00e8lement a aussi un co\u00fbt, et l\u2019argent r\u00e9cup\u00e9r\u00e9 servira \u00e0 financer le co\u00fbt du chantier\u00a0\u00bb, pr\u00e9cise Eric Grand, qui n\u2019en dira pas plus.<\/p>\n","protected":false},"excerpt":{"rendered":"Le signal a \u00e9t\u00e9 d\u00e9finitivement coup\u00e9. Depuis ce mercredi, Rennes est la premi\u00e8re grande ville de France \u00e0&hellip;\n","protected":false},"author":2,"featured_media":1271,"comment_status":"","ping_status":"","sticky":false,"template":"","format":"standard","meta":{"footnotes":""},"categories":[6],"tags":[47,35,961,33,34,960,27,964,142,310,966,962,738,104,965,963],"class_list":{"0":"post-1270","1":"post","2":"type-post","3":"status-publish","4":"format-standard","5":"has-post-thumbnail","7":"category-economie","8":"tag-actualite","9":"tag-business","10":"tag-cuivre","11":"tag-economie","12":"tag-economy","13":"tag-fibre-optique","14":"tag-france","15":"tag-france-telecom","16":"tag-high-tech","17":"tag-internet","18":"tag-metaux","19":"tag-nouvelles-technologies","20":"tag-orange","21":"tag-societe","22":"tag-telecommunications","23":"tag-telephonie"},"share_on_mastodon":{"url":"https:\/\/pubeurope.com\/@fr\/114271047116941799","error":""},"_links":{"self":[{"href":"https:\/\/www.europesays.com\/fr\/wp-json\/wp\/v2\/posts\/1270","targetHints":{"allow":["GET"]}}],"collection":[{"href":"https:\/\/www.europesays.com\/fr\/wp-json\/wp\/v2\/posts"}],"about":[{"href":"https:\/\/www.europesays.com\/fr\/wp-json\/wp\/v2\/types\/post"}],"author":[{"embeddable":true,"href":"https:\/\/www.europesays.com\/fr\/wp-json\/wp\/v2\/users\/2"}],"replies":[{"embeddable":true,"href":"https:\/\/www.europesays.com\/fr\/wp-json\/wp\/v2\/comments?post=1270"}],"version-history":[{"count":0,"href":"https:\/\/www.europesays.com\/fr\/wp-json\/wp\/v2\/posts\/1270\/revisions"}],"wp:featuredmedia":[{"embeddable":true,"href":"https:\/\/www.europesays.com\/fr\/wp-json\/wp\/v2\/media\/1271"}],"wp:attachment":[{"href":"https:\/\/www.europesays.com\/fr\/wp-json\/wp\/v2\/media?parent=1270"}],"wp:term":[{"taxonomy":"category","embeddable":true,"href":"https:\/\/www.europesays.com\/fr\/wp-json\/wp\/v2\/categories?post=1270"},{"taxonomy":"post_tag","embeddable":true,"href":"https:\/\/www.europesays.com\/fr\/wp-json\/wp\/v2\/tags?post=1270"}],"curies":[{"name":"wp","href":"https:\/\/api.w.org\/{rel}","templated":true}]}}