{"id":127000,"date":"2025-05-25T13:13:07","date_gmt":"2025-05-25T13:13:07","guid":{"rendered":"https:\/\/www.europesays.com\/fr\/127000\/"},"modified":"2025-05-25T13:13:07","modified_gmt":"2025-05-25T13:13:07","slug":"a-calcutta-le-pere-laurent-oeuvre-pour-sauver-400-enfants-des-griffes-de-la-misere","status":"publish","type":"post","link":"https:\/\/www.europesays.com\/fr\/127000\/","title":{"rendered":"\u00e0 Calcutta, le p\u00e8re Laurent \u0153uvre pour sauver 400 enfants des griffes de la mis\u00e8re"},"content":{"rendered":"<p data-module=\"fig-standfirst\" data-context=\"@media (min-width:48em)\"><strong>GRAND REPORTAGE<\/strong> &#8211; Dans cette ville indienne surpeupl\u00e9e et marqu\u00e9e par une pauvret\u00e9 extr\u00eame, le p\u00e8re Laurent est un missionnaire, un messager de l\u2019espoir, dans la lign\u00e9e du nouveau pape L\u00e9on XIV.<\/p>\n<p class=\"fig-paragraph fig-paragraph--dropped\">\u00ab Que le Seigneur vous b\u00e9nisse ainsi que l\u2019enfant dans votre sein.\u00a0\u00bb Assise \u00e0 l\u2019int\u00e9rieur de son abri de fortune, Pinky, 18 ans, drap\u00e9e d\u2019un \u00e9l\u00e9gant sari rouge vif avec un anneau d\u2019or au nez, \u00e9coute avec attention cet homme qui, avec un fort accent fran\u00e7ais, s\u2019applique \u00e0 prononcer d\u2019une traite ces quelques mots de b\u00e9n\u00e9diction en bengali. Le moment est important. Dans un mois, si les 33 millions de dieux hindous y consentent, elle mettra au monde son premier enfant au milieu de l\u2019horreur du bidonville de Coal Depot, \u00e0 Howrah, ville jumelle de\u00a0<a href=\"https:\/\/www.lefigaro.fr\/international\/2018\/07\/17\/01003-20180717ARTFIG00298-en-inde-les-foyers-de-mere-teresa-au-coeur-d-un-scandale-de-trafic-d-enfants.php\" data-fig-type=\"Article\" data-gtm-custom-categorie=\"navigation\" data-gtm-custom-action=\"crossclick\" data-gtm-custom-label=\"Contextuel\" data-gtm-event=\"customEventSPE\" data-fig-domain=\"LEFIGARO\" target=\"_blank\" rel=\"noopener\">Calcutta<\/a>. En attendant, Pinky se raccroche \u00e0 tout ce qu\u2019elle peut pour esp\u00e9rer un avenir meilleur pour son enfant, autant dire un miracle.<\/p>\n<p class=\"fig-paragraph fig-paragraph--dropped\">Face \u00e0 elle, le p\u00e8re Laurent Bissara, 53 ans, pose d\u00e9licatement ses mains sur la t\u00eate de la future maman dans un geste de protection. Dans sa longue kurta safran, avec sa croix en bois sur la poitrine et sa barbe ch\u00e2taigne, le pr\u00eatre missionnaire semble sortir tout droit du c\u00e9l\u00e8bre roman La Cit\u00e9 de la joie. Et\u2026<\/p>\n<p class=\"fig-premium-paywall__infos\">\n        Cet article est r\u00e9serv\u00e9 aux abonn\u00e9s.        Il vous reste 93% \u00e0 d\u00e9couvrir.\n    <\/p>\n<p>                <img  data- alt=\"Le Figaro\" class=\"fig-img--complete fig-img\"\/><\/p>\n<p class=\"fig-premium-paywall__title\">Vente Flash<\/p>\n<p class=\"fig-premium-paywall__subtitle\">4,99\u20ac par mois pendant 12 mois. Sans engagement.<\/p>\n<p class=\"fig-premium-paywall__connect\">\n                D\u00e9j\u00e0 abonn\u00e9\u00a0?                <a class=\"fig-premium-paywall__connect-link\" href=\"https:\/\/connect.lefigaro.fr\/login?client=horizon_web&amp;type=main&amp;redirect_uri=https%3A%2F%2Fwww.lefigaro.fr%2Finternational%2Fa-calcutta-le-pere-laurent-oeuvre-pour-sauver-400-enfants-des-griffes-de-la-misere-20250525\" data-js-gtm=\"{&quot;customCategorie&quot;: &quot;conversion&quot;, &quot;customAction&quot;: &quot;before_Landing_Connexion_paywall_auto&quot;, &quot;customLabel&quot;: &quot;bGVmaWdhcm8uZnJfXzFmMDM2MmZhLWEwZTYtNjI0Yy1iYzNlLWYzYjdiNmYyYzJmM19fQXJ0aWNsZQ==_\u00abCette ville, c\u2019est l\u2019horreur et la merveille en m\u00eame temps\u00bb: \u00e0 Calcutta, le p\u00e8re Laurent \u0153uvre pour sauver 400 enfants des griffes de la mis\u00e8re_309&quot;, &quot;customIDSPE&quot;: &quot;bGVmaWdhcm8uZnJfXzFmMDM2MmZhLWEwZTYtNjI0Yy1iYzNlLWYzYjdiNmYyYzJmM19fQXJ0aWNsZQ==&quot;, &quot;event&quot;: &quot;customEventSPE&quot;}\" target=\"_blank\" rel=\"noopener\"><br \/>\n                    Connectez-vous<br \/>\n                <\/a>\n            <\/p>\n","protected":false},"excerpt":{"rendered":"GRAND REPORTAGE &#8211; Dans cette ville indienne surpeupl\u00e9e et marqu\u00e9e par une pauvret\u00e9 extr\u00eame, le p\u00e8re Laurent est&hellip;\n","protected":false},"author":2,"featured_media":127001,"comment_status":"","ping_status":"","sticky":false,"template":"","format":"standard","meta":{"footnotes":""},"categories":[5],"tags":[259,11,260,25056,1011,27,5595,14,261,12,262,28],"class_list":{"0":"post-127000","1":"post","2":"type-post","3":"status-publish","4":"format-standard","5":"has-post-thumbnail","7":"category-international","8":"tag-actualite-internationale","9":"tag-actualites","10":"tag-affaires-etrangeres","11":"tag-bidonville","12":"tag-fr","13":"tag-france","14":"tag-inde","15":"tag-international","16":"tag-ministere-des-affaires-etrangeres","17":"tag-news","18":"tag-politique-etrangere","19":"tag-world"},"share_on_mastodon":{"url":"https:\/\/pubeurope.com\/@fr\/114568652742078458","error":""},"_links":{"self":[{"href":"https:\/\/www.europesays.com\/fr\/wp-json\/wp\/v2\/posts\/127000","targetHints":{"allow":["GET"]}}],"collection":[{"href":"https:\/\/www.europesays.com\/fr\/wp-json\/wp\/v2\/posts"}],"about":[{"href":"https:\/\/www.europesays.com\/fr\/wp-json\/wp\/v2\/types\/post"}],"author":[{"embeddable":true,"href":"https:\/\/www.europesays.com\/fr\/wp-json\/wp\/v2\/users\/2"}],"replies":[{"embeddable":true,"href":"https:\/\/www.europesays.com\/fr\/wp-json\/wp\/v2\/comments?post=127000"}],"version-history":[{"count":0,"href":"https:\/\/www.europesays.com\/fr\/wp-json\/wp\/v2\/posts\/127000\/revisions"}],"wp:featuredmedia":[{"embeddable":true,"href":"https:\/\/www.europesays.com\/fr\/wp-json\/wp\/v2\/media\/127001"}],"wp:attachment":[{"href":"https:\/\/www.europesays.com\/fr\/wp-json\/wp\/v2\/media?parent=127000"}],"wp:term":[{"taxonomy":"category","embeddable":true,"href":"https:\/\/www.europesays.com\/fr\/wp-json\/wp\/v2\/categories?post=127000"},{"taxonomy":"post_tag","embeddable":true,"href":"https:\/\/www.europesays.com\/fr\/wp-json\/wp\/v2\/tags?post=127000"}],"curies":[{"name":"wp","href":"https:\/\/api.w.org\/{rel}","templated":true}]}}