{"id":127004,"date":"2025-05-25T13:15:12","date_gmt":"2025-05-25T13:15:12","guid":{"rendered":"https:\/\/www.europesays.com\/fr\/127004\/"},"modified":"2025-05-25T13:15:12","modified_gmt":"2025-05-25T13:15:12","slug":"un-enfant-perd-ses-deux-parents-dans-deux-accidents-de-la-route-le-meme-jour","status":"publish","type":"post","link":"https:\/\/www.europesays.com\/fr\/127004\/","title":{"rendered":"Un enfant perd ses deux parents dans deux accidents de la route le m\u00eame jour"},"content":{"rendered":"<p>Trag\u00e9die au nord de B\u00e2ton-Rouge, en <a href=\"https:\/\/www.20minutes.fr\/dossier\/louisiane\" class=\"color-ultramarine c-link\" target=\"_blank\" rel=\"noopener\">Louisiane<\/a> (<a href=\"https:\/\/www.20minutes.fr\/monde\/etats-unis\/\" class=\"color-ultramarine c-link\" target=\"_blank\" rel=\"noopener\">Etats-Unis<\/a>), o\u00f9 un couple de fianc\u00e9s est d\u00e9c\u00e9d\u00e9 \u00e0 quelques heures d\u2019intervalle dans deux <a href=\"https:\/\/www.20minutes.fr\/dossier\/accident_de_la_route\" class=\"color-ultramarine c-link\" target=\"_blank\" rel=\"noopener\">accidents de la route<\/a> s\u00e9par\u00e9s, laissant leur fils de 4 ans orphelin. Dans la nuit du 16 au 17\u00a0mai, Alexus Lee, 25 ans, a perdu la vie apr\u00e8s avoir perdu le contr\u00f4le de son v\u00e9hicule vers 2 heures du matin, rapportent plusieurs m\u00e9dias locaux, dont la cha\u00eene <a href=\"https:\/\/www.wafb.com\/2025\/05\/21\/engaged-couple-dies-separate-crashes-leave-behind-young-son\/\" rel=\"nofollow noopener\" target=\"_blank\" class=\"color-ultramarine c-link\">WAFB<\/a>. Pr\u00e9venu par les forces de l\u2019ordre, son compagnon John \u00ab\u00a0JR\u00a0\u00bb Collins prend la route pour se rendre sur les lieux du drame. Mais en chemin, il perd lui aussi le contr\u00f4le de sa voiture, qui percute un arbre. \u00c9ject\u00e9 du v\u00e9hicule, il meurt sur le coup.<\/p>\n<p>Ni l\u2019un ni l\u2019autre ne portait sa ceinture de s\u00e9curit\u00e9, pr\u00e9cisent les autorit\u00e9s locales. Le couple, qui devait se marier en f\u00e9vrier\u00a02026. Leur fils Gabriel est d\u00e9sormais \u00e0 la charge des familles de ses parents. \u00ab\u00a0Il comprend ce qu\u2019il s\u2019est pass\u00e9, il a juste un peu de mal \u00e0 comprendre qu\u2019on ne puisse plus leur parler\u00a0\u00bb, confie Sandra Collins, la m\u00e8re de JR, \u00e0 la cha\u00eene WAFB.<\/p>\n<p>Une c\u00e9r\u00e9monie en hommage aux deux fianc\u00e9s a \u00e9t\u00e9 organis\u00e9e le 21\u00a0mai. \u00ab\u00a0Je les aime, ils vont me manquer, mais je trouverai la force d\u2019avancer\u00a0\u00bb, a d\u00e9clar\u00e9 le p\u00e8re de John Collins. Les proches ont affirm\u00e9 vouloir tout faire pour que Gabriel ait \u00ab\u00a0une belle vie\u00a0\u00bb.<\/p>\n","protected":false},"excerpt":{"rendered":"Trag\u00e9die au nord de B\u00e2ton-Rouge, en Louisiane (Etats-Unis), o\u00f9 un couple de fianc\u00e9s est d\u00e9c\u00e9d\u00e9 \u00e0 quelques heures&hellip;\n","protected":false},"author":2,"featured_media":127005,"comment_status":"","ping_status":"","sticky":false,"template":"","format":"standard","meta":{"footnotes":""},"categories":[2],"tags":[119,4376,47,11,73,118,1011,27,22815,12],"class_list":{"0":"post-127004","1":"post","2":"type-post","3":"status-publish","4":"format-standard","5":"has-post-thumbnail","7":"category-actualites","8":"tag-accident","9":"tag-accident-de-la-route","10":"tag-actualite","11":"tag-actualites","12":"tag-etats-unis","13":"tag-faits-divers","14":"tag-fr","15":"tag-france","16":"tag-louisiane","17":"tag-news"},"share_on_mastodon":{"url":"https:\/\/pubeurope.com\/@fr\/114568660451650547","error":""},"_links":{"self":[{"href":"https:\/\/www.europesays.com\/fr\/wp-json\/wp\/v2\/posts\/127004","targetHints":{"allow":["GET"]}}],"collection":[{"href":"https:\/\/www.europesays.com\/fr\/wp-json\/wp\/v2\/posts"}],"about":[{"href":"https:\/\/www.europesays.com\/fr\/wp-json\/wp\/v2\/types\/post"}],"author":[{"embeddable":true,"href":"https:\/\/www.europesays.com\/fr\/wp-json\/wp\/v2\/users\/2"}],"replies":[{"embeddable":true,"href":"https:\/\/www.europesays.com\/fr\/wp-json\/wp\/v2\/comments?post=127004"}],"version-history":[{"count":0,"href":"https:\/\/www.europesays.com\/fr\/wp-json\/wp\/v2\/posts\/127004\/revisions"}],"wp:featuredmedia":[{"embeddable":true,"href":"https:\/\/www.europesays.com\/fr\/wp-json\/wp\/v2\/media\/127005"}],"wp:attachment":[{"href":"https:\/\/www.europesays.com\/fr\/wp-json\/wp\/v2\/media?parent=127004"}],"wp:term":[{"taxonomy":"category","embeddable":true,"href":"https:\/\/www.europesays.com\/fr\/wp-json\/wp\/v2\/categories?post=127004"},{"taxonomy":"post_tag","embeddable":true,"href":"https:\/\/www.europesays.com\/fr\/wp-json\/wp\/v2\/tags?post=127004"}],"curies":[{"name":"wp","href":"https:\/\/api.w.org\/{rel}","templated":true}]}}