{"id":127006,"date":"2025-05-25T13:16:08","date_gmt":"2025-05-25T13:16:08","guid":{"rendered":"https:\/\/www.europesays.com\/fr\/127006\/"},"modified":"2025-05-25T13:16:08","modified_gmt":"2025-05-25T13:16:08","slug":"saint-etienne-apres-un-malaise-au-volant-un-sexagenaire-heurte-un-poteau-de-la-stas","status":"publish","type":"post","link":"https:\/\/www.europesays.com\/fr\/127006\/","title":{"rendered":"Saint-Etienne. Apr\u00e8s un malaise au volant, un sexag\u00e9naire heurte un poteau de la Stas"},"content":{"rendered":"<p>Ce dimanche, peu apr\u00e8s 10\u00a0h\u00a030, dix sapeurs-pompiers sont intervenus pour porter secours \u00e0 un homme de 65 ans qui venait de faire un malaise au volant de son v\u00e9hicule \u00e9lectrique avant de heurter un poteau supportant des c\u00e2bles de la Stas sans l\u2019endommager, rue Louis-Destre dans le quartier st\u00e9phanois de Terrenoire.<\/p>\n<p>\u00c0 l\u2019arriv\u00e9e des secours, le sexag\u00e9naire se trouvait en arr\u00eat cardio-respiratoire. Des premiers soins ont \u00e9t\u00e9 effectu\u00e9s sur place avant un transfert de la victime vers l\u2019h\u00f4pital Nord.<\/p>\n","protected":false},"excerpt":{"rendered":"Ce dimanche, peu apr\u00e8s 10\u00a0h\u00a030, dix sapeurs-pompiers sont intervenus pour porter secours \u00e0 un homme de 65 ans&hellip;\n","protected":false},"author":2,"featured_media":127007,"comment_status":"","ping_status":"","sticky":false,"template":"","format":"standard","meta":{"footnotes":""},"categories":[9653],"tags":[119,1111,11,2430,7539,1777,674,274,1011,27,3367,12,25,4001,7538],"class_list":{"0":"post-127006","1":"post","2":"type-post","3":"status-publish","4":"format-standard","5":"has-post-thumbnail","7":"category-saint-etienne","8":"tag-accident","9":"tag-actu","10":"tag-actualites","11":"tag-auvergne-rhone-alpes","12":"tag-edition-loire-sud","13":"tag-eu","14":"tag-europe","15":"tag-faits-divers-justice","16":"tag-fr","17":"tag-france","18":"tag-loire","19":"tag-news","20":"tag-republique-francaise","21":"tag-saint-etienne","22":"tag-saint-etienne-ville"},"share_on_mastodon":{"url":"https:\/\/pubeurope.com\/@fr\/114568664401524068","error":""},"_links":{"self":[{"href":"https:\/\/www.europesays.com\/fr\/wp-json\/wp\/v2\/posts\/127006","targetHints":{"allow":["GET"]}}],"collection":[{"href":"https:\/\/www.europesays.com\/fr\/wp-json\/wp\/v2\/posts"}],"about":[{"href":"https:\/\/www.europesays.com\/fr\/wp-json\/wp\/v2\/types\/post"}],"author":[{"embeddable":true,"href":"https:\/\/www.europesays.com\/fr\/wp-json\/wp\/v2\/users\/2"}],"replies":[{"embeddable":true,"href":"https:\/\/www.europesays.com\/fr\/wp-json\/wp\/v2\/comments?post=127006"}],"version-history":[{"count":0,"href":"https:\/\/www.europesays.com\/fr\/wp-json\/wp\/v2\/posts\/127006\/revisions"}],"wp:featuredmedia":[{"embeddable":true,"href":"https:\/\/www.europesays.com\/fr\/wp-json\/wp\/v2\/media\/127007"}],"wp:attachment":[{"href":"https:\/\/www.europesays.com\/fr\/wp-json\/wp\/v2\/media?parent=127006"}],"wp:term":[{"taxonomy":"category","embeddable":true,"href":"https:\/\/www.europesays.com\/fr\/wp-json\/wp\/v2\/categories?post=127006"},{"taxonomy":"post_tag","embeddable":true,"href":"https:\/\/www.europesays.com\/fr\/wp-json\/wp\/v2\/tags?post=127006"}],"curies":[{"name":"wp","href":"https:\/\/api.w.org\/{rel}","templated":true}]}}