{"id":127022,"date":"2025-05-25T13:29:09","date_gmt":"2025-05-25T13:29:09","guid":{"rendered":"https:\/\/www.europesays.com\/fr\/127022\/"},"modified":"2025-05-25T13:29:09","modified_gmt":"2025-05-25T13:29:09","slug":"des-panneaux-solaires-vont-ils-empecher-la-creation-dune-ligne-de-train-entre-rennes-et","status":"publish","type":"post","link":"https:\/\/www.europesays.com\/fr\/127022\/","title":{"rendered":"Des panneaux solaires vont-ils emp\u00eacher la cr\u00e9ation d\u2019une ligne de train entre Rennes et"},"content":{"rendered":"<p>Est-ce un projet qui menace le futur train entre Rennes et Foug\u00e8res\u00a0? Le collectif Fret (Foug\u00e8res Rennes en train), qui <a href=\"https:\/\/fougeres.maville.com\/actu\/actudet_-retour-du-train-a-fougeres-depuis-un-an-il-ne-s-est-rien-passe-_7-6580496_actu.Htm\" target=\"_self\" rel=\"noopener\">se bat pour la cr\u00e9ation d\u2019une ligne ferroviaire<\/a> entre la m\u00e9tropole et la sous-pr\u00e9fecture d\u2019Ille-et-Vilaine, a \u00e9crit un courrier \u00e0 la pr\u00e9fecture et aux \u00e9lus pour faire part de leur inqui\u00e9tude au sujet d\u2019un projet de Liffr\u00e9-Cormier communaut\u00e9.<\/p>\n<p>La communaut\u00e9 de communes a en effet lanc\u00e9 une r\u00e9flexion pour l\u2019implantation de panneaux solaires le long de l\u2019A84, sur des terrains d\u00e9laiss\u00e9s. Avan\u00e7ant <strong>\u00ab\u00a0la n\u00e9cessit\u00e9 de r\u00e9duire l\u2019impact carbone des transports\u00a0\u00bb,<\/strong> le collectif Fret <strong>\u00ab\u00a0ne peut que soutenir cette d\u00e9marche, si elle ne compromet pas la r\u00e9alisation de la voie ferr\u00e9e\u00a0\u00bb,<\/strong> peut-on lire dans le courrier.<\/p>\n<p>Trouver d\u2019autres terrains d\u00e9laiss\u00e9s<\/p>\n<p>Car ces terrains <strong>\u00ab\u00a0d\u00e9laiss\u00e9s\u00a0\u00bb,<\/strong> le long de l\u2019autoroute cr\u00e9\u00e9e dans les ann\u00e9es 1990, ont \u00e9t\u00e9 identifi\u00e9s par le bureau d\u2019\u00e9tudes Transamo, qui <strong>\u00ab\u00a0d\u00e9finit l\u2019axe de l\u2019A84\u00a0comme \u00e9tant le mieux adapt\u00e9 \u00e0 l\u2019implantation de cette voie ferr\u00e9e nouvelle\u00a0\u00bb,<\/strong> note le collectif. L\u2019\u00e9tude de faisabilit\u00e9, <a href=\"https:\/\/fougeres.maville.com\/actu\/actudet_-fougeres-agglomeration-va-bien-piloter-l-etude-sur-le-retour-du-train-_7-6663313_actu.Htm\" target=\"_self\" rel=\"noopener\">qui doit prochainement \u00eatre lanc\u00e9e<\/a>, <strong>\u00ab\u00a0adoptera tr\u00e8s certainement le m\u00eame trac\u00e9, en pr\u00e9cisant le parcours\u00a0\u00bb<\/strong>, ajoute le collectif.<\/p>\n<p>Les membres du Fret mettent donc en garde les \u00e9lus contre l\u2019implantation de panneaux solaires sur le parcours de la future voie ferr\u00e9e. <strong>\u00ab\u00a0Les communes travers\u00e9es par l\u2019autoroute doivent donc prendre en compte cette contrainte en recherchant des terrains d\u00e9laiss\u00e9s qui ne contrarient pas l\u2019implantation de la voie ferr\u00e9e\u00a0\u00bb,<\/strong> \u00e9crivent-ils.<\/p>\n<p>Le collectif demande de rester inform\u00e9 de l\u2019\u00e9tude de faisabilit\u00e9 et du cahier des charges, mais aussi des appels d\u2019offres et du lancement de comit\u00e9 de pilotage, auquel il demande d\u2019\u00eatre associ\u00e9.<\/p>\n<p>\u00a0<\/p>\n","protected":false},"excerpt":{"rendered":"Est-ce un projet qui menace le futur train entre Rennes et Foug\u00e8res\u00a0? Le collectif Fret (Foug\u00e8res Rennes en&hellip;\n","protected":false},"author":2,"featured_media":127023,"comment_status":"","ping_status":"","sticky":false,"template":"","format":"standard","meta":{"footnotes":""},"categories":[2821],"tags":[1111,11,829,4942,25058,1777,674,12854,1011,27,3052,12,13081,3086,584,25,13082,926,25057],"class_list":{"0":"post-127022","1":"post","2":"type-post","3":"status-publish","4":"format-standard","5":"has-post-thumbnail","7":"category-rennes","8":"tag-actu","9":"tag-actualites","10":"tag-bretagne","11":"tag-creation","12":"tag-empecher","13":"tag-eu","14":"tag-europe","15":"tag-fougeres","16":"tag-fr","17":"tag-france","18":"tag-ligne","19":"tag-news","20":"tag-panneaux","21":"tag-redon","22":"tag-rennes","23":"tag-republique-francaise","24":"tag-solaires","25":"tag-train","26":"tag-vont-ils"},"share_on_mastodon":{"url":"https:\/\/pubeurope.com\/@fr\/114568715603691227","error":""},"_links":{"self":[{"href":"https:\/\/www.europesays.com\/fr\/wp-json\/wp\/v2\/posts\/127022","targetHints":{"allow":["GET"]}}],"collection":[{"href":"https:\/\/www.europesays.com\/fr\/wp-json\/wp\/v2\/posts"}],"about":[{"href":"https:\/\/www.europesays.com\/fr\/wp-json\/wp\/v2\/types\/post"}],"author":[{"embeddable":true,"href":"https:\/\/www.europesays.com\/fr\/wp-json\/wp\/v2\/users\/2"}],"replies":[{"embeddable":true,"href":"https:\/\/www.europesays.com\/fr\/wp-json\/wp\/v2\/comments?post=127022"}],"version-history":[{"count":0,"href":"https:\/\/www.europesays.com\/fr\/wp-json\/wp\/v2\/posts\/127022\/revisions"}],"wp:featuredmedia":[{"embeddable":true,"href":"https:\/\/www.europesays.com\/fr\/wp-json\/wp\/v2\/media\/127023"}],"wp:attachment":[{"href":"https:\/\/www.europesays.com\/fr\/wp-json\/wp\/v2\/media?parent=127022"}],"wp:term":[{"taxonomy":"category","embeddable":true,"href":"https:\/\/www.europesays.com\/fr\/wp-json\/wp\/v2\/categories?post=127022"},{"taxonomy":"post_tag","embeddable":true,"href":"https:\/\/www.europesays.com\/fr\/wp-json\/wp\/v2\/tags?post=127022"}],"curies":[{"name":"wp","href":"https:\/\/api.w.org\/{rel}","templated":true}]}}